{"id":676,"date":"2020-05-18T16:00:41","date_gmt":"2020-05-18T15:00:41","guid":{"rendered":"http:\/\/sud.svmep.ch\/?p=676"},"modified":"2024-10-14T06:38:19","modified_gmt":"2024-10-14T05:38:19","slug":"svmep-demande-prolongation-delai-remise-notes-travaux-personnels-ecoles-professionnelles-commerciales-tie-cid-etc","status":"publish","type":"post","link":"https:\/\/sud.svmep.ch\/svmep\/svmep-demande-prolongation-delai-remise-notes-travaux-personnels-ecoles-professionnelles-commerciales-tie-cid-etc\/","title":{"rendered":"Le SVMEP demande une prolongation du d\u00e9lai pour la remise des notes des travaux personnels (TA, TIE, CID, etc)."},"content":{"rendered":"<div class=\"wp-block-post-date\"><time datetime=\"2020-05-18T16:00:41+02:00\">18 mai 2020<\/time><\/div>\n\n<h5>Courriel adress\u00e9 \u00e0 Mme Christine Rama, adjointe \u00e0 la DGEP<\/h5>\n<p style=\"font-weight: 400;\">Madame,<\/p>\n<p style=\"font-weight: 400;\">Interpell\u00e9 fr\u00e9quemment ces derniers jours par de nombreux\/euses enseignant.e.s des \u00e9coles professionnelles commerciales au sujet des d\u00e9lais impartis par certaines directions pour la correction et l\u2019\u00e9valuation des dossiers personnels des \u00e9l\u00e8ves (TA, CID, TIE, etc.), notre syndicat sollicite une intervention rapide de la DGEP.<\/p>\n<p style=\"font-weight: 400;\">En effet, certaines directions ont fix\u00e9 aux enseignant.e.s charg\u00e9.e.s de l\u2019\u00e9valuation de ces dossiers un d\u00e9lai extr\u00eamement court pour les corrections et la remise des notes. L\u2019\u00e9valuation implique des t\u00e2ches telles que : accuser r\u00e9ception des dossiers, soumettre le dossier au logiciel anti-plagiat, corriger les param\u00e8tres de bureautique et la ma\u00eetrise de la langue, v\u00e9rifier l\u2019exactitude et la qualit\u00e9 des contenus, s\u2019assurer du respect des consignes, proc\u00e9der \u00e0 une \u00e9valuation assortie de commentaires et, quand cela est pr\u00e9vu, soumettre les dossiers not\u00e9s insuffisants \u00e0 l\u2019expertise d\u2019un coll\u00e8gue. Tous types de dossier confondus, une ou un enseignant.e peut en avoir environ 40 \u00e0 corriger, auxquels peuvent s\u2019ajouter ceux d\u2019un.e coll\u00e8gue qui demande une double expertise.<\/p>\n<p style=\"font-weight: 400;\">Sous la pression d\u2019un d\u00e9lai trop court, ce travail, effectu\u00e9\u00a0<em>en sus<\/em>\u00a0d\u2019un enseignement \u00e0 distance, ne peut se faire de mani\u00e8re s\u00e9rieuse et professionnelle. De plus, les moyens informatiques personnels dont dispose chaque enseignant.e.s ne sont pas n\u00e9cessairement \u00e9quip\u00e9s pour faire ce travail rapidement.<\/p>\n<p style=\"font-weight: 400;\">C\u2019est pourquoi, et afin d\u2019\u00e9viter des in\u00e9galit\u00e9s de traitement, <strong>nous vous demandons d\u2019intervenir aupr\u00e8s des directions pour que les enseignant.e.s puissent corriger, \u00e9valuer et rendre les notes des dossiers personnels jusqu\u2019au 30 juin 2020<\/strong>. Cette date correspond au d\u00e9lai fix\u00e9 par la DGEP pour la remise des notes des TPA dans toutes les autres \u00e9coles professionnelles.<\/p>\n<p style=\"font-weight: 400;\">Nous vous prions de bien vouloir nous communiquer dans les plus brefs d\u00e9lais les d\u00e9terminations de la DGEP. Sans r\u00e9ponse de votre part, nous donnerons des instructions \u00e0 nos membres afin de d\u00e9cliner toute responsabilit\u00e9 en cas de recours par des \u00e9l\u00e8ves.<\/p>\n<p style=\"font-weight: 400;\">Dans cette attente, nous vous prions d\u2019agr\u00e9er, Madame, nos salutations distingu\u00e9es.<\/p>\n<p style=\"font-weight: 400;\">Le comit\u00e9 du SVMEP<\/p>","protected":false},"excerpt":{"rendered":"<p>18 mai 2020 Courriel adress\u00e9 \u00e0 Mme Christine Rama, adjointe \u00e0 la DGEP Madame, Interpell\u00e9 fr\u00e9quemment ces derniers jours par de nombreux\/euses enseignant.e.s des \u00e9coles professionnelles commerciales au sujet des [&hellip;]<\/p>\n","protected":false},"author":4,"featured_media":0,"comment_status":"closed","ping_status":"closed","sticky":false,"template":"","format":"standard","meta":{"footnotes":""},"categories":[10,22],"tags":[45],"class_list":["post-676","post","type-post","status-publish","format-standard","hentry","category-cdc","category-crise-covid-19","tag-enseignement"],"yoast_head":"<!-- This site is optimized with the Yoast SEO plugin v27.4 - https:\/\/yoast.com\/product\/yoast-seo-wordpress\/ -->\n<title>Le SVMEP demande une prolongation du d\u00e9lai pour la remise des notes des travaux personnels (TA, TIE, CID, etc). - svmep.ch<\/title>\n<meta name=\"robots\" content=\"index, follow, max-snippet:-1, max-image-preview:large, max-video-preview:-1\" \/>\n<link rel=\"canonical\" href=\"https:\/\/sud.svmep.ch\/svmep\/svmep-demande-prolongation-delai-remise-notes-travaux-personnels-ecoles-professionnelles-commerciales-tie-cid-etc\/\" \/>\n<meta property=\"og:locale\" content=\"fr_FR\" \/>\n<meta property=\"og:type\" content=\"article\" \/>\n<meta property=\"og:title\" content=\"Le SVMEP demande une prolongation du d\u00e9lai pour la remise des notes des travaux personnels (TA, TIE, CID, etc). - svmep.ch\" \/>\n<meta property=\"og:description\" content=\"18 mai 2020 Courriel adress\u00e9 \u00e0 Mme Christine Rama, adjointe \u00e0 la DGEP Madame, Interpell\u00e9 fr\u00e9quemment ces derniers jours par de nombreux\/euses enseignant.e.s des \u00e9coles professionnelles commerciales au sujet des [&hellip;]\" \/>\n<meta property=\"og:url\" content=\"https:\/\/sud.svmep.ch\/svmep\/svmep-demande-prolongation-delai-remise-notes-travaux-personnels-ecoles-professionnelles-commerciales-tie-cid-etc\/\" \/>\n<meta property=\"og:site_name\" content=\"svmep.ch\" \/>\n<meta property=\"article:published_time\" content=\"2020-05-18T15:00:41+00:00\" \/>\n<meta property=\"article:modified_time\" content=\"2024-10-14T05:38:19+00:00\" \/>\n<meta name=\"author\" content=\"svmep-webmaster\" \/>\n<meta name=\"twitter:card\" content=\"summary_large_image\" \/>\n<script type=\"application\/ld+json\" class=\"yoast-schema-graph\">{\"@context\":\"https:\\\/\\\/schema.org\",\"@graph\":[{\"@type\":\"Article\",\"@id\":\"https:\\\/\\\/sud.svmep.ch\\\/svmep\\\/svmep-demande-prolongation-delai-remise-notes-travaux-personnels-ecoles-professionnelles-commerciales-tie-cid-etc\\\/#article\",\"isPartOf\":{\"@id\":\"https:\\\/\\\/sud.svmep.ch\\\/svmep\\\/svmep-demande-prolongation-delai-remise-notes-travaux-personnels-ecoles-professionnelles-commerciales-tie-cid-etc\\\/\"},\"author\":{\"name\":\"svmep-webmaster\",\"@id\":\"https:\\\/\\\/sud.svmep.ch\\\/svmep\\\/#\\\/schema\\\/person\\\/c89c46f48a039b5e5bc4a8eeeab1aece\"},\"headline\":\"Le SVMEP demande une prolongation du d\u00e9lai pour la remise des notes des travaux personnels (TA, TIE, CID, etc).\",\"datePublished\":\"2020-05-18T15:00:41+00:00\",\"dateModified\":\"2024-10-14T05:38:19+00:00\",\"mainEntityOfPage\":{\"@id\":\"https:\\\/\\\/sud.svmep.ch\\\/svmep\\\/svmep-demande-prolongation-delai-remise-notes-travaux-personnels-ecoles-professionnelles-commerciales-tie-cid-etc\\\/\"},\"wordCount\":396,\"publisher\":{\"@id\":\"https:\\\/\\\/sud.svmep.ch\\\/svmep\\\/#organization\"},\"keywords\":[\"enseignement\"],\"articleSection\":[\"Cahier des charges\",\"Crise Covid-19\"],\"inLanguage\":\"fr-FR\"},{\"@type\":\"WebPage\",\"@id\":\"https:\\\/\\\/sud.svmep.ch\\\/svmep\\\/svmep-demande-prolongation-delai-remise-notes-travaux-personnels-ecoles-professionnelles-commerciales-tie-cid-etc\\\/\",\"url\":\"https:\\\/\\\/sud.svmep.ch\\\/svmep\\\/svmep-demande-prolongation-delai-remise-notes-travaux-personnels-ecoles-professionnelles-commerciales-tie-cid-etc\\\/\",\"name\":\"Le SVMEP demande une prolongation du d\u00e9lai pour la remise des notes des travaux personnels (TA, TIE, CID, etc). - svmep.ch\",\"isPartOf\":{\"@id\":\"https:\\\/\\\/sud.svmep.ch\\\/svmep\\\/#website\"},\"datePublished\":\"2020-05-18T15:00:41+00:00\",\"dateModified\":\"2024-10-14T05:38:19+00:00\",\"breadcrumb\":{\"@id\":\"https:\\\/\\\/sud.svmep.ch\\\/svmep\\\/svmep-demande-prolongation-delai-remise-notes-travaux-personnels-ecoles-professionnelles-commerciales-tie-cid-etc\\\/#breadcrumb\"},\"inLanguage\":\"fr-FR\",\"potentialAction\":[{\"@type\":\"ReadAction\",\"target\":[\"https:\\\/\\\/sud.svmep.ch\\\/svmep\\\/svmep-demande-prolongation-delai-remise-notes-travaux-personnels-ecoles-professionnelles-commerciales-tie-cid-etc\\\/\"]}]},{\"@type\":\"BreadcrumbList\",\"@id\":\"https:\\\/\\\/sud.svmep.ch\\\/svmep\\\/svmep-demande-prolongation-delai-remise-notes-travaux-personnels-ecoles-professionnelles-commerciales-tie-cid-etc\\\/#breadcrumb\",\"itemListElement\":[{\"@type\":\"ListItem\",\"position\":1,\"name\":\"Accueil\",\"item\":\"https:\\\/\\\/sud.svmep.ch\\\/svmep\\\/\"},{\"@type\":\"ListItem\",\"position\":2,\"name\":\"Crise Covid-19\",\"item\":\"https:\\\/\\\/sud.svmep.ch\\\/svmep\\\/category\\\/crise-covid-19\\\/\"},{\"@type\":\"ListItem\",\"position\":3,\"name\":\"Le SVMEP demande une prolongation du d\u00e9lai pour la remise des notes des travaux personnels (TA, TIE, CID, etc).\"}]},{\"@type\":\"WebSite\",\"@id\":\"https:\\\/\\\/sud.svmep.ch\\\/svmep\\\/#website\",\"url\":\"https:\\\/\\\/sud.svmep.ch\\\/svmep\\\/\",\"name\":\"Syndicat vaudois des ma\u00eetres.ses de l'enseignement professionnel\",\"description\":\"\",\"publisher\":{\"@id\":\"https:\\\/\\\/sud.svmep.ch\\\/svmep\\\/#organization\"},\"alternateName\":\"SVMEP\",\"potentialAction\":[{\"@type\":\"SearchAction\",\"target\":{\"@type\":\"EntryPoint\",\"urlTemplate\":\"https:\\\/\\\/sud.svmep.ch\\\/svmep\\\/?s={search_term_string}\"},\"query-input\":{\"@type\":\"PropertyValueSpecification\",\"valueRequired\":true,\"valueName\":\"search_term_string\"}}],\"inLanguage\":\"fr-FR\"},{\"@type\":\"Organization\",\"@id\":\"https:\\\/\\\/sud.svmep.ch\\\/svmep\\\/#organization\",\"name\":\"Syndicat vaudois des ma\u00eetres.ses de l'enseignement professionnel SVMEP\",\"alternateName\":\"SVMEP\",\"url\":\"https:\\\/\\\/sud.svmep.ch\\\/svmep\\\/\",\"logo\":{\"@type\":\"ImageObject\",\"inLanguage\":\"fr-FR\",\"@id\":\"https:\\\/\\\/sud.svmep.ch\\\/svmep\\\/#\\\/schema\\\/logo\\\/image\\\/\",\"url\":\"https:\\\/\\\/sud.svmep.ch\\\/svmep\\\/wp-content\\\/uploads\\\/2024\\\/09\\\/svmep150x260.jpg\",\"contentUrl\":\"https:\\\/\\\/sud.svmep.ch\\\/svmep\\\/wp-content\\\/uploads\\\/2024\\\/09\\\/svmep150x260.jpg\",\"width\":226,\"height\":127,\"caption\":\"Syndicat vaudois des ma\u00eetres.ses de l'enseignement professionnel SVMEP\"},\"image\":{\"@id\":\"https:\\\/\\\/sud.svmep.ch\\\/svmep\\\/#\\\/schema\\\/logo\\\/image\\\/\"}},{\"@type\":\"Person\",\"@id\":\"https:\\\/\\\/sud.svmep.ch\\\/svmep\\\/#\\\/schema\\\/person\\\/c89c46f48a039b5e5bc4a8eeeab1aece\",\"name\":\"svmep-webmaster\",\"image\":{\"@type\":\"ImageObject\",\"inLanguage\":\"fr-FR\",\"@id\":\"https:\\\/\\\/secure.gravatar.com\\\/avatar\\\/75b5925b5ca4f3df48f6bb05f81ad13dab8238efffb28bf26c5f1682dff96ea6?s=96&d=mm&r=g\",\"url\":\"https:\\\/\\\/secure.gravatar.com\\\/avatar\\\/75b5925b5ca4f3df48f6bb05f81ad13dab8238efffb28bf26c5f1682dff96ea6?s=96&d=mm&r=g\",\"contentUrl\":\"https:\\\/\\\/secure.gravatar.com\\\/avatar\\\/75b5925b5ca4f3df48f6bb05f81ad13dab8238efffb28bf26c5f1682dff96ea6?s=96&d=mm&r=g\",\"caption\":\"svmep-webmaster\"}}]}<\/script>\n<!-- \/ Yoast SEO plugin. -->","yoast_head_json":{"title":"Le SVMEP demande une prolongation du d\u00e9lai pour la remise des notes des travaux personnels (TA, TIE, CID, etc). - svmep.ch","robots":{"index":"index","follow":"follow","max-snippet":"max-snippet:-1","max-image-preview":"max-image-preview:large","max-video-preview":"max-video-preview:-1"},"canonical":"https:\/\/sud.svmep.ch\/svmep\/svmep-demande-prolongation-delai-remise-notes-travaux-personnels-ecoles-professionnelles-commerciales-tie-cid-etc\/","og_locale":"fr_FR","og_type":"article","og_title":"Le SVMEP demande une prolongation du d\u00e9lai pour la remise des notes des travaux personnels (TA, TIE, CID, etc). - svmep.ch","og_description":"18 mai 2020 Courriel adress\u00e9 \u00e0 Mme Christine Rama, adjointe \u00e0 la DGEP Madame, Interpell\u00e9 fr\u00e9quemment ces derniers jours par de nombreux\/euses enseignant.e.s des \u00e9coles professionnelles commerciales au sujet des [&hellip;]","og_url":"https:\/\/sud.svmep.ch\/svmep\/svmep-demande-prolongation-delai-remise-notes-travaux-personnels-ecoles-professionnelles-commerciales-tie-cid-etc\/","og_site_name":"svmep.ch","article_published_time":"2020-05-18T15:00:41+00:00","article_modified_time":"2024-10-14T05:38:19+00:00","author":"svmep-webmaster","twitter_card":"summary_large_image","schema":{"@context":"https:\/\/schema.org","@graph":[{"@type":"Article","@id":"https:\/\/sud.svmep.ch\/svmep\/svmep-demande-prolongation-delai-remise-notes-travaux-personnels-ecoles-professionnelles-commerciales-tie-cid-etc\/#article","isPartOf":{"@id":"https:\/\/sud.svmep.ch\/svmep\/svmep-demande-prolongation-delai-remise-notes-travaux-personnels-ecoles-professionnelles-commerciales-tie-cid-etc\/"},"author":{"name":"svmep-webmaster","@id":"https:\/\/sud.svmep.ch\/svmep\/#\/schema\/person\/c89c46f48a039b5e5bc4a8eeeab1aece"},"headline":"Le SVMEP demande une prolongation du d\u00e9lai pour la remise des notes des travaux personnels (TA, TIE, CID, etc).","datePublished":"2020-05-18T15:00:41+00:00","dateModified":"2024-10-14T05:38:19+00:00","mainEntityOfPage":{"@id":"https:\/\/sud.svmep.ch\/svmep\/svmep-demande-prolongation-delai-remise-notes-travaux-personnels-ecoles-professionnelles-commerciales-tie-cid-etc\/"},"wordCount":396,"publisher":{"@id":"https:\/\/sud.svmep.ch\/svmep\/#organization"},"keywords":["enseignement"],"articleSection":["Cahier des charges","Crise Covid-19"],"inLanguage":"fr-FR"},{"@type":"WebPage","@id":"https:\/\/sud.svmep.ch\/svmep\/svmep-demande-prolongation-delai-remise-notes-travaux-personnels-ecoles-professionnelles-commerciales-tie-cid-etc\/","url":"https:\/\/sud.svmep.ch\/svmep\/svmep-demande-prolongation-delai-remise-notes-travaux-personnels-ecoles-professionnelles-commerciales-tie-cid-etc\/","name":"Le SVMEP demande une prolongation du d\u00e9lai pour la remise des notes des travaux personnels (TA, TIE, CID, etc). - svmep.ch","isPartOf":{"@id":"https:\/\/sud.svmep.ch\/svmep\/#website"},"datePublished":"2020-05-18T15:00:41+00:00","dateModified":"2024-10-14T05:38:19+00:00","breadcrumb":{"@id":"https:\/\/sud.svmep.ch\/svmep\/svmep-demande-prolongation-delai-remise-notes-travaux-personnels-ecoles-professionnelles-commerciales-tie-cid-etc\/#breadcrumb"},"inLanguage":"fr-FR","potentialAction":[{"@type":"ReadAction","target":["https:\/\/sud.svmep.ch\/svmep\/svmep-demande-prolongation-delai-remise-notes-travaux-personnels-ecoles-professionnelles-commerciales-tie-cid-etc\/"]}]},{"@type":"BreadcrumbList","@id":"https:\/\/sud.svmep.ch\/svmep\/svmep-demande-prolongation-delai-remise-notes-travaux-personnels-ecoles-professionnelles-commerciales-tie-cid-etc\/#breadcrumb","itemListElement":[{"@type":"ListItem","position":1,"name":"Accueil","item":"https:\/\/sud.svmep.ch\/svmep\/"},{"@type":"ListItem","position":2,"name":"Crise Covid-19","item":"https:\/\/sud.svmep.ch\/svmep\/category\/crise-covid-19\/"},{"@type":"ListItem","position":3,"name":"Le SVMEP demande une prolongation du d\u00e9lai pour la remise des notes des travaux personnels (TA, TIE, CID, etc)."}]},{"@type":"WebSite","@id":"https:\/\/sud.svmep.ch\/svmep\/#website","url":"https:\/\/sud.svmep.ch\/svmep\/","name":"Syndicat vaudois des ma\u00eetres.ses de l'enseignement professionnel","description":"","publisher":{"@id":"https:\/\/sud.svmep.ch\/svmep\/#organization"},"alternateName":"SVMEP","potentialAction":[{"@type":"SearchAction","target":{"@type":"EntryPoint","urlTemplate":"https:\/\/sud.svmep.ch\/svmep\/?s={search_term_string}"},"query-input":{"@type":"PropertyValueSpecification","valueRequired":true,"valueName":"search_term_string"}}],"inLanguage":"fr-FR"},{"@type":"Organization","@id":"https:\/\/sud.svmep.ch\/svmep\/#organization","name":"Syndicat vaudois des ma\u00eetres.ses de l'enseignement professionnel SVMEP","alternateName":"SVMEP","url":"https:\/\/sud.svmep.ch\/svmep\/","logo":{"@type":"ImageObject","inLanguage":"fr-FR","@id":"https:\/\/sud.svmep.ch\/svmep\/#\/schema\/logo\/image\/","url":"https:\/\/sud.svmep.ch\/svmep\/wp-content\/uploads\/2024\/09\/svmep150x260.jpg","contentUrl":"https:\/\/sud.svmep.ch\/svmep\/wp-content\/uploads\/2024\/09\/svmep150x260.jpg","width":226,"height":127,"caption":"Syndicat vaudois des ma\u00eetres.ses de l'enseignement professionnel SVMEP"},"image":{"@id":"https:\/\/sud.svmep.ch\/svmep\/#\/schema\/logo\/image\/"}},{"@type":"Person","@id":"https:\/\/sud.svmep.ch\/svmep\/#\/schema\/person\/c89c46f48a039b5e5bc4a8eeeab1aece","name":"svmep-webmaster","image":{"@type":"ImageObject","inLanguage":"fr-FR","@id":"https:\/\/secure.gravatar.com\/avatar\/75b5925b5ca4f3df48f6bb05f81ad13dab8238efffb28bf26c5f1682dff96ea6?s=96&d=mm&r=g","url":"https:\/\/secure.gravatar.com\/avatar\/75b5925b5ca4f3df48f6bb05f81ad13dab8238efffb28bf26c5f1682dff96ea6?s=96&d=mm&r=g","contentUrl":"https:\/\/secure.gravatar.com\/avatar\/75b5925b5ca4f3df48f6bb05f81ad13dab8238efffb28bf26c5f1682dff96ea6?s=96&d=mm&r=g","caption":"svmep-webmaster"}}]}},"_links":{"self":[{"href":"https:\/\/sud.svmep.ch\/svmep\/wp-json\/wp\/v2\/posts\/676","targetHints":{"allow":["GET"]}}],"collection":[{"href":"https:\/\/sud.svmep.ch\/svmep\/wp-json\/wp\/v2\/posts"}],"about":[{"href":"https:\/\/sud.svmep.ch\/svmep\/wp-json\/wp\/v2\/types\/post"}],"author":[{"embeddable":true,"href":"https:\/\/sud.svmep.ch\/svmep\/wp-json\/wp\/v2\/users\/4"}],"replies":[{"embeddable":true,"href":"https:\/\/sud.svmep.ch\/svmep\/wp-json\/wp\/v2\/comments?post=676"}],"version-history":[{"count":0,"href":"https:\/\/sud.svmep.ch\/svmep\/wp-json\/wp\/v2\/posts\/676\/revisions"}],"wp:attachment":[{"href":"https:\/\/sud.svmep.ch\/svmep\/wp-json\/wp\/v2\/media?parent=676"}],"wp:term":[{"taxonomy":"category","embeddable":true,"href":"https:\/\/sud.svmep.ch\/svmep\/wp-json\/wp\/v2\/categories?post=676"},{"taxonomy":"post_tag","embeddable":true,"href":"https:\/\/sud.svmep.ch\/svmep\/wp-json\/wp\/v2\/tags?post=676"}],"curies":[{"name":"wp","href":"https:\/\/api.w.org\/{rel}","templated":true}]}}