{"id":684,"date":"2020-06-14T10:18:50","date_gmt":"2020-06-14T09:18:50","guid":{"rendered":"http:\/\/sud.svmep.ch\/?p=684"},"modified":"2024-10-13T17:02:30","modified_gmt":"2024-10-13T16:02:30","slug":"8-juin-apprentis-devront-produire-plus-apprendre","status":"publish","type":"post","link":"https:\/\/sud.svmep.ch\/svmep\/8-juin-apprentis-devront-produire-plus-apprendre\/","title":{"rendered":"D\u00e8s le 8 juin, les apprentis devront produire plus et apprendre moins !"},"content":{"rendered":"<h5>Communiqu\u00e9 de presse de SUD-\u00c9tudiant.e.s et du SVMEP<\/h5>\n<p>Le DFJC a envoy\u00e9 ses instructions pour la reprise des cours d\u00e8s le 8 juin dans les gymnases et les<br \/>\u00e9coles professionnelles. Pour ce qui est de la formation professionnelle, les apprenti.e.s iront aux<br \/>cours en alternance une semaine sur deux ou sur trois, selon les effectifs des classes. Elles\/ils<br \/>devront retourner au travail les jours o\u00f9 ils ne sont pas \u00e0 l\u2019\u00e9cole tout en faisant les devoirs que les<br \/>enseignant.e.s leur auront donn\u00e9s lors de leur derni\u00e8re le\u00e7on en classe. Ceci est contraire au bon<br \/>sens, car cela ne permet pas aux apprenti.e.s d\u2019effectuer leur travail scolaire dans de bonnes<br \/>conditions. C\u2019est d\u2019autant plus n\u00e9cessaire qu\u2019une partie d\u2019entre eux auront des examens en ao\u00fbt.<\/p>\n<p>Dans sa volont\u00e9 de plaire au monde patronal, la Cheffe du DFJC sacrifie les plus pr\u00e9caires en les<br \/>renvoyant sur leur lieu de travail le jour qui habituellement correspond \u00e0 leur jour de formation en<br \/>\u00e9cole.<\/p>\n<p>De plus, en voulant traiter le post-obligatoire dans sa globalit\u00e9, la Cheffe du D\u00e9partement s\u2019obstine<br \/>\u00e0 ne pas vouloir prendre en compte les sp\u00e9cificit\u00e9s de la formation professionnelle et encore moins<br \/>les conditions concr\u00e8tes dans lesquelles les apprenti.e.s. effectuent leur formation.<\/p>\n<p><a href=\"http:\/\/sud.svmep.ch\/svmep\/wp-content\/uploads\/2020\/06\/2020-06-05-decision-174-apprentis.pdf\" target=\"_blank\" rel=\"noopener\">SUD-EP et le SVMEP ont interpell\u00e9 le DFJC et la DGEP<\/a> pour demander que les apprenti.e.s puissent<br \/>conserver leur jour de cours, lorsqu\u2019elles\/ils ne se rendent pas \u00e0 l\u2019\u00e9cole, pour pouvoir continuer \u00e0<br \/>\u00e9tudier \u00ab \u00e0 distance \u00bb.<\/p>\n<p>Lausanne, le 5 juin 2020<\/p>\n\n","protected":false},"excerpt":{"rendered":"<p>Communiqu\u00e9 de presse de SUD-\u00c9tudiant.e.s et du SVMEP Le DFJC a envoy\u00e9 ses instructions pour la reprise des cours d\u00e8s le 8 juin dans les gymnases et les\u00e9coles professionnelles. Pour [&hellip;]<\/p>\n","protected":false},"author":4,"featured_media":0,"comment_status":"closed","ping_status":"closed","sticky":false,"template":"","format":"standard","meta":{"footnotes":""},"categories":[22],"tags":[29],"class_list":["post-684","post","type-post","status-publish","format-standard","hentry","category-crise-covid-19","tag-apprenti-e-s"],"yoast_head":"<!-- This site is optimized with the Yoast SEO plugin v27.4 - https:\/\/yoast.com\/product\/yoast-seo-wordpress\/ -->\n<title>D\u00e8s le 8 juin, les apprentis devront produire plus et apprendre moins ! - svmep.ch<\/title>\n<meta name=\"robots\" content=\"index, follow, max-snippet:-1, max-image-preview:large, max-video-preview:-1\" \/>\n<link rel=\"canonical\" href=\"https:\/\/sud.svmep.ch\/svmep\/8-juin-apprentis-devront-produire-plus-apprendre\/\" \/>\n<meta property=\"og:locale\" content=\"fr_FR\" \/>\n<meta property=\"og:type\" content=\"article\" \/>\n<meta property=\"og:title\" content=\"D\u00e8s le 8 juin, les apprentis devront produire plus et apprendre moins ! - svmep.ch\" \/>\n<meta property=\"og:description\" content=\"Communiqu\u00e9 de presse de SUD-\u00c9tudiant.e.s et du SVMEP Le DFJC a envoy\u00e9 ses instructions pour la reprise des cours d\u00e8s le 8 juin dans les gymnases et les\u00e9coles professionnelles. Pour [&hellip;]\" \/>\n<meta property=\"og:url\" content=\"https:\/\/sud.svmep.ch\/svmep\/8-juin-apprentis-devront-produire-plus-apprendre\/\" \/>\n<meta property=\"og:site_name\" content=\"svmep.ch\" \/>\n<meta property=\"article:published_time\" content=\"2020-06-14T09:18:50+00:00\" \/>\n<meta property=\"article:modified_time\" content=\"2024-10-13T16:02:30+00:00\" \/>\n<meta name=\"author\" content=\"svmep-webmaster\" \/>\n<meta name=\"twitter:card\" content=\"summary_large_image\" \/>\n<script type=\"application\/ld+json\" class=\"yoast-schema-graph\">{\"@context\":\"https:\\\/\\\/schema.org\",\"@graph\":[{\"@type\":\"Article\",\"@id\":\"https:\\\/\\\/sud.svmep.ch\\\/svmep\\\/8-juin-apprentis-devront-produire-plus-apprendre\\\/#article\",\"isPartOf\":{\"@id\":\"https:\\\/\\\/sud.svmep.ch\\\/svmep\\\/8-juin-apprentis-devront-produire-plus-apprendre\\\/\"},\"author\":{\"name\":\"svmep-webmaster\",\"@id\":\"https:\\\/\\\/sud.svmep.ch\\\/svmep\\\/#\\\/schema\\\/person\\\/c89c46f48a039b5e5bc4a8eeeab1aece\"},\"headline\":\"D\u00e8s le 8 juin, les apprentis devront produire plus et apprendre moins !\",\"datePublished\":\"2020-06-14T09:18:50+00:00\",\"dateModified\":\"2024-10-13T16:02:30+00:00\",\"mainEntityOfPage\":{\"@id\":\"https:\\\/\\\/sud.svmep.ch\\\/svmep\\\/8-juin-apprentis-devront-produire-plus-apprendre\\\/\"},\"wordCount\":271,\"publisher\":{\"@id\":\"https:\\\/\\\/sud.svmep.ch\\\/svmep\\\/#organization\"},\"keywords\":[\"apprenti.e.s\"],\"articleSection\":[\"Crise Covid-19\"],\"inLanguage\":\"fr-FR\"},{\"@type\":\"WebPage\",\"@id\":\"https:\\\/\\\/sud.svmep.ch\\\/svmep\\\/8-juin-apprentis-devront-produire-plus-apprendre\\\/\",\"url\":\"https:\\\/\\\/sud.svmep.ch\\\/svmep\\\/8-juin-apprentis-devront-produire-plus-apprendre\\\/\",\"name\":\"D\u00e8s le 8 juin, les apprentis devront produire plus et apprendre moins ! - svmep.ch\",\"isPartOf\":{\"@id\":\"https:\\\/\\\/sud.svmep.ch\\\/svmep\\\/#website\"},\"datePublished\":\"2020-06-14T09:18:50+00:00\",\"dateModified\":\"2024-10-13T16:02:30+00:00\",\"breadcrumb\":{\"@id\":\"https:\\\/\\\/sud.svmep.ch\\\/svmep\\\/8-juin-apprentis-devront-produire-plus-apprendre\\\/#breadcrumb\"},\"inLanguage\":\"fr-FR\",\"potentialAction\":[{\"@type\":\"ReadAction\",\"target\":[\"https:\\\/\\\/sud.svmep.ch\\\/svmep\\\/8-juin-apprentis-devront-produire-plus-apprendre\\\/\"]}]},{\"@type\":\"BreadcrumbList\",\"@id\":\"https:\\\/\\\/sud.svmep.ch\\\/svmep\\\/8-juin-apprentis-devront-produire-plus-apprendre\\\/#breadcrumb\",\"itemListElement\":[{\"@type\":\"ListItem\",\"position\":1,\"name\":\"Accueil\",\"item\":\"https:\\\/\\\/sud.svmep.ch\\\/svmep\\\/\"},{\"@type\":\"ListItem\",\"position\":2,\"name\":\"Crise Covid-19\",\"item\":\"https:\\\/\\\/sud.svmep.ch\\\/svmep\\\/category\\\/crise-covid-19\\\/\"},{\"@type\":\"ListItem\",\"position\":3,\"name\":\"D\u00e8s le 8 juin, les apprentis devront produire plus et apprendre moins !\"}]},{\"@type\":\"WebSite\",\"@id\":\"https:\\\/\\\/sud.svmep.ch\\\/svmep\\\/#website\",\"url\":\"https:\\\/\\\/sud.svmep.ch\\\/svmep\\\/\",\"name\":\"Syndicat vaudois des ma\u00eetres.ses de l'enseignement professionnel\",\"description\":\"\",\"publisher\":{\"@id\":\"https:\\\/\\\/sud.svmep.ch\\\/svmep\\\/#organization\"},\"alternateName\":\"SVMEP\",\"potentialAction\":[{\"@type\":\"SearchAction\",\"target\":{\"@type\":\"EntryPoint\",\"urlTemplate\":\"https:\\\/\\\/sud.svmep.ch\\\/svmep\\\/?s={search_term_string}\"},\"query-input\":{\"@type\":\"PropertyValueSpecification\",\"valueRequired\":true,\"valueName\":\"search_term_string\"}}],\"inLanguage\":\"fr-FR\"},{\"@type\":\"Organization\",\"@id\":\"https:\\\/\\\/sud.svmep.ch\\\/svmep\\\/#organization\",\"name\":\"Syndicat vaudois des ma\u00eetres.ses de l'enseignement professionnel SVMEP\",\"alternateName\":\"SVMEP\",\"url\":\"https:\\\/\\\/sud.svmep.ch\\\/svmep\\\/\",\"logo\":{\"@type\":\"ImageObject\",\"inLanguage\":\"fr-FR\",\"@id\":\"https:\\\/\\\/sud.svmep.ch\\\/svmep\\\/#\\\/schema\\\/logo\\\/image\\\/\",\"url\":\"https:\\\/\\\/sud.svmep.ch\\\/svmep\\\/wp-content\\\/uploads\\\/2024\\\/09\\\/svmep150x260.jpg\",\"contentUrl\":\"https:\\\/\\\/sud.svmep.ch\\\/svmep\\\/wp-content\\\/uploads\\\/2024\\\/09\\\/svmep150x260.jpg\",\"width\":226,\"height\":127,\"caption\":\"Syndicat vaudois des ma\u00eetres.ses de l'enseignement professionnel SVMEP\"},\"image\":{\"@id\":\"https:\\\/\\\/sud.svmep.ch\\\/svmep\\\/#\\\/schema\\\/logo\\\/image\\\/\"}},{\"@type\":\"Person\",\"@id\":\"https:\\\/\\\/sud.svmep.ch\\\/svmep\\\/#\\\/schema\\\/person\\\/c89c46f48a039b5e5bc4a8eeeab1aece\",\"name\":\"svmep-webmaster\",\"image\":{\"@type\":\"ImageObject\",\"inLanguage\":\"fr-FR\",\"@id\":\"https:\\\/\\\/secure.gravatar.com\\\/avatar\\\/75b5925b5ca4f3df48f6bb05f81ad13dab8238efffb28bf26c5f1682dff96ea6?s=96&d=mm&r=g\",\"url\":\"https:\\\/\\\/secure.gravatar.com\\\/avatar\\\/75b5925b5ca4f3df48f6bb05f81ad13dab8238efffb28bf26c5f1682dff96ea6?s=96&d=mm&r=g\",\"contentUrl\":\"https:\\\/\\\/secure.gravatar.com\\\/avatar\\\/75b5925b5ca4f3df48f6bb05f81ad13dab8238efffb28bf26c5f1682dff96ea6?s=96&d=mm&r=g\",\"caption\":\"svmep-webmaster\"}}]}<\/script>\n<!-- \/ Yoast SEO plugin. -->","yoast_head_json":{"title":"D\u00e8s le 8 juin, les apprentis devront produire plus et apprendre moins ! - svmep.ch","robots":{"index":"index","follow":"follow","max-snippet":"max-snippet:-1","max-image-preview":"max-image-preview:large","max-video-preview":"max-video-preview:-1"},"canonical":"https:\/\/sud.svmep.ch\/svmep\/8-juin-apprentis-devront-produire-plus-apprendre\/","og_locale":"fr_FR","og_type":"article","og_title":"D\u00e8s le 8 juin, les apprentis devront produire plus et apprendre moins ! - svmep.ch","og_description":"Communiqu\u00e9 de presse de SUD-\u00c9tudiant.e.s et du SVMEP Le DFJC a envoy\u00e9 ses instructions pour la reprise des cours d\u00e8s le 8 juin dans les gymnases et les\u00e9coles professionnelles. Pour [&hellip;]","og_url":"https:\/\/sud.svmep.ch\/svmep\/8-juin-apprentis-devront-produire-plus-apprendre\/","og_site_name":"svmep.ch","article_published_time":"2020-06-14T09:18:50+00:00","article_modified_time":"2024-10-13T16:02:30+00:00","author":"svmep-webmaster","twitter_card":"summary_large_image","schema":{"@context":"https:\/\/schema.org","@graph":[{"@type":"Article","@id":"https:\/\/sud.svmep.ch\/svmep\/8-juin-apprentis-devront-produire-plus-apprendre\/#article","isPartOf":{"@id":"https:\/\/sud.svmep.ch\/svmep\/8-juin-apprentis-devront-produire-plus-apprendre\/"},"author":{"name":"svmep-webmaster","@id":"https:\/\/sud.svmep.ch\/svmep\/#\/schema\/person\/c89c46f48a039b5e5bc4a8eeeab1aece"},"headline":"D\u00e8s le 8 juin, les apprentis devront produire plus et apprendre moins !","datePublished":"2020-06-14T09:18:50+00:00","dateModified":"2024-10-13T16:02:30+00:00","mainEntityOfPage":{"@id":"https:\/\/sud.svmep.ch\/svmep\/8-juin-apprentis-devront-produire-plus-apprendre\/"},"wordCount":271,"publisher":{"@id":"https:\/\/sud.svmep.ch\/svmep\/#organization"},"keywords":["apprenti.e.s"],"articleSection":["Crise Covid-19"],"inLanguage":"fr-FR"},{"@type":"WebPage","@id":"https:\/\/sud.svmep.ch\/svmep\/8-juin-apprentis-devront-produire-plus-apprendre\/","url":"https:\/\/sud.svmep.ch\/svmep\/8-juin-apprentis-devront-produire-plus-apprendre\/","name":"D\u00e8s le 8 juin, les apprentis devront produire plus et apprendre moins ! - svmep.ch","isPartOf":{"@id":"https:\/\/sud.svmep.ch\/svmep\/#website"},"datePublished":"2020-06-14T09:18:50+00:00","dateModified":"2024-10-13T16:02:30+00:00","breadcrumb":{"@id":"https:\/\/sud.svmep.ch\/svmep\/8-juin-apprentis-devront-produire-plus-apprendre\/#breadcrumb"},"inLanguage":"fr-FR","potentialAction":[{"@type":"ReadAction","target":["https:\/\/sud.svmep.ch\/svmep\/8-juin-apprentis-devront-produire-plus-apprendre\/"]}]},{"@type":"BreadcrumbList","@id":"https:\/\/sud.svmep.ch\/svmep\/8-juin-apprentis-devront-produire-plus-apprendre\/#breadcrumb","itemListElement":[{"@type":"ListItem","position":1,"name":"Accueil","item":"https:\/\/sud.svmep.ch\/svmep\/"},{"@type":"ListItem","position":2,"name":"Crise Covid-19","item":"https:\/\/sud.svmep.ch\/svmep\/category\/crise-covid-19\/"},{"@type":"ListItem","position":3,"name":"D\u00e8s le 8 juin, les apprentis devront produire plus et apprendre moins !"}]},{"@type":"WebSite","@id":"https:\/\/sud.svmep.ch\/svmep\/#website","url":"https:\/\/sud.svmep.ch\/svmep\/","name":"Syndicat vaudois des ma\u00eetres.ses de l'enseignement professionnel","description":"","publisher":{"@id":"https:\/\/sud.svmep.ch\/svmep\/#organization"},"alternateName":"SVMEP","potentialAction":[{"@type":"SearchAction","target":{"@type":"EntryPoint","urlTemplate":"https:\/\/sud.svmep.ch\/svmep\/?s={search_term_string}"},"query-input":{"@type":"PropertyValueSpecification","valueRequired":true,"valueName":"search_term_string"}}],"inLanguage":"fr-FR"},{"@type":"Organization","@id":"https:\/\/sud.svmep.ch\/svmep\/#organization","name":"Syndicat vaudois des ma\u00eetres.ses de l'enseignement professionnel SVMEP","alternateName":"SVMEP","url":"https:\/\/sud.svmep.ch\/svmep\/","logo":{"@type":"ImageObject","inLanguage":"fr-FR","@id":"https:\/\/sud.svmep.ch\/svmep\/#\/schema\/logo\/image\/","url":"https:\/\/sud.svmep.ch\/svmep\/wp-content\/uploads\/2024\/09\/svmep150x260.jpg","contentUrl":"https:\/\/sud.svmep.ch\/svmep\/wp-content\/uploads\/2024\/09\/svmep150x260.jpg","width":226,"height":127,"caption":"Syndicat vaudois des ma\u00eetres.ses de l'enseignement professionnel SVMEP"},"image":{"@id":"https:\/\/sud.svmep.ch\/svmep\/#\/schema\/logo\/image\/"}},{"@type":"Person","@id":"https:\/\/sud.svmep.ch\/svmep\/#\/schema\/person\/c89c46f48a039b5e5bc4a8eeeab1aece","name":"svmep-webmaster","image":{"@type":"ImageObject","inLanguage":"fr-FR","@id":"https:\/\/secure.gravatar.com\/avatar\/75b5925b5ca4f3df48f6bb05f81ad13dab8238efffb28bf26c5f1682dff96ea6?s=96&d=mm&r=g","url":"https:\/\/secure.gravatar.com\/avatar\/75b5925b5ca4f3df48f6bb05f81ad13dab8238efffb28bf26c5f1682dff96ea6?s=96&d=mm&r=g","contentUrl":"https:\/\/secure.gravatar.com\/avatar\/75b5925b5ca4f3df48f6bb05f81ad13dab8238efffb28bf26c5f1682dff96ea6?s=96&d=mm&r=g","caption":"svmep-webmaster"}}]}},"_links":{"self":[{"href":"https:\/\/sud.svmep.ch\/svmep\/wp-json\/wp\/v2\/posts\/684","targetHints":{"allow":["GET"]}}],"collection":[{"href":"https:\/\/sud.svmep.ch\/svmep\/wp-json\/wp\/v2\/posts"}],"about":[{"href":"https:\/\/sud.svmep.ch\/svmep\/wp-json\/wp\/v2\/types\/post"}],"author":[{"embeddable":true,"href":"https:\/\/sud.svmep.ch\/svmep\/wp-json\/wp\/v2\/users\/4"}],"replies":[{"embeddable":true,"href":"https:\/\/sud.svmep.ch\/svmep\/wp-json\/wp\/v2\/comments?post=684"}],"version-history":[{"count":0,"href":"https:\/\/sud.svmep.ch\/svmep\/wp-json\/wp\/v2\/posts\/684\/revisions"}],"wp:attachment":[{"href":"https:\/\/sud.svmep.ch\/svmep\/wp-json\/wp\/v2\/media?parent=684"}],"wp:term":[{"taxonomy":"category","embeddable":true,"href":"https:\/\/sud.svmep.ch\/svmep\/wp-json\/wp\/v2\/categories?post=684"},{"taxonomy":"post_tag","embeddable":true,"href":"https:\/\/sud.svmep.ch\/svmep\/wp-json\/wp\/v2\/tags?post=684"}],"curies":[{"name":"wp","href":"https:\/\/api.w.org\/{rel}","templated":true}]}}