{"id":692,"date":"2020-09-08T20:24:39","date_gmt":"2020-09-08T19:24:39","guid":{"rendered":"http:\/\/sud.svmep.ch\/?p=692"},"modified":"2026-02-10T12:29:49","modified_gmt":"2026-02-10T11:29:49","slug":"pro-salario-continue","status":"publish","type":"post","link":"https:\/\/sud.svmep.ch\/svmep\/pro-salario-continue\/","title":{"rendered":"Pro Salario continue !"},"content":{"rendered":"<div class=\"wp-block-post-date\"><time datetime=\"2020-09-08T20:24:39+02:00\">8 septembre 2020<\/time><\/div>\n\n<p><strong>Vous ne connaissez pas Pro Salario ? C&rsquo;est pourtant une chose \u00e0 conna\u00eetre : il s&rsquo;agit d&rsquo;une fondation cr\u00e9\u00e9e par la SVMS (membre de la f\u00e9d\u00e9ration SUD) qui a ensuite \u00e9t\u00e9 rejointe par les autres syndicats de la f\u00e9d\u00e9ration, notamment le SVMEP. Pro Salario peut fournir un revenu compl\u00e9mentaire \u00e0 tout.e enseignant.e en CDI membre d&rsquo;un des syndicats de SUD et qui se trouve en situation d&rsquo;invalidit\u00e9, maladie ou accident. Jusqu&rsquo;\u00e0 pr\u00e9sent, Pro Salario a toujours vers\u00e9 le compl\u00e9ment permettant d&rsquo;atteindre le 90 % du dernier salaire gagn\u00e9, il n&rsquo;y a eu aucune exception.<\/strong><\/p>\n<p>Comme vous le savez, la loi actuelle octroie un an de salaire \u00e0 100% en cas de maladie ou accident, puis trois mois \u00e0 80%, \u00e0 tout employ\u00e9.e en CDI. C&rsquo;est ensuite que les difficult\u00e9s peuvent commencer et qu&rsquo;il peut \u00eatre utile d&rsquo;avoir une ressource compl\u00e9mentaire.<\/p>\n<p>L&rsquo;avenir de Pro Salario a r\u00e9cemment \u00e9t\u00e9 remis en question par les exigences de la FINMA vis-\u00e0-vis des assurances, mais le comit\u00e9 de Fondation a pu d\u00e9gager une solution l\u00e9gale \u2013 accept\u00e9e par la FINMA \u2013 qui permet \u00e0 notre fondation de continuer \u00e0 jouer son r\u00f4le de compl\u00e9ment aux assurances sociales existantes (AI et CPEV) en mati\u00e8re de perte de gain.<\/p>\n<p>Pour se conformer aux exigences de la loi, Pro Salario est d\u00e9sormais une fondation qui permet de continuer d\u2019offrir le compl\u00e9ment de revenu \u00e0 90% du dernier revenu gagn\u00e9. Le mod\u00e8le \u00e9conomique de Pro Salario est le m\u00eame depuis plus de 30 ans. La situation financi\u00e8re est solide gr\u00e2ce \u00e0 un nombre de membres cons\u00e9quent. En adh\u00e9rant \u00e0 Pro Salario, vous \u00eates non seulement prot\u00e9g\u00e9.e.s\u00a0contre les al\u00e9as jusqu\u2019\u00e0 votre retraite, mais vous participez aussi \u00e0 la p\u00e9rennit\u00e9 de ce mod\u00e8le de mutualit\u00e9 qui offre pour une contribution modeste ce qu\u2019aucune assurance priv\u00e9e ne peut proposer.<\/p>\n\n\n<div class=\"wp-block-buttons is-content-justification-center is-layout-flex wp-container-core-buttons-is-layout-16018d1d wp-block-buttons-is-layout-flex\">\n<div class=\"wp-block-button has-custom-width wp-block-button__width-75\"><a class=\"wp-block-button__link has-white-color has-text-color has-background has-link-color wp-element-button\" href=\"https:\/\/sud-vd.ch\/organisation\/sves\/pro-salario\/\" style=\"background-color:#d91e0e\" target=\"_blank\" rel=\"noreferrer noopener\">Acc\u00e9dez au r\u00e8glement et au formulaire d\u2019adh\u00e9sion \u00e0 Pro Salario<\/a><\/div>\n<\/div>\n","protected":false},"excerpt":{"rendered":"<p>8 septembre 2020 Vous ne connaissez pas Pro Salario ? C&rsquo;est pourtant une chose \u00e0 conna\u00eetre : il s&rsquo;agit d&rsquo;une fondation cr\u00e9\u00e9e par la SVMS (membre de la f\u00e9d\u00e9ration SUD) [&hellip;]<\/p>\n","protected":false},"author":4,"featured_media":1542,"comment_status":"closed","ping_status":"closed","sticky":false,"template":"","format":"standard","meta":{"footnotes":""},"categories":[5],"tags":[41,32],"class_list":["post-692","post","type-post","status-publish","format-standard","has-post-thumbnail","hentry","category-sud-education","tag-contrat-de-travail","tag-salaire"],"yoast_head":"<!-- This site is optimized with the Yoast SEO plugin v27.4 - https:\/\/yoast.com\/product\/yoast-seo-wordpress\/ -->\n<title>Pro Salario continue ! - svmep.ch<\/title>\n<meta name=\"description\" content=\"Informations sur la fondation Pro Salario, destin\u00e9e aux enseignant.e.s en CDI, membres des syndicats de SUD-\u00c9ducation.\" \/>\n<meta name=\"robots\" content=\"index, follow, max-snippet:-1, max-image-preview:large, max-video-preview:-1\" \/>\n<link rel=\"canonical\" href=\"https:\/\/sud.svmep.ch\/svmep\/pro-salario-continue\/\" \/>\n<meta property=\"og:locale\" content=\"fr_FR\" \/>\n<meta property=\"og:type\" content=\"article\" \/>\n<meta property=\"og:title\" content=\"Pro Salario continue ! - svmep.ch\" \/>\n<meta property=\"og:description\" content=\"Informations sur la fondation Pro Salario, destin\u00e9e aux enseignant.e.s en CDI, membres des syndicats de SUD-\u00c9ducation.\" \/>\n<meta property=\"og:url\" content=\"https:\/\/sud.svmep.ch\/svmep\/pro-salario-continue\/\" \/>\n<meta property=\"og:site_name\" content=\"svmep.ch\" \/>\n<meta property=\"article:published_time\" content=\"2020-09-08T19:24:39+00:00\" \/>\n<meta property=\"article:modified_time\" content=\"2026-02-10T11:29:49+00:00\" \/>\n<meta property=\"og:image\" content=\"https:\/\/sud.svmep.ch\/svmep\/wp-content\/uploads\/2024\/11\/logo_SUD-educ-copie.png\" \/>\n\t<meta property=\"og:image:width\" content=\"212\" \/>\n\t<meta property=\"og:image:height\" content=\"211\" \/>\n\t<meta property=\"og:image:type\" content=\"image\/png\" \/>\n<meta name=\"author\" content=\"svmep-webmaster\" \/>\n<meta name=\"twitter:card\" content=\"summary_large_image\" \/>\n<script type=\"application\/ld+json\" class=\"yoast-schema-graph\">{\"@context\":\"https:\\\/\\\/schema.org\",\"@graph\":[{\"@type\":\"Article\",\"@id\":\"https:\\\/\\\/sud.svmep.ch\\\/svmep\\\/pro-salario-continue\\\/#article\",\"isPartOf\":{\"@id\":\"https:\\\/\\\/sud.svmep.ch\\\/svmep\\\/pro-salario-continue\\\/\"},\"author\":{\"name\":\"svmep-webmaster\",\"@id\":\"https:\\\/\\\/sud.svmep.ch\\\/svmep\\\/#\\\/schema\\\/person\\\/c89c46f48a039b5e5bc4a8eeeab1aece\"},\"headline\":\"Pro Salario continue !\",\"datePublished\":\"2020-09-08T19:24:39+00:00\",\"dateModified\":\"2026-02-10T11:29:49+00:00\",\"mainEntityOfPage\":{\"@id\":\"https:\\\/\\\/sud.svmep.ch\\\/svmep\\\/pro-salario-continue\\\/\"},\"wordCount\":332,\"publisher\":{\"@id\":\"https:\\\/\\\/sud.svmep.ch\\\/svmep\\\/#organization\"},\"image\":{\"@id\":\"https:\\\/\\\/sud.svmep.ch\\\/svmep\\\/pro-salario-continue\\\/#primaryimage\"},\"thumbnailUrl\":\"https:\\\/\\\/sud.svmep.ch\\\/svmep\\\/wp-content\\\/uploads\\\/2024\\\/11\\\/logo_SUD-educ-copie.png\",\"keywords\":[\"contrat de travail\",\"salaire\"],\"articleSection\":[\"SUD-\u00c9ducation\"],\"inLanguage\":\"fr-FR\"},{\"@type\":\"WebPage\",\"@id\":\"https:\\\/\\\/sud.svmep.ch\\\/svmep\\\/pro-salario-continue\\\/\",\"url\":\"https:\\\/\\\/sud.svmep.ch\\\/svmep\\\/pro-salario-continue\\\/\",\"name\":\"Pro Salario continue ! - svmep.ch\",\"isPartOf\":{\"@id\":\"https:\\\/\\\/sud.svmep.ch\\\/svmep\\\/#website\"},\"primaryImageOfPage\":{\"@id\":\"https:\\\/\\\/sud.svmep.ch\\\/svmep\\\/pro-salario-continue\\\/#primaryimage\"},\"image\":{\"@id\":\"https:\\\/\\\/sud.svmep.ch\\\/svmep\\\/pro-salario-continue\\\/#primaryimage\"},\"thumbnailUrl\":\"https:\\\/\\\/sud.svmep.ch\\\/svmep\\\/wp-content\\\/uploads\\\/2024\\\/11\\\/logo_SUD-educ-copie.png\",\"datePublished\":\"2020-09-08T19:24:39+00:00\",\"dateModified\":\"2026-02-10T11:29:49+00:00\",\"description\":\"Informations sur la fondation Pro Salario, destin\u00e9e aux enseignant.e.s en CDI, membres des syndicats de SUD-\u00c9ducation.\",\"breadcrumb\":{\"@id\":\"https:\\\/\\\/sud.svmep.ch\\\/svmep\\\/pro-salario-continue\\\/#breadcrumb\"},\"inLanguage\":\"fr-FR\",\"potentialAction\":[{\"@type\":\"ReadAction\",\"target\":[\"https:\\\/\\\/sud.svmep.ch\\\/svmep\\\/pro-salario-continue\\\/\"]}]},{\"@type\":\"ImageObject\",\"inLanguage\":\"fr-FR\",\"@id\":\"https:\\\/\\\/sud.svmep.ch\\\/svmep\\\/pro-salario-continue\\\/#primaryimage\",\"url\":\"https:\\\/\\\/sud.svmep.ch\\\/svmep\\\/wp-content\\\/uploads\\\/2024\\\/11\\\/logo_SUD-educ-copie.png\",\"contentUrl\":\"https:\\\/\\\/sud.svmep.ch\\\/svmep\\\/wp-content\\\/uploads\\\/2024\\\/11\\\/logo_SUD-educ-copie.png\",\"width\":212,\"height\":211},{\"@type\":\"BreadcrumbList\",\"@id\":\"https:\\\/\\\/sud.svmep.ch\\\/svmep\\\/pro-salario-continue\\\/#breadcrumb\",\"itemListElement\":[{\"@type\":\"ListItem\",\"position\":1,\"name\":\"Accueil\",\"item\":\"https:\\\/\\\/sud.svmep.ch\\\/svmep\\\/\"},{\"@type\":\"ListItem\",\"position\":2,\"name\":\"SUD-\u00c9ducation\",\"item\":\"https:\\\/\\\/sud.svmep.ch\\\/svmep\\\/category\\\/sud-education\\\/\"},{\"@type\":\"ListItem\",\"position\":3,\"name\":\"Pro Salario continue !\"}]},{\"@type\":\"WebSite\",\"@id\":\"https:\\\/\\\/sud.svmep.ch\\\/svmep\\\/#website\",\"url\":\"https:\\\/\\\/sud.svmep.ch\\\/svmep\\\/\",\"name\":\"Syndicat vaudois des ma\u00eetres.ses de l'enseignement professionnel\",\"description\":\"\",\"publisher\":{\"@id\":\"https:\\\/\\\/sud.svmep.ch\\\/svmep\\\/#organization\"},\"alternateName\":\"SVMEP\",\"potentialAction\":[{\"@type\":\"SearchAction\",\"target\":{\"@type\":\"EntryPoint\",\"urlTemplate\":\"https:\\\/\\\/sud.svmep.ch\\\/svmep\\\/?s={search_term_string}\"},\"query-input\":{\"@type\":\"PropertyValueSpecification\",\"valueRequired\":true,\"valueName\":\"search_term_string\"}}],\"inLanguage\":\"fr-FR\"},{\"@type\":\"Organization\",\"@id\":\"https:\\\/\\\/sud.svmep.ch\\\/svmep\\\/#organization\",\"name\":\"Syndicat vaudois des ma\u00eetres.ses de l'enseignement professionnel SVMEP\",\"alternateName\":\"SVMEP\",\"url\":\"https:\\\/\\\/sud.svmep.ch\\\/svmep\\\/\",\"logo\":{\"@type\":\"ImageObject\",\"inLanguage\":\"fr-FR\",\"@id\":\"https:\\\/\\\/sud.svmep.ch\\\/svmep\\\/#\\\/schema\\\/logo\\\/image\\\/\",\"url\":\"https:\\\/\\\/sud.svmep.ch\\\/svmep\\\/wp-content\\\/uploads\\\/2024\\\/09\\\/svmep150x260.jpg\",\"contentUrl\":\"https:\\\/\\\/sud.svmep.ch\\\/svmep\\\/wp-content\\\/uploads\\\/2024\\\/09\\\/svmep150x260.jpg\",\"width\":226,\"height\":127,\"caption\":\"Syndicat vaudois des ma\u00eetres.ses de l'enseignement professionnel SVMEP\"},\"image\":{\"@id\":\"https:\\\/\\\/sud.svmep.ch\\\/svmep\\\/#\\\/schema\\\/logo\\\/image\\\/\"}},{\"@type\":\"Person\",\"@id\":\"https:\\\/\\\/sud.svmep.ch\\\/svmep\\\/#\\\/schema\\\/person\\\/c89c46f48a039b5e5bc4a8eeeab1aece\",\"name\":\"svmep-webmaster\",\"image\":{\"@type\":\"ImageObject\",\"inLanguage\":\"fr-FR\",\"@id\":\"https:\\\/\\\/secure.gravatar.com\\\/avatar\\\/75b5925b5ca4f3df48f6bb05f81ad13dab8238efffb28bf26c5f1682dff96ea6?s=96&d=mm&r=g\",\"url\":\"https:\\\/\\\/secure.gravatar.com\\\/avatar\\\/75b5925b5ca4f3df48f6bb05f81ad13dab8238efffb28bf26c5f1682dff96ea6?s=96&d=mm&r=g\",\"contentUrl\":\"https:\\\/\\\/secure.gravatar.com\\\/avatar\\\/75b5925b5ca4f3df48f6bb05f81ad13dab8238efffb28bf26c5f1682dff96ea6?s=96&d=mm&r=g\",\"caption\":\"svmep-webmaster\"}}]}<\/script>\n<!-- \/ Yoast SEO plugin. -->","yoast_head_json":{"title":"Pro Salario continue ! - svmep.ch","description":"Informations sur la fondation Pro Salario, destin\u00e9e aux enseignant.e.s en CDI, membres des syndicats de SUD-\u00c9ducation.","robots":{"index":"index","follow":"follow","max-snippet":"max-snippet:-1","max-image-preview":"max-image-preview:large","max-video-preview":"max-video-preview:-1"},"canonical":"https:\/\/sud.svmep.ch\/svmep\/pro-salario-continue\/","og_locale":"fr_FR","og_type":"article","og_title":"Pro Salario continue ! - svmep.ch","og_description":"Informations sur la fondation Pro Salario, destin\u00e9e aux enseignant.e.s en CDI, membres des syndicats de SUD-\u00c9ducation.","og_url":"https:\/\/sud.svmep.ch\/svmep\/pro-salario-continue\/","og_site_name":"svmep.ch","article_published_time":"2020-09-08T19:24:39+00:00","article_modified_time":"2026-02-10T11:29:49+00:00","og_image":[{"width":212,"height":211,"url":"https:\/\/sud.svmep.ch\/svmep\/wp-content\/uploads\/2024\/11\/logo_SUD-educ-copie.png","type":"image\/png"}],"author":"svmep-webmaster","twitter_card":"summary_large_image","schema":{"@context":"https:\/\/schema.org","@graph":[{"@type":"Article","@id":"https:\/\/sud.svmep.ch\/svmep\/pro-salario-continue\/#article","isPartOf":{"@id":"https:\/\/sud.svmep.ch\/svmep\/pro-salario-continue\/"},"author":{"name":"svmep-webmaster","@id":"https:\/\/sud.svmep.ch\/svmep\/#\/schema\/person\/c89c46f48a039b5e5bc4a8eeeab1aece"},"headline":"Pro Salario continue !","datePublished":"2020-09-08T19:24:39+00:00","dateModified":"2026-02-10T11:29:49+00:00","mainEntityOfPage":{"@id":"https:\/\/sud.svmep.ch\/svmep\/pro-salario-continue\/"},"wordCount":332,"publisher":{"@id":"https:\/\/sud.svmep.ch\/svmep\/#organization"},"image":{"@id":"https:\/\/sud.svmep.ch\/svmep\/pro-salario-continue\/#primaryimage"},"thumbnailUrl":"https:\/\/sud.svmep.ch\/svmep\/wp-content\/uploads\/2024\/11\/logo_SUD-educ-copie.png","keywords":["contrat de travail","salaire"],"articleSection":["SUD-\u00c9ducation"],"inLanguage":"fr-FR"},{"@type":"WebPage","@id":"https:\/\/sud.svmep.ch\/svmep\/pro-salario-continue\/","url":"https:\/\/sud.svmep.ch\/svmep\/pro-salario-continue\/","name":"Pro Salario continue ! - svmep.ch","isPartOf":{"@id":"https:\/\/sud.svmep.ch\/svmep\/#website"},"primaryImageOfPage":{"@id":"https:\/\/sud.svmep.ch\/svmep\/pro-salario-continue\/#primaryimage"},"image":{"@id":"https:\/\/sud.svmep.ch\/svmep\/pro-salario-continue\/#primaryimage"},"thumbnailUrl":"https:\/\/sud.svmep.ch\/svmep\/wp-content\/uploads\/2024\/11\/logo_SUD-educ-copie.png","datePublished":"2020-09-08T19:24:39+00:00","dateModified":"2026-02-10T11:29:49+00:00","description":"Informations sur la fondation Pro Salario, destin\u00e9e aux enseignant.e.s en CDI, membres des syndicats de SUD-\u00c9ducation.","breadcrumb":{"@id":"https:\/\/sud.svmep.ch\/svmep\/pro-salario-continue\/#breadcrumb"},"inLanguage":"fr-FR","potentialAction":[{"@type":"ReadAction","target":["https:\/\/sud.svmep.ch\/svmep\/pro-salario-continue\/"]}]},{"@type":"ImageObject","inLanguage":"fr-FR","@id":"https:\/\/sud.svmep.ch\/svmep\/pro-salario-continue\/#primaryimage","url":"https:\/\/sud.svmep.ch\/svmep\/wp-content\/uploads\/2024\/11\/logo_SUD-educ-copie.png","contentUrl":"https:\/\/sud.svmep.ch\/svmep\/wp-content\/uploads\/2024\/11\/logo_SUD-educ-copie.png","width":212,"height":211},{"@type":"BreadcrumbList","@id":"https:\/\/sud.svmep.ch\/svmep\/pro-salario-continue\/#breadcrumb","itemListElement":[{"@type":"ListItem","position":1,"name":"Accueil","item":"https:\/\/sud.svmep.ch\/svmep\/"},{"@type":"ListItem","position":2,"name":"SUD-\u00c9ducation","item":"https:\/\/sud.svmep.ch\/svmep\/category\/sud-education\/"},{"@type":"ListItem","position":3,"name":"Pro Salario continue !"}]},{"@type":"WebSite","@id":"https:\/\/sud.svmep.ch\/svmep\/#website","url":"https:\/\/sud.svmep.ch\/svmep\/","name":"Syndicat vaudois des ma\u00eetres.ses de l'enseignement professionnel","description":"","publisher":{"@id":"https:\/\/sud.svmep.ch\/svmep\/#organization"},"alternateName":"SVMEP","potentialAction":[{"@type":"SearchAction","target":{"@type":"EntryPoint","urlTemplate":"https:\/\/sud.svmep.ch\/svmep\/?s={search_term_string}"},"query-input":{"@type":"PropertyValueSpecification","valueRequired":true,"valueName":"search_term_string"}}],"inLanguage":"fr-FR"},{"@type":"Organization","@id":"https:\/\/sud.svmep.ch\/svmep\/#organization","name":"Syndicat vaudois des ma\u00eetres.ses de l'enseignement professionnel SVMEP","alternateName":"SVMEP","url":"https:\/\/sud.svmep.ch\/svmep\/","logo":{"@type":"ImageObject","inLanguage":"fr-FR","@id":"https:\/\/sud.svmep.ch\/svmep\/#\/schema\/logo\/image\/","url":"https:\/\/sud.svmep.ch\/svmep\/wp-content\/uploads\/2024\/09\/svmep150x260.jpg","contentUrl":"https:\/\/sud.svmep.ch\/svmep\/wp-content\/uploads\/2024\/09\/svmep150x260.jpg","width":226,"height":127,"caption":"Syndicat vaudois des ma\u00eetres.ses de l'enseignement professionnel SVMEP"},"image":{"@id":"https:\/\/sud.svmep.ch\/svmep\/#\/schema\/logo\/image\/"}},{"@type":"Person","@id":"https:\/\/sud.svmep.ch\/svmep\/#\/schema\/person\/c89c46f48a039b5e5bc4a8eeeab1aece","name":"svmep-webmaster","image":{"@type":"ImageObject","inLanguage":"fr-FR","@id":"https:\/\/secure.gravatar.com\/avatar\/75b5925b5ca4f3df48f6bb05f81ad13dab8238efffb28bf26c5f1682dff96ea6?s=96&d=mm&r=g","url":"https:\/\/secure.gravatar.com\/avatar\/75b5925b5ca4f3df48f6bb05f81ad13dab8238efffb28bf26c5f1682dff96ea6?s=96&d=mm&r=g","contentUrl":"https:\/\/secure.gravatar.com\/avatar\/75b5925b5ca4f3df48f6bb05f81ad13dab8238efffb28bf26c5f1682dff96ea6?s=96&d=mm&r=g","caption":"svmep-webmaster"}}]}},"_links":{"self":[{"href":"https:\/\/sud.svmep.ch\/svmep\/wp-json\/wp\/v2\/posts\/692","targetHints":{"allow":["GET"]}}],"collection":[{"href":"https:\/\/sud.svmep.ch\/svmep\/wp-json\/wp\/v2\/posts"}],"about":[{"href":"https:\/\/sud.svmep.ch\/svmep\/wp-json\/wp\/v2\/types\/post"}],"author":[{"embeddable":true,"href":"https:\/\/sud.svmep.ch\/svmep\/wp-json\/wp\/v2\/users\/4"}],"replies":[{"embeddable":true,"href":"https:\/\/sud.svmep.ch\/svmep\/wp-json\/wp\/v2\/comments?post=692"}],"version-history":[{"count":0,"href":"https:\/\/sud.svmep.ch\/svmep\/wp-json\/wp\/v2\/posts\/692\/revisions"}],"wp:featuredmedia":[{"embeddable":true,"href":"https:\/\/sud.svmep.ch\/svmep\/wp-json\/wp\/v2\/media\/1542"}],"wp:attachment":[{"href":"https:\/\/sud.svmep.ch\/svmep\/wp-json\/wp\/v2\/media?parent=692"}],"wp:term":[{"taxonomy":"category","embeddable":true,"href":"https:\/\/sud.svmep.ch\/svmep\/wp-json\/wp\/v2\/categories?post=692"},{"taxonomy":"post_tag","embeddable":true,"href":"https:\/\/sud.svmep.ch\/svmep\/wp-json\/wp\/v2\/tags?post=692"}],"curies":[{"name":"wp","href":"https:\/\/api.w.org\/{rel}","templated":true}]}}