{"id":708,"date":"2020-11-23T21:43:50","date_gmt":"2020-11-23T20:43:50","guid":{"rendered":"http:\/\/sud.svmep.ch\/?p=708"},"modified":"2025-01-08T22:35:27","modified_gmt":"2025-01-08T21:35:27","slug":"indemnite-de-2000-libre-achat-de-materiel-informatique","status":"publish","type":"post","link":"https:\/\/sud.svmep.ch\/svmep\/indemnite-de-2000-libre-achat-de-materiel-informatique\/","title":{"rendered":"Pour une indemnit\u00e9 de 2000 francs au libre achat de mat\u00e9riel informatique !"},"content":{"rendered":"<div class=\"wp-block-post-date\"><time datetime=\"2020-11-23T21:43:50+01:00\">23 novembre 2020<\/time><\/div>\n\n<p><strong>Nous, enseignant.e.s de l\u2019enseignement obligatoire et postobligatoire vaudois, demandons par la pr\u00e9sente p\u00e9tition, une indemnit\u00e9 de 2000 francs, renouvelable tous les 5 ans, pour l\u2019\u00e9quipement en mat\u00e9riel informatique indispensable \u00e0 notre travail quotidien. Parce que l\u2019usage de ce mat\u00e9riel est devenu, pour toutes les enseignantes et tous les enseignants, depuis plus d\u2019une vingtaine d\u2019ann\u00e9es, n\u00e9cessaire \u00e0 notre travail quotidien, nous revendiquons que ce mat\u00e9riel soit pay\u00e9, en partie, par l\u2019employeur.<\/strong><\/p>\n<p>En effet, les moyens informatiques disponibles partag\u00e9s au sein des \u00e9tablissements\u00a0scolaires, des \u00e9coles professionnelles et des gymnases ne suffisent pas aux\u00a0exigences ; d\u2019ailleurs les employ\u00e9.e.s travaillent, planifient, corrigent et communiquent\u00a0r\u00e9guli\u00e8rement depuis leur domicile.<\/p>\n<p>De plus, la contrainte quotidienne, non n\u00e9gociable, formul\u00e9e par le D\u00e9partement\u00a0d\u2019utiliser les applications num\u00e9riques (PAREO ; NEO ; HERMES ; \u2026) exigent souvent\u00a0qu\u2019ils.elles soient pourvu.e.s de leur mat\u00e9riel num\u00e9rique personnel (t\u00e9l\u00e9phone\u00a0portable ; ordinateur portable ; tablette ; \u2026)<\/p>\n<p>Ces derniers mois, notamment lors de la fermeture de tous les lieux de formation, ont\u00a0d\u00e9montr\u00e9 clairement et sans exception la r\u00e9activit\u00e9 des employ\u00e9.e.s de l\u2019\u00c9tat de Vaud\u00a0\u00e0 faire face \u00e0 cette situation. Sans leur mat\u00e9riel informatique personnel, le bilan de\u00a0l\u2019enseignement \u00e0 distance aurait \u00e9t\u00e9 moins positif.<\/p>\n<p>Cette demande, raisonnable en regard du co\u00fbt r\u00e9el et de l\u2019usage dans le domaine\u00a0priv\u00e9, semble d\u2019autant plus l\u00e9gitime qu\u2019elle devrait permettre \u00e0 toutes et tous de se\u00a0projeter efficacement dans l\u2019\u00e9ducation num\u00e9rique souhait\u00e9e par le D\u00e9partement.<\/p>\n<p>D\u00e8s lors, il en d\u00e9coule que l\u2019employeur doit contribuer \u00e0 l\u2019acquisition de ce mat\u00e9riel\u00a0indispensable. Il n\u2019est plus tol\u00e9rable que les enseignant.e.s, d\u00e9sireux d\u2019effectuer leur\u00a0travail correctement, paient eux.elles-m\u00eames leur outil de travail !<\/p>\n<h6>Le texte et le formulaire de la p\u00e9tition sont <a href=\"http:\/\/sud.svmep.ch\/svmep\/wp-content\/uploads\/2020\/11\/20201101-P\u00e9tition-lanc\u00e9e.pdf\">ici<\/a>.<\/h6>","protected":false},"excerpt":{"rendered":"<p>23 novembre 2020 Nous, enseignant.e.s de l\u2019enseignement obligatoire et postobligatoire vaudois, demandons par la pr\u00e9sente p\u00e9tition, une indemnit\u00e9 de 2000 francs, renouvelable tous les 5 ans, pour l\u2019\u00e9quipement en mat\u00e9riel [&hellip;]<\/p>\n","protected":false},"author":4,"featured_media":1542,"comment_status":"closed","ping_status":"closed","sticky":false,"template":"","format":"standard","meta":{"footnotes":""},"categories":[5],"tags":[41,27],"class_list":["post-708","post","type-post","status-publish","format-standard","has-post-thumbnail","hentry","category-sud-education","tag-contrat-de-travail","tag-numerique"],"yoast_head":"<!-- This site is optimized with the Yoast SEO plugin v27.4 - https:\/\/yoast.com\/product\/yoast-seo-wordpress\/ -->\n<title>Pour une indemnit\u00e9 de 2000 francs au libre achat de mat\u00e9riel informatique ! - svmep.ch<\/title>\n<meta name=\"description\" content=\"P\u00e9tition demandant une indemnit\u00e9 de 2000 francs pour l\u2019\u00e9quipement en mat\u00e9riel informatique indispensable \u00e0 l&#039;enseignement.\" \/>\n<meta name=\"robots\" content=\"index, follow, max-snippet:-1, max-image-preview:large, max-video-preview:-1\" \/>\n<link rel=\"canonical\" href=\"https:\/\/sud.svmep.ch\/svmep\/indemnite-de-2000-libre-achat-de-materiel-informatique\/\" \/>\n<meta property=\"og:locale\" content=\"fr_FR\" \/>\n<meta property=\"og:type\" content=\"article\" \/>\n<meta property=\"og:title\" content=\"Pour une indemnit\u00e9 de 2000 francs au libre achat de mat\u00e9riel informatique ! - svmep.ch\" \/>\n<meta property=\"og:description\" content=\"P\u00e9tition demandant une indemnit\u00e9 de 2000 francs pour l\u2019\u00e9quipement en mat\u00e9riel informatique indispensable \u00e0 l&#039;enseignement.\" \/>\n<meta property=\"og:url\" content=\"https:\/\/sud.svmep.ch\/svmep\/indemnite-de-2000-libre-achat-de-materiel-informatique\/\" \/>\n<meta property=\"og:site_name\" content=\"svmep.ch\" \/>\n<meta property=\"article:published_time\" content=\"2020-11-23T20:43:50+00:00\" \/>\n<meta property=\"article:modified_time\" content=\"2025-01-08T21:35:27+00:00\" \/>\n<meta property=\"og:image\" content=\"https:\/\/sud.svmep.ch\/svmep\/wp-content\/uploads\/2024\/11\/logo_SUD-educ-copie.png\" \/>\n\t<meta property=\"og:image:width\" content=\"212\" \/>\n\t<meta property=\"og:image:height\" content=\"211\" \/>\n\t<meta property=\"og:image:type\" content=\"image\/png\" \/>\n<meta name=\"author\" content=\"svmep-webmaster\" \/>\n<meta name=\"twitter:card\" content=\"summary_large_image\" \/>\n<script type=\"application\/ld+json\" class=\"yoast-schema-graph\">{\"@context\":\"https:\\\/\\\/schema.org\",\"@graph\":[{\"@type\":\"Article\",\"@id\":\"https:\\\/\\\/sud.svmep.ch\\\/svmep\\\/indemnite-de-2000-libre-achat-de-materiel-informatique\\\/#article\",\"isPartOf\":{\"@id\":\"https:\\\/\\\/sud.svmep.ch\\\/svmep\\\/indemnite-de-2000-libre-achat-de-materiel-informatique\\\/\"},\"author\":{\"name\":\"svmep-webmaster\",\"@id\":\"https:\\\/\\\/sud.svmep.ch\\\/svmep\\\/#\\\/schema\\\/person\\\/c89c46f48a039b5e5bc4a8eeeab1aece\"},\"headline\":\"Pour une indemnit\u00e9 de 2000 francs au libre achat de mat\u00e9riel informatique !\",\"datePublished\":\"2020-11-23T20:43:50+00:00\",\"dateModified\":\"2025-01-08T21:35:27+00:00\",\"mainEntityOfPage\":{\"@id\":\"https:\\\/\\\/sud.svmep.ch\\\/svmep\\\/indemnite-de-2000-libre-achat-de-materiel-informatique\\\/\"},\"wordCount\":335,\"publisher\":{\"@id\":\"https:\\\/\\\/sud.svmep.ch\\\/svmep\\\/#organization\"},\"image\":{\"@id\":\"https:\\\/\\\/sud.svmep.ch\\\/svmep\\\/indemnite-de-2000-libre-achat-de-materiel-informatique\\\/#primaryimage\"},\"thumbnailUrl\":\"https:\\\/\\\/sud.svmep.ch\\\/svmep\\\/wp-content\\\/uploads\\\/2024\\\/11\\\/logo_SUD-educ-copie.png\",\"keywords\":[\"contrat de travail\",\"num\u00e9rique\"],\"articleSection\":[\"SUD-\u00c9ducation\"],\"inLanguage\":\"fr-FR\"},{\"@type\":\"WebPage\",\"@id\":\"https:\\\/\\\/sud.svmep.ch\\\/svmep\\\/indemnite-de-2000-libre-achat-de-materiel-informatique\\\/\",\"url\":\"https:\\\/\\\/sud.svmep.ch\\\/svmep\\\/indemnite-de-2000-libre-achat-de-materiel-informatique\\\/\",\"name\":\"Pour une indemnit\u00e9 de 2000 francs au libre achat de mat\u00e9riel informatique ! - svmep.ch\",\"isPartOf\":{\"@id\":\"https:\\\/\\\/sud.svmep.ch\\\/svmep\\\/#website\"},\"primaryImageOfPage\":{\"@id\":\"https:\\\/\\\/sud.svmep.ch\\\/svmep\\\/indemnite-de-2000-libre-achat-de-materiel-informatique\\\/#primaryimage\"},\"image\":{\"@id\":\"https:\\\/\\\/sud.svmep.ch\\\/svmep\\\/indemnite-de-2000-libre-achat-de-materiel-informatique\\\/#primaryimage\"},\"thumbnailUrl\":\"https:\\\/\\\/sud.svmep.ch\\\/svmep\\\/wp-content\\\/uploads\\\/2024\\\/11\\\/logo_SUD-educ-copie.png\",\"datePublished\":\"2020-11-23T20:43:50+00:00\",\"dateModified\":\"2025-01-08T21:35:27+00:00\",\"description\":\"P\u00e9tition demandant une indemnit\u00e9 de 2000 francs pour l\u2019\u00e9quipement en mat\u00e9riel informatique indispensable \u00e0 l'enseignement.\",\"breadcrumb\":{\"@id\":\"https:\\\/\\\/sud.svmep.ch\\\/svmep\\\/indemnite-de-2000-libre-achat-de-materiel-informatique\\\/#breadcrumb\"},\"inLanguage\":\"fr-FR\",\"potentialAction\":[{\"@type\":\"ReadAction\",\"target\":[\"https:\\\/\\\/sud.svmep.ch\\\/svmep\\\/indemnite-de-2000-libre-achat-de-materiel-informatique\\\/\"]}]},{\"@type\":\"ImageObject\",\"inLanguage\":\"fr-FR\",\"@id\":\"https:\\\/\\\/sud.svmep.ch\\\/svmep\\\/indemnite-de-2000-libre-achat-de-materiel-informatique\\\/#primaryimage\",\"url\":\"https:\\\/\\\/sud.svmep.ch\\\/svmep\\\/wp-content\\\/uploads\\\/2024\\\/11\\\/logo_SUD-educ-copie.png\",\"contentUrl\":\"https:\\\/\\\/sud.svmep.ch\\\/svmep\\\/wp-content\\\/uploads\\\/2024\\\/11\\\/logo_SUD-educ-copie.png\",\"width\":212,\"height\":211},{\"@type\":\"BreadcrumbList\",\"@id\":\"https:\\\/\\\/sud.svmep.ch\\\/svmep\\\/indemnite-de-2000-libre-achat-de-materiel-informatique\\\/#breadcrumb\",\"itemListElement\":[{\"@type\":\"ListItem\",\"position\":1,\"name\":\"Accueil\",\"item\":\"https:\\\/\\\/sud.svmep.ch\\\/svmep\\\/\"},{\"@type\":\"ListItem\",\"position\":2,\"name\":\"SUD-\u00c9ducation\",\"item\":\"https:\\\/\\\/sud.svmep.ch\\\/svmep\\\/category\\\/sud-education\\\/\"},{\"@type\":\"ListItem\",\"position\":3,\"name\":\"Pour une indemnit\u00e9 de 2000 francs au libre achat de mat\u00e9riel informatique !\"}]},{\"@type\":\"WebSite\",\"@id\":\"https:\\\/\\\/sud.svmep.ch\\\/svmep\\\/#website\",\"url\":\"https:\\\/\\\/sud.svmep.ch\\\/svmep\\\/\",\"name\":\"Syndicat vaudois des ma\u00eetres.ses de l'enseignement professionnel\",\"description\":\"\",\"publisher\":{\"@id\":\"https:\\\/\\\/sud.svmep.ch\\\/svmep\\\/#organization\"},\"alternateName\":\"SVMEP\",\"potentialAction\":[{\"@type\":\"SearchAction\",\"target\":{\"@type\":\"EntryPoint\",\"urlTemplate\":\"https:\\\/\\\/sud.svmep.ch\\\/svmep\\\/?s={search_term_string}\"},\"query-input\":{\"@type\":\"PropertyValueSpecification\",\"valueRequired\":true,\"valueName\":\"search_term_string\"}}],\"inLanguage\":\"fr-FR\"},{\"@type\":\"Organization\",\"@id\":\"https:\\\/\\\/sud.svmep.ch\\\/svmep\\\/#organization\",\"name\":\"Syndicat vaudois des ma\u00eetres.ses de l'enseignement professionnel SVMEP\",\"alternateName\":\"SVMEP\",\"url\":\"https:\\\/\\\/sud.svmep.ch\\\/svmep\\\/\",\"logo\":{\"@type\":\"ImageObject\",\"inLanguage\":\"fr-FR\",\"@id\":\"https:\\\/\\\/sud.svmep.ch\\\/svmep\\\/#\\\/schema\\\/logo\\\/image\\\/\",\"url\":\"https:\\\/\\\/sud.svmep.ch\\\/svmep\\\/wp-content\\\/uploads\\\/2024\\\/09\\\/svmep150x260.jpg\",\"contentUrl\":\"https:\\\/\\\/sud.svmep.ch\\\/svmep\\\/wp-content\\\/uploads\\\/2024\\\/09\\\/svmep150x260.jpg\",\"width\":226,\"height\":127,\"caption\":\"Syndicat vaudois des ma\u00eetres.ses de l'enseignement professionnel SVMEP\"},\"image\":{\"@id\":\"https:\\\/\\\/sud.svmep.ch\\\/svmep\\\/#\\\/schema\\\/logo\\\/image\\\/\"}},{\"@type\":\"Person\",\"@id\":\"https:\\\/\\\/sud.svmep.ch\\\/svmep\\\/#\\\/schema\\\/person\\\/c89c46f48a039b5e5bc4a8eeeab1aece\",\"name\":\"svmep-webmaster\",\"image\":{\"@type\":\"ImageObject\",\"inLanguage\":\"fr-FR\",\"@id\":\"https:\\\/\\\/secure.gravatar.com\\\/avatar\\\/75b5925b5ca4f3df48f6bb05f81ad13dab8238efffb28bf26c5f1682dff96ea6?s=96&d=mm&r=g\",\"url\":\"https:\\\/\\\/secure.gravatar.com\\\/avatar\\\/75b5925b5ca4f3df48f6bb05f81ad13dab8238efffb28bf26c5f1682dff96ea6?s=96&d=mm&r=g\",\"contentUrl\":\"https:\\\/\\\/secure.gravatar.com\\\/avatar\\\/75b5925b5ca4f3df48f6bb05f81ad13dab8238efffb28bf26c5f1682dff96ea6?s=96&d=mm&r=g\",\"caption\":\"svmep-webmaster\"}}]}<\/script>\n<!-- \/ Yoast SEO plugin. -->","yoast_head_json":{"title":"Pour une indemnit\u00e9 de 2000 francs au libre achat de mat\u00e9riel informatique ! - svmep.ch","description":"P\u00e9tition demandant une indemnit\u00e9 de 2000 francs pour l\u2019\u00e9quipement en mat\u00e9riel informatique indispensable \u00e0 l'enseignement.","robots":{"index":"index","follow":"follow","max-snippet":"max-snippet:-1","max-image-preview":"max-image-preview:large","max-video-preview":"max-video-preview:-1"},"canonical":"https:\/\/sud.svmep.ch\/svmep\/indemnite-de-2000-libre-achat-de-materiel-informatique\/","og_locale":"fr_FR","og_type":"article","og_title":"Pour une indemnit\u00e9 de 2000 francs au libre achat de mat\u00e9riel informatique ! - svmep.ch","og_description":"P\u00e9tition demandant une indemnit\u00e9 de 2000 francs pour l\u2019\u00e9quipement en mat\u00e9riel informatique indispensable \u00e0 l'enseignement.","og_url":"https:\/\/sud.svmep.ch\/svmep\/indemnite-de-2000-libre-achat-de-materiel-informatique\/","og_site_name":"svmep.ch","article_published_time":"2020-11-23T20:43:50+00:00","article_modified_time":"2025-01-08T21:35:27+00:00","og_image":[{"width":212,"height":211,"url":"https:\/\/sud.svmep.ch\/svmep\/wp-content\/uploads\/2024\/11\/logo_SUD-educ-copie.png","type":"image\/png"}],"author":"svmep-webmaster","twitter_card":"summary_large_image","schema":{"@context":"https:\/\/schema.org","@graph":[{"@type":"Article","@id":"https:\/\/sud.svmep.ch\/svmep\/indemnite-de-2000-libre-achat-de-materiel-informatique\/#article","isPartOf":{"@id":"https:\/\/sud.svmep.ch\/svmep\/indemnite-de-2000-libre-achat-de-materiel-informatique\/"},"author":{"name":"svmep-webmaster","@id":"https:\/\/sud.svmep.ch\/svmep\/#\/schema\/person\/c89c46f48a039b5e5bc4a8eeeab1aece"},"headline":"Pour une indemnit\u00e9 de 2000 francs au libre achat de mat\u00e9riel informatique !","datePublished":"2020-11-23T20:43:50+00:00","dateModified":"2025-01-08T21:35:27+00:00","mainEntityOfPage":{"@id":"https:\/\/sud.svmep.ch\/svmep\/indemnite-de-2000-libre-achat-de-materiel-informatique\/"},"wordCount":335,"publisher":{"@id":"https:\/\/sud.svmep.ch\/svmep\/#organization"},"image":{"@id":"https:\/\/sud.svmep.ch\/svmep\/indemnite-de-2000-libre-achat-de-materiel-informatique\/#primaryimage"},"thumbnailUrl":"https:\/\/sud.svmep.ch\/svmep\/wp-content\/uploads\/2024\/11\/logo_SUD-educ-copie.png","keywords":["contrat de travail","num\u00e9rique"],"articleSection":["SUD-\u00c9ducation"],"inLanguage":"fr-FR"},{"@type":"WebPage","@id":"https:\/\/sud.svmep.ch\/svmep\/indemnite-de-2000-libre-achat-de-materiel-informatique\/","url":"https:\/\/sud.svmep.ch\/svmep\/indemnite-de-2000-libre-achat-de-materiel-informatique\/","name":"Pour une indemnit\u00e9 de 2000 francs au libre achat de mat\u00e9riel informatique ! - svmep.ch","isPartOf":{"@id":"https:\/\/sud.svmep.ch\/svmep\/#website"},"primaryImageOfPage":{"@id":"https:\/\/sud.svmep.ch\/svmep\/indemnite-de-2000-libre-achat-de-materiel-informatique\/#primaryimage"},"image":{"@id":"https:\/\/sud.svmep.ch\/svmep\/indemnite-de-2000-libre-achat-de-materiel-informatique\/#primaryimage"},"thumbnailUrl":"https:\/\/sud.svmep.ch\/svmep\/wp-content\/uploads\/2024\/11\/logo_SUD-educ-copie.png","datePublished":"2020-11-23T20:43:50+00:00","dateModified":"2025-01-08T21:35:27+00:00","description":"P\u00e9tition demandant une indemnit\u00e9 de 2000 francs pour l\u2019\u00e9quipement en mat\u00e9riel informatique indispensable \u00e0 l'enseignement.","breadcrumb":{"@id":"https:\/\/sud.svmep.ch\/svmep\/indemnite-de-2000-libre-achat-de-materiel-informatique\/#breadcrumb"},"inLanguage":"fr-FR","potentialAction":[{"@type":"ReadAction","target":["https:\/\/sud.svmep.ch\/svmep\/indemnite-de-2000-libre-achat-de-materiel-informatique\/"]}]},{"@type":"ImageObject","inLanguage":"fr-FR","@id":"https:\/\/sud.svmep.ch\/svmep\/indemnite-de-2000-libre-achat-de-materiel-informatique\/#primaryimage","url":"https:\/\/sud.svmep.ch\/svmep\/wp-content\/uploads\/2024\/11\/logo_SUD-educ-copie.png","contentUrl":"https:\/\/sud.svmep.ch\/svmep\/wp-content\/uploads\/2024\/11\/logo_SUD-educ-copie.png","width":212,"height":211},{"@type":"BreadcrumbList","@id":"https:\/\/sud.svmep.ch\/svmep\/indemnite-de-2000-libre-achat-de-materiel-informatique\/#breadcrumb","itemListElement":[{"@type":"ListItem","position":1,"name":"Accueil","item":"https:\/\/sud.svmep.ch\/svmep\/"},{"@type":"ListItem","position":2,"name":"SUD-\u00c9ducation","item":"https:\/\/sud.svmep.ch\/svmep\/category\/sud-education\/"},{"@type":"ListItem","position":3,"name":"Pour une indemnit\u00e9 de 2000 francs au libre achat de mat\u00e9riel informatique !"}]},{"@type":"WebSite","@id":"https:\/\/sud.svmep.ch\/svmep\/#website","url":"https:\/\/sud.svmep.ch\/svmep\/","name":"Syndicat vaudois des ma\u00eetres.ses de l'enseignement professionnel","description":"","publisher":{"@id":"https:\/\/sud.svmep.ch\/svmep\/#organization"},"alternateName":"SVMEP","potentialAction":[{"@type":"SearchAction","target":{"@type":"EntryPoint","urlTemplate":"https:\/\/sud.svmep.ch\/svmep\/?s={search_term_string}"},"query-input":{"@type":"PropertyValueSpecification","valueRequired":true,"valueName":"search_term_string"}}],"inLanguage":"fr-FR"},{"@type":"Organization","@id":"https:\/\/sud.svmep.ch\/svmep\/#organization","name":"Syndicat vaudois des ma\u00eetres.ses de l'enseignement professionnel SVMEP","alternateName":"SVMEP","url":"https:\/\/sud.svmep.ch\/svmep\/","logo":{"@type":"ImageObject","inLanguage":"fr-FR","@id":"https:\/\/sud.svmep.ch\/svmep\/#\/schema\/logo\/image\/","url":"https:\/\/sud.svmep.ch\/svmep\/wp-content\/uploads\/2024\/09\/svmep150x260.jpg","contentUrl":"https:\/\/sud.svmep.ch\/svmep\/wp-content\/uploads\/2024\/09\/svmep150x260.jpg","width":226,"height":127,"caption":"Syndicat vaudois des ma\u00eetres.ses de l'enseignement professionnel SVMEP"},"image":{"@id":"https:\/\/sud.svmep.ch\/svmep\/#\/schema\/logo\/image\/"}},{"@type":"Person","@id":"https:\/\/sud.svmep.ch\/svmep\/#\/schema\/person\/c89c46f48a039b5e5bc4a8eeeab1aece","name":"svmep-webmaster","image":{"@type":"ImageObject","inLanguage":"fr-FR","@id":"https:\/\/secure.gravatar.com\/avatar\/75b5925b5ca4f3df48f6bb05f81ad13dab8238efffb28bf26c5f1682dff96ea6?s=96&d=mm&r=g","url":"https:\/\/secure.gravatar.com\/avatar\/75b5925b5ca4f3df48f6bb05f81ad13dab8238efffb28bf26c5f1682dff96ea6?s=96&d=mm&r=g","contentUrl":"https:\/\/secure.gravatar.com\/avatar\/75b5925b5ca4f3df48f6bb05f81ad13dab8238efffb28bf26c5f1682dff96ea6?s=96&d=mm&r=g","caption":"svmep-webmaster"}}]}},"_links":{"self":[{"href":"https:\/\/sud.svmep.ch\/svmep\/wp-json\/wp\/v2\/posts\/708","targetHints":{"allow":["GET"]}}],"collection":[{"href":"https:\/\/sud.svmep.ch\/svmep\/wp-json\/wp\/v2\/posts"}],"about":[{"href":"https:\/\/sud.svmep.ch\/svmep\/wp-json\/wp\/v2\/types\/post"}],"author":[{"embeddable":true,"href":"https:\/\/sud.svmep.ch\/svmep\/wp-json\/wp\/v2\/users\/4"}],"replies":[{"embeddable":true,"href":"https:\/\/sud.svmep.ch\/svmep\/wp-json\/wp\/v2\/comments?post=708"}],"version-history":[{"count":0,"href":"https:\/\/sud.svmep.ch\/svmep\/wp-json\/wp\/v2\/posts\/708\/revisions"}],"wp:featuredmedia":[{"embeddable":true,"href":"https:\/\/sud.svmep.ch\/svmep\/wp-json\/wp\/v2\/media\/1542"}],"wp:attachment":[{"href":"https:\/\/sud.svmep.ch\/svmep\/wp-json\/wp\/v2\/media?parent=708"}],"wp:term":[{"taxonomy":"category","embeddable":true,"href":"https:\/\/sud.svmep.ch\/svmep\/wp-json\/wp\/v2\/categories?post=708"},{"taxonomy":"post_tag","embeddable":true,"href":"https:\/\/sud.svmep.ch\/svmep\/wp-json\/wp\/v2\/tags?post=708"}],"curies":[{"name":"wp","href":"https:\/\/api.w.org\/{rel}","templated":true}]}}