{"id":713,"date":"2020-12-06T16:15:13","date_gmt":"2020-12-06T15:15:13","guid":{"rendered":"http:\/\/sud.svmep.ch\/?p=713"},"modified":"2025-09-21T17:16:54","modified_gmt":"2025-09-21T16:16:54","slug":"grand-bond-lhyper-controle","status":"publish","type":"post","link":"https:\/\/sud.svmep.ch\/svmep\/grand-bond-lhyper-controle\/","title":{"rendered":"Le \u00abgrand bond en avant\u00bb\u2026 dans l\u2019hyper-contr\u00f4le"},"content":{"rendered":"<div class=\"wp-block-post-date\"><time datetime=\"2020-12-06T16:15:13+01:00\">6 d\u00e9cembre 2020<\/time><\/div>\n\n<p><strong>SUD-\u00c9ducation publie un num\u00e9ro d&rsquo;<em>\u00c9cole \u00e9mancip\u00e9e<\/em>, suite \u00e0 la d\u00e9cision de la DGEP de g\u00e9n\u00e9raliser l\u2019agenda \u00e9lectronique. \u00c0 lire ci-dessous.<\/strong><\/p>\n\n\n<blockquote class=\"wp-block-quote is-layout-flow wp-block-quote-is-layout-flow\">\n<p>Derri\u00e8re l\u2019agenda \u00e9lectronique centralis\u00e9, se joue aussi la transformation de l\u2019\u00e9cole. On passe de la classe, comme entit\u00e9 collective, \u00e0 une somme d\u2019individus isol\u00e9s, atomis\u00e9s, sans lien les uns avec les autres; bref \u00e0 des \u00abclient\u00b7e\u00b7s\u00bb. L\u2019agenda \u00e9lectronique centralis\u00e9 r\u00e9pond \u00e0 ce&nbsp;nouveau paradigme, puisque chacun\u00b7e pourrait trouver, sans l\u2019(entr)aide des autres, tout ce qu\u2019il faut pour suivre sa formation.<\/p>\n<\/blockquote>\n\n\n\n<div data-wp-interactive=\"core\/file\" class=\"wp-block-file\"><object data-wp-bind--hidden=\"!state.hasPdfPreview\" hidden class=\"wp-block-file__embed\" data=\"https:\/\/sud.svmep.ch\/svmep\/wp-content\/uploads\/2020\/12\/2020-12-ecole-emancipee.pdf\" type=\"application\/pdf\" style=\"width:100%;height:600px\" aria-label=\"Contenu embarqu\u00e9 \u00c9cole \u00e9mancip\u00e9e d\u00e9cembre 2020.\"><\/object><a id=\"wp-block-file--media-e18be18a-6a23-4aaa-8dcc-48e662f1b7e0\" href=\"https:\/\/sud.svmep.ch\/svmep\/wp-content\/uploads\/2020\/12\/2020-12-ecole-emancipee.pdf\" target=\"_blank\" rel=\"noreferrer noopener\">\u00c9cole \u00e9mancip\u00e9e d\u00e9cembre 2020<\/a><a href=\"https:\/\/sud.svmep.ch\/svmep\/wp-content\/uploads\/2020\/12\/2020-12-ecole-emancipee.pdf\" class=\"wp-block-file__button wp-element-button\" download aria-describedby=\"wp-block-file--media-e18be18a-6a23-4aaa-8dcc-48e662f1b7e0\">T\u00e9l\u00e9charger<\/a><\/div>\n","protected":false},"excerpt":{"rendered":"<p>6 d\u00e9cembre 2020 SUD-\u00c9ducation publie un num\u00e9ro d&rsquo;\u00c9cole \u00e9mancip\u00e9e, suite \u00e0 la d\u00e9cision de la DGEP de g\u00e9n\u00e9raliser l\u2019agenda \u00e9lectronique. \u00c0 lire ci-dessous. Derri\u00e8re l\u2019agenda \u00e9lectronique centralis\u00e9, se joue aussi [&hellip;]<\/p>\n","protected":false},"author":4,"featured_media":1542,"comment_status":"closed","ping_status":"closed","sticky":false,"template":"","format":"standard","meta":{"footnotes":""},"categories":[40,5],"tags":[27,24],"class_list":["post-713","post","type-post","status-publish","format-standard","has-post-thumbnail","hentry","category-positions-sur-lecole-publique-et-la-formation-professionnelle","category-sud-education","tag-numerique","tag-temps-de-travail-enseignant"],"yoast_head":"<!-- This site is optimized with the Yoast SEO plugin v27.4 - https:\/\/yoast.com\/product\/yoast-seo-wordpress\/ -->\n<title>Le \u00abgrand bond en avant\u00bb\u2026 dans l\u2019hyper-contr\u00f4le - svmep.ch<\/title>\n<meta name=\"description\" content=\"SUD-\u00c9ducation publie un num\u00e9ro d&#039;\u00c9cole \u00e9mancip\u00e9e, suite \u00e0 la d\u00e9cision de la DGEP de g\u00e9n\u00e9raliser l\u2019agenda \u00e9lectronique.\" \/>\n<meta name=\"robots\" content=\"index, follow, max-snippet:-1, max-image-preview:large, max-video-preview:-1\" \/>\n<link rel=\"canonical\" href=\"https:\/\/sud.svmep.ch\/svmep\/grand-bond-lhyper-controle\/\" \/>\n<meta property=\"og:locale\" content=\"fr_FR\" \/>\n<meta property=\"og:type\" content=\"article\" \/>\n<meta property=\"og:title\" content=\"Le \u00abgrand bond en avant\u00bb\u2026 dans l\u2019hyper-contr\u00f4le - svmep.ch\" \/>\n<meta property=\"og:description\" content=\"SUD-\u00c9ducation publie un num\u00e9ro d&#039;\u00c9cole \u00e9mancip\u00e9e, suite \u00e0 la d\u00e9cision de la DGEP de g\u00e9n\u00e9raliser l\u2019agenda \u00e9lectronique.\" \/>\n<meta property=\"og:url\" content=\"https:\/\/sud.svmep.ch\/svmep\/grand-bond-lhyper-controle\/\" \/>\n<meta property=\"og:site_name\" content=\"svmep.ch\" \/>\n<meta property=\"article:published_time\" content=\"2020-12-06T15:15:13+00:00\" \/>\n<meta property=\"article:modified_time\" content=\"2025-09-21T16:16:54+00:00\" \/>\n<meta property=\"og:image\" content=\"https:\/\/sud.svmep.ch\/svmep\/wp-content\/uploads\/2024\/11\/logo_SUD-educ-copie.png\" \/>\n\t<meta property=\"og:image:width\" content=\"212\" \/>\n\t<meta property=\"og:image:height\" content=\"211\" \/>\n\t<meta property=\"og:image:type\" content=\"image\/png\" \/>\n<meta name=\"author\" content=\"svmep-webmaster\" \/>\n<meta name=\"twitter:card\" content=\"summary_large_image\" \/>\n<script type=\"application\/ld+json\" class=\"yoast-schema-graph\">{\"@context\":\"https:\\\/\\\/schema.org\",\"@graph\":[{\"@type\":\"Article\",\"@id\":\"https:\\\/\\\/sud.svmep.ch\\\/svmep\\\/grand-bond-lhyper-controle\\\/#article\",\"isPartOf\":{\"@id\":\"https:\\\/\\\/sud.svmep.ch\\\/svmep\\\/grand-bond-lhyper-controle\\\/\"},\"author\":{\"name\":\"svmep-webmaster\",\"@id\":\"https:\\\/\\\/sud.svmep.ch\\\/svmep\\\/#\\\/schema\\\/person\\\/c89c46f48a039b5e5bc4a8eeeab1aece\"},\"headline\":\"Le \u00abgrand bond en avant\u00bb\u2026 dans l\u2019hyper-contr\u00f4le\",\"datePublished\":\"2020-12-06T15:15:13+00:00\",\"dateModified\":\"2025-09-21T16:16:54+00:00\",\"mainEntityOfPage\":{\"@id\":\"https:\\\/\\\/sud.svmep.ch\\\/svmep\\\/grand-bond-lhyper-controle\\\/\"},\"wordCount\":115,\"publisher\":{\"@id\":\"https:\\\/\\\/sud.svmep.ch\\\/svmep\\\/#organization\"},\"image\":{\"@id\":\"https:\\\/\\\/sud.svmep.ch\\\/svmep\\\/grand-bond-lhyper-controle\\\/#primaryimage\"},\"thumbnailUrl\":\"https:\\\/\\\/sud.svmep.ch\\\/svmep\\\/wp-content\\\/uploads\\\/2024\\\/11\\\/logo_SUD-educ-copie.png\",\"keywords\":[\"num\u00e9rique\",\"temps de travail\"],\"articleSection\":[\"Positions sur l'\u00e9cole publique et la formation professionnelle\",\"SUD-\u00c9ducation\"],\"inLanguage\":\"fr-FR\"},{\"@type\":\"WebPage\",\"@id\":\"https:\\\/\\\/sud.svmep.ch\\\/svmep\\\/grand-bond-lhyper-controle\\\/\",\"url\":\"https:\\\/\\\/sud.svmep.ch\\\/svmep\\\/grand-bond-lhyper-controle\\\/\",\"name\":\"Le \u00abgrand bond en avant\u00bb\u2026 dans l\u2019hyper-contr\u00f4le - svmep.ch\",\"isPartOf\":{\"@id\":\"https:\\\/\\\/sud.svmep.ch\\\/svmep\\\/#website\"},\"primaryImageOfPage\":{\"@id\":\"https:\\\/\\\/sud.svmep.ch\\\/svmep\\\/grand-bond-lhyper-controle\\\/#primaryimage\"},\"image\":{\"@id\":\"https:\\\/\\\/sud.svmep.ch\\\/svmep\\\/grand-bond-lhyper-controle\\\/#primaryimage\"},\"thumbnailUrl\":\"https:\\\/\\\/sud.svmep.ch\\\/svmep\\\/wp-content\\\/uploads\\\/2024\\\/11\\\/logo_SUD-educ-copie.png\",\"datePublished\":\"2020-12-06T15:15:13+00:00\",\"dateModified\":\"2025-09-21T16:16:54+00:00\",\"description\":\"SUD-\u00c9ducation publie un num\u00e9ro d'\u00c9cole \u00e9mancip\u00e9e, suite \u00e0 la d\u00e9cision de la DGEP de g\u00e9n\u00e9raliser l\u2019agenda \u00e9lectronique.\",\"breadcrumb\":{\"@id\":\"https:\\\/\\\/sud.svmep.ch\\\/svmep\\\/grand-bond-lhyper-controle\\\/#breadcrumb\"},\"inLanguage\":\"fr-FR\",\"potentialAction\":[{\"@type\":\"ReadAction\",\"target\":[\"https:\\\/\\\/sud.svmep.ch\\\/svmep\\\/grand-bond-lhyper-controle\\\/\"]}]},{\"@type\":\"ImageObject\",\"inLanguage\":\"fr-FR\",\"@id\":\"https:\\\/\\\/sud.svmep.ch\\\/svmep\\\/grand-bond-lhyper-controle\\\/#primaryimage\",\"url\":\"https:\\\/\\\/sud.svmep.ch\\\/svmep\\\/wp-content\\\/uploads\\\/2024\\\/11\\\/logo_SUD-educ-copie.png\",\"contentUrl\":\"https:\\\/\\\/sud.svmep.ch\\\/svmep\\\/wp-content\\\/uploads\\\/2024\\\/11\\\/logo_SUD-educ-copie.png\",\"width\":212,\"height\":211},{\"@type\":\"BreadcrumbList\",\"@id\":\"https:\\\/\\\/sud.svmep.ch\\\/svmep\\\/grand-bond-lhyper-controle\\\/#breadcrumb\",\"itemListElement\":[{\"@type\":\"ListItem\",\"position\":1,\"name\":\"Accueil\",\"item\":\"https:\\\/\\\/sud.svmep.ch\\\/svmep\\\/\"},{\"@type\":\"ListItem\",\"position\":2,\"name\":\"SUD-\u00c9ducation\",\"item\":\"https:\\\/\\\/sud.svmep.ch\\\/svmep\\\/category\\\/sud-education\\\/\"},{\"@type\":\"ListItem\",\"position\":3,\"name\":\"Le \u00abgrand bond en avant\u00bb\u2026 dans l\u2019hyper-contr\u00f4le\"}]},{\"@type\":\"WebSite\",\"@id\":\"https:\\\/\\\/sud.svmep.ch\\\/svmep\\\/#website\",\"url\":\"https:\\\/\\\/sud.svmep.ch\\\/svmep\\\/\",\"name\":\"Syndicat vaudois des ma\u00eetres.ses de l'enseignement professionnel\",\"description\":\"\",\"publisher\":{\"@id\":\"https:\\\/\\\/sud.svmep.ch\\\/svmep\\\/#organization\"},\"alternateName\":\"SVMEP\",\"potentialAction\":[{\"@type\":\"SearchAction\",\"target\":{\"@type\":\"EntryPoint\",\"urlTemplate\":\"https:\\\/\\\/sud.svmep.ch\\\/svmep\\\/?s={search_term_string}\"},\"query-input\":{\"@type\":\"PropertyValueSpecification\",\"valueRequired\":true,\"valueName\":\"search_term_string\"}}],\"inLanguage\":\"fr-FR\"},{\"@type\":\"Organization\",\"@id\":\"https:\\\/\\\/sud.svmep.ch\\\/svmep\\\/#organization\",\"name\":\"Syndicat vaudois des ma\u00eetres.ses de l'enseignement professionnel SVMEP\",\"alternateName\":\"SVMEP\",\"url\":\"https:\\\/\\\/sud.svmep.ch\\\/svmep\\\/\",\"logo\":{\"@type\":\"ImageObject\",\"inLanguage\":\"fr-FR\",\"@id\":\"https:\\\/\\\/sud.svmep.ch\\\/svmep\\\/#\\\/schema\\\/logo\\\/image\\\/\",\"url\":\"https:\\\/\\\/sud.svmep.ch\\\/svmep\\\/wp-content\\\/uploads\\\/2024\\\/09\\\/svmep150x260.jpg\",\"contentUrl\":\"https:\\\/\\\/sud.svmep.ch\\\/svmep\\\/wp-content\\\/uploads\\\/2024\\\/09\\\/svmep150x260.jpg\",\"width\":226,\"height\":127,\"caption\":\"Syndicat vaudois des ma\u00eetres.ses de l'enseignement professionnel SVMEP\"},\"image\":{\"@id\":\"https:\\\/\\\/sud.svmep.ch\\\/svmep\\\/#\\\/schema\\\/logo\\\/image\\\/\"}},{\"@type\":\"Person\",\"@id\":\"https:\\\/\\\/sud.svmep.ch\\\/svmep\\\/#\\\/schema\\\/person\\\/c89c46f48a039b5e5bc4a8eeeab1aece\",\"name\":\"svmep-webmaster\",\"image\":{\"@type\":\"ImageObject\",\"inLanguage\":\"fr-FR\",\"@id\":\"https:\\\/\\\/secure.gravatar.com\\\/avatar\\\/75b5925b5ca4f3df48f6bb05f81ad13dab8238efffb28bf26c5f1682dff96ea6?s=96&d=mm&r=g\",\"url\":\"https:\\\/\\\/secure.gravatar.com\\\/avatar\\\/75b5925b5ca4f3df48f6bb05f81ad13dab8238efffb28bf26c5f1682dff96ea6?s=96&d=mm&r=g\",\"contentUrl\":\"https:\\\/\\\/secure.gravatar.com\\\/avatar\\\/75b5925b5ca4f3df48f6bb05f81ad13dab8238efffb28bf26c5f1682dff96ea6?s=96&d=mm&r=g\",\"caption\":\"svmep-webmaster\"}}]}<\/script>\n<!-- \/ Yoast SEO plugin. -->","yoast_head_json":{"title":"Le \u00abgrand bond en avant\u00bb\u2026 dans l\u2019hyper-contr\u00f4le - svmep.ch","description":"SUD-\u00c9ducation publie un num\u00e9ro d'\u00c9cole \u00e9mancip\u00e9e, suite \u00e0 la d\u00e9cision de la DGEP de g\u00e9n\u00e9raliser l\u2019agenda \u00e9lectronique.","robots":{"index":"index","follow":"follow","max-snippet":"max-snippet:-1","max-image-preview":"max-image-preview:large","max-video-preview":"max-video-preview:-1"},"canonical":"https:\/\/sud.svmep.ch\/svmep\/grand-bond-lhyper-controle\/","og_locale":"fr_FR","og_type":"article","og_title":"Le \u00abgrand bond en avant\u00bb\u2026 dans l\u2019hyper-contr\u00f4le - svmep.ch","og_description":"SUD-\u00c9ducation publie un num\u00e9ro d'\u00c9cole \u00e9mancip\u00e9e, suite \u00e0 la d\u00e9cision de la DGEP de g\u00e9n\u00e9raliser l\u2019agenda \u00e9lectronique.","og_url":"https:\/\/sud.svmep.ch\/svmep\/grand-bond-lhyper-controle\/","og_site_name":"svmep.ch","article_published_time":"2020-12-06T15:15:13+00:00","article_modified_time":"2025-09-21T16:16:54+00:00","og_image":[{"width":212,"height":211,"url":"https:\/\/sud.svmep.ch\/svmep\/wp-content\/uploads\/2024\/11\/logo_SUD-educ-copie.png","type":"image\/png"}],"author":"svmep-webmaster","twitter_card":"summary_large_image","schema":{"@context":"https:\/\/schema.org","@graph":[{"@type":"Article","@id":"https:\/\/sud.svmep.ch\/svmep\/grand-bond-lhyper-controle\/#article","isPartOf":{"@id":"https:\/\/sud.svmep.ch\/svmep\/grand-bond-lhyper-controle\/"},"author":{"name":"svmep-webmaster","@id":"https:\/\/sud.svmep.ch\/svmep\/#\/schema\/person\/c89c46f48a039b5e5bc4a8eeeab1aece"},"headline":"Le \u00abgrand bond en avant\u00bb\u2026 dans l\u2019hyper-contr\u00f4le","datePublished":"2020-12-06T15:15:13+00:00","dateModified":"2025-09-21T16:16:54+00:00","mainEntityOfPage":{"@id":"https:\/\/sud.svmep.ch\/svmep\/grand-bond-lhyper-controle\/"},"wordCount":115,"publisher":{"@id":"https:\/\/sud.svmep.ch\/svmep\/#organization"},"image":{"@id":"https:\/\/sud.svmep.ch\/svmep\/grand-bond-lhyper-controle\/#primaryimage"},"thumbnailUrl":"https:\/\/sud.svmep.ch\/svmep\/wp-content\/uploads\/2024\/11\/logo_SUD-educ-copie.png","keywords":["num\u00e9rique","temps de travail"],"articleSection":["Positions sur l'\u00e9cole publique et la formation professionnelle","SUD-\u00c9ducation"],"inLanguage":"fr-FR"},{"@type":"WebPage","@id":"https:\/\/sud.svmep.ch\/svmep\/grand-bond-lhyper-controle\/","url":"https:\/\/sud.svmep.ch\/svmep\/grand-bond-lhyper-controle\/","name":"Le \u00abgrand bond en avant\u00bb\u2026 dans l\u2019hyper-contr\u00f4le - svmep.ch","isPartOf":{"@id":"https:\/\/sud.svmep.ch\/svmep\/#website"},"primaryImageOfPage":{"@id":"https:\/\/sud.svmep.ch\/svmep\/grand-bond-lhyper-controle\/#primaryimage"},"image":{"@id":"https:\/\/sud.svmep.ch\/svmep\/grand-bond-lhyper-controle\/#primaryimage"},"thumbnailUrl":"https:\/\/sud.svmep.ch\/svmep\/wp-content\/uploads\/2024\/11\/logo_SUD-educ-copie.png","datePublished":"2020-12-06T15:15:13+00:00","dateModified":"2025-09-21T16:16:54+00:00","description":"SUD-\u00c9ducation publie un num\u00e9ro d'\u00c9cole \u00e9mancip\u00e9e, suite \u00e0 la d\u00e9cision de la DGEP de g\u00e9n\u00e9raliser l\u2019agenda \u00e9lectronique.","breadcrumb":{"@id":"https:\/\/sud.svmep.ch\/svmep\/grand-bond-lhyper-controle\/#breadcrumb"},"inLanguage":"fr-FR","potentialAction":[{"@type":"ReadAction","target":["https:\/\/sud.svmep.ch\/svmep\/grand-bond-lhyper-controle\/"]}]},{"@type":"ImageObject","inLanguage":"fr-FR","@id":"https:\/\/sud.svmep.ch\/svmep\/grand-bond-lhyper-controle\/#primaryimage","url":"https:\/\/sud.svmep.ch\/svmep\/wp-content\/uploads\/2024\/11\/logo_SUD-educ-copie.png","contentUrl":"https:\/\/sud.svmep.ch\/svmep\/wp-content\/uploads\/2024\/11\/logo_SUD-educ-copie.png","width":212,"height":211},{"@type":"BreadcrumbList","@id":"https:\/\/sud.svmep.ch\/svmep\/grand-bond-lhyper-controle\/#breadcrumb","itemListElement":[{"@type":"ListItem","position":1,"name":"Accueil","item":"https:\/\/sud.svmep.ch\/svmep\/"},{"@type":"ListItem","position":2,"name":"SUD-\u00c9ducation","item":"https:\/\/sud.svmep.ch\/svmep\/category\/sud-education\/"},{"@type":"ListItem","position":3,"name":"Le \u00abgrand bond en avant\u00bb\u2026 dans l\u2019hyper-contr\u00f4le"}]},{"@type":"WebSite","@id":"https:\/\/sud.svmep.ch\/svmep\/#website","url":"https:\/\/sud.svmep.ch\/svmep\/","name":"Syndicat vaudois des ma\u00eetres.ses de l'enseignement professionnel","description":"","publisher":{"@id":"https:\/\/sud.svmep.ch\/svmep\/#organization"},"alternateName":"SVMEP","potentialAction":[{"@type":"SearchAction","target":{"@type":"EntryPoint","urlTemplate":"https:\/\/sud.svmep.ch\/svmep\/?s={search_term_string}"},"query-input":{"@type":"PropertyValueSpecification","valueRequired":true,"valueName":"search_term_string"}}],"inLanguage":"fr-FR"},{"@type":"Organization","@id":"https:\/\/sud.svmep.ch\/svmep\/#organization","name":"Syndicat vaudois des ma\u00eetres.ses de l'enseignement professionnel SVMEP","alternateName":"SVMEP","url":"https:\/\/sud.svmep.ch\/svmep\/","logo":{"@type":"ImageObject","inLanguage":"fr-FR","@id":"https:\/\/sud.svmep.ch\/svmep\/#\/schema\/logo\/image\/","url":"https:\/\/sud.svmep.ch\/svmep\/wp-content\/uploads\/2024\/09\/svmep150x260.jpg","contentUrl":"https:\/\/sud.svmep.ch\/svmep\/wp-content\/uploads\/2024\/09\/svmep150x260.jpg","width":226,"height":127,"caption":"Syndicat vaudois des ma\u00eetres.ses de l'enseignement professionnel SVMEP"},"image":{"@id":"https:\/\/sud.svmep.ch\/svmep\/#\/schema\/logo\/image\/"}},{"@type":"Person","@id":"https:\/\/sud.svmep.ch\/svmep\/#\/schema\/person\/c89c46f48a039b5e5bc4a8eeeab1aece","name":"svmep-webmaster","image":{"@type":"ImageObject","inLanguage":"fr-FR","@id":"https:\/\/secure.gravatar.com\/avatar\/75b5925b5ca4f3df48f6bb05f81ad13dab8238efffb28bf26c5f1682dff96ea6?s=96&d=mm&r=g","url":"https:\/\/secure.gravatar.com\/avatar\/75b5925b5ca4f3df48f6bb05f81ad13dab8238efffb28bf26c5f1682dff96ea6?s=96&d=mm&r=g","contentUrl":"https:\/\/secure.gravatar.com\/avatar\/75b5925b5ca4f3df48f6bb05f81ad13dab8238efffb28bf26c5f1682dff96ea6?s=96&d=mm&r=g","caption":"svmep-webmaster"}}]}},"_links":{"self":[{"href":"https:\/\/sud.svmep.ch\/svmep\/wp-json\/wp\/v2\/posts\/713","targetHints":{"allow":["GET"]}}],"collection":[{"href":"https:\/\/sud.svmep.ch\/svmep\/wp-json\/wp\/v2\/posts"}],"about":[{"href":"https:\/\/sud.svmep.ch\/svmep\/wp-json\/wp\/v2\/types\/post"}],"author":[{"embeddable":true,"href":"https:\/\/sud.svmep.ch\/svmep\/wp-json\/wp\/v2\/users\/4"}],"replies":[{"embeddable":true,"href":"https:\/\/sud.svmep.ch\/svmep\/wp-json\/wp\/v2\/comments?post=713"}],"version-history":[{"count":0,"href":"https:\/\/sud.svmep.ch\/svmep\/wp-json\/wp\/v2\/posts\/713\/revisions"}],"wp:featuredmedia":[{"embeddable":true,"href":"https:\/\/sud.svmep.ch\/svmep\/wp-json\/wp\/v2\/media\/1542"}],"wp:attachment":[{"href":"https:\/\/sud.svmep.ch\/svmep\/wp-json\/wp\/v2\/media?parent=713"}],"wp:term":[{"taxonomy":"category","embeddable":true,"href":"https:\/\/sud.svmep.ch\/svmep\/wp-json\/wp\/v2\/categories?post=713"},{"taxonomy":"post_tag","embeddable":true,"href":"https:\/\/sud.svmep.ch\/svmep\/wp-json\/wp\/v2\/tags?post=713"}],"curies":[{"name":"wp","href":"https:\/\/api.w.org\/{rel}","templated":true}]}}