{"id":716,"date":"2020-12-12T18:51:26","date_gmt":"2020-12-12T17:51:26","guid":{"rendered":"http:\/\/sud.svmep.ch\/?p=716"},"modified":"2025-02-08T09:58:35","modified_gmt":"2025-02-08T08:58:35","slug":"retrait-de-lagenda-electronique-negociations-urgentes","status":"publish","type":"post","link":"https:\/\/sud.svmep.ch\/svmep\/retrait-de-lagenda-electronique-negociations-urgentes\/","title":{"rendered":"Retrait de l\u2019agenda \u00e9lectronique \/ n\u00e9gociations urgentes"},"content":{"rendered":"<p>En date du 1er d\u00e9cembre 2020, la DGEP a publi\u00e9 un document intitul\u00e9 \u201cEmplois des agendas\u00a0\u00e9lectroniques \u2013 Directives\u201d ; il s\u2019agit d\u2019une s\u00e9rie de nouvelles directives li\u00e9es \u00e0 la d\u00e9cision 169.<\/p>\n<p>Or, le vendredi pr\u00e9c\u00e9dant la parution de ce document, lors de la r\u00e9union entre syndicats et\u00a0D\u00e9partement, convoqu\u00e9e \u00e0 votre demande, <strong>il n&rsquo;y a eu ni information ni dialogue sur le contenu de\u00a0ces directives et sur leur port\u00e9e<\/strong>. Lors de nos \u00e9changes, il y avait un convergence de vues sur le fait\u00a0que la d\u00e9cision 169 donnait le cadre pour l&rsquo;utilisation de l&rsquo;agenda \u00e9lectronique, \u00e0 savoir, uniquement\u00a0en cas de quarantaine av\u00e9r\u00e9e d&rsquo;une classe pour une dur\u00e9e inf\u00e9rieure ou \u00e9gale \u00e0 10 jours ouvrables\u00a0ou encore d&rsquo;un \u00e9tablissement pour une p\u00e9riode de semi-confinement ou de confinement d\u2019une dur\u00e9e\u00a0sup\u00e9rieure \u00e0 10 jours ouvrables. Ce \u00e0 quoi s&rsquo;ajoutait une marge consid\u00e9rable quant \u00e0 l&rsquo;utilisation des\u00a0outils p\u00e9dagogiques jug\u00e9s pertinents par les enseignant.e.s pour former dans le cadre de l&rsquo;Ecole \u00e0\u00a0distance.<\/p>\n<p><strong>Ces nouvelles directives n&rsquo;ont donc jamais \u00e9t\u00e9 n\u00e9goci\u00e9es ni m\u00eame soumises aux syndicats<\/strong> dont le\u00a0n\u00f4tre, SUD, avant leur imposition par la DGEP. L\u2019agenda \u00e9lectronique devient ou pourrait devenir\u00a0un \u00e9l\u00e9ment-cl\u00e9 de dispositifs de contr\u00f4le et de contrainte irrecevables pour le corps enseignant qui\u00a0s\u2019engage avec une force et une professionnalit\u00e9 d\u00e9cisives dans cette p\u00e9riode tr\u00e8s difficile.\u00a0Les enseignant.e.s accomplissent leurs devoirs l\u00e9gaux autant dans les temps ordinaires que dans la\u00a0p\u00e9riode exceptionnelle que nous vivons. L\u2019agenda \u00e9lectronique exc\u00e8de ces devoirs l\u00e9gaux et s\u2019av\u00e8re\u00a0\u00eatre un outil de commandement et de contr\u00f4le.<\/p>\n<p>Vous trouvez la lettre adress\u00e9e \u00e0 la cheffe de d\u00e9partement <a href=\"http:\/\/sud.svmep.ch\/svmep\/wp-content\/uploads\/2020\/12\/Retrait-de-l\u2019agenda-e\u0301lectronique-_-ne\u0301gociations-urgentes.-version-sur-le-site-svmep.pdf\">ici<\/a>.<\/p>\n","protected":false},"excerpt":{"rendered":"<p>En date du 1er d\u00e9cembre 2020, la DGEP a publi\u00e9 un document intitul\u00e9 \u201cEmplois des agendas\u00a0\u00e9lectroniques \u2013 Directives\u201d ; il s\u2019agit d\u2019une s\u00e9rie de nouvelles directives li\u00e9es \u00e0 la d\u00e9cision [&hellip;]<\/p>\n","protected":false},"author":4,"featured_media":1542,"comment_status":"closed","ping_status":"closed","sticky":false,"template":"","format":"standard","meta":{"footnotes":""},"categories":[5],"tags":[27],"class_list":["post-716","post","type-post","status-publish","format-standard","has-post-thumbnail","hentry","category-sud-education","tag-numerique"],"yoast_head":"<!-- This site is optimized with the Yoast SEO plugin v27.4 - https:\/\/yoast.com\/product\/yoast-seo-wordpress\/ -->\n<title>Retrait de l\u2019agenda \u00e9lectronique \/ n\u00e9gociations urgentes - svmep.ch<\/title>\n<meta name=\"robots\" content=\"index, follow, max-snippet:-1, max-image-preview:large, max-video-preview:-1\" \/>\n<link rel=\"canonical\" href=\"https:\/\/sud.svmep.ch\/svmep\/retrait-de-lagenda-electronique-negociations-urgentes\/\" \/>\n<meta property=\"og:locale\" content=\"fr_FR\" \/>\n<meta property=\"og:type\" content=\"article\" \/>\n<meta property=\"og:title\" content=\"Retrait de l\u2019agenda \u00e9lectronique \/ n\u00e9gociations urgentes - svmep.ch\" \/>\n<meta property=\"og:description\" content=\"En date du 1er d\u00e9cembre 2020, la DGEP a publi\u00e9 un document intitul\u00e9 \u201cEmplois des agendas\u00a0\u00e9lectroniques \u2013 Directives\u201d ; il s\u2019agit d\u2019une s\u00e9rie de nouvelles directives li\u00e9es \u00e0 la d\u00e9cision [&hellip;]\" \/>\n<meta property=\"og:url\" content=\"https:\/\/sud.svmep.ch\/svmep\/retrait-de-lagenda-electronique-negociations-urgentes\/\" \/>\n<meta property=\"og:site_name\" content=\"svmep.ch\" \/>\n<meta property=\"article:published_time\" content=\"2020-12-12T17:51:26+00:00\" \/>\n<meta property=\"article:modified_time\" content=\"2025-02-08T08:58:35+00:00\" \/>\n<meta property=\"og:image\" content=\"https:\/\/sud.svmep.ch\/svmep\/wp-content\/uploads\/2024\/11\/logo_SUD-educ-copie.png\" \/>\n\t<meta property=\"og:image:width\" content=\"212\" \/>\n\t<meta property=\"og:image:height\" content=\"211\" \/>\n\t<meta property=\"og:image:type\" content=\"image\/png\" \/>\n<meta name=\"author\" content=\"svmep-webmaster\" \/>\n<meta name=\"twitter:card\" content=\"summary_large_image\" \/>\n<script type=\"application\/ld+json\" class=\"yoast-schema-graph\">{\"@context\":\"https:\\\/\\\/schema.org\",\"@graph\":[{\"@type\":\"Article\",\"@id\":\"https:\\\/\\\/sud.svmep.ch\\\/svmep\\\/retrait-de-lagenda-electronique-negociations-urgentes\\\/#article\",\"isPartOf\":{\"@id\":\"https:\\\/\\\/sud.svmep.ch\\\/svmep\\\/retrait-de-lagenda-electronique-negociations-urgentes\\\/\"},\"author\":{\"name\":\"svmep-webmaster\",\"@id\":\"https:\\\/\\\/sud.svmep.ch\\\/svmep\\\/#\\\/schema\\\/person\\\/c89c46f48a039b5e5bc4a8eeeab1aece\"},\"headline\":\"Retrait de l\u2019agenda \u00e9lectronique \\\/ n\u00e9gociations urgentes\",\"datePublished\":\"2020-12-12T17:51:26+00:00\",\"dateModified\":\"2025-02-08T08:58:35+00:00\",\"mainEntityOfPage\":{\"@id\":\"https:\\\/\\\/sud.svmep.ch\\\/svmep\\\/retrait-de-lagenda-electronique-negociations-urgentes\\\/\"},\"wordCount\":307,\"publisher\":{\"@id\":\"https:\\\/\\\/sud.svmep.ch\\\/svmep\\\/#organization\"},\"image\":{\"@id\":\"https:\\\/\\\/sud.svmep.ch\\\/svmep\\\/retrait-de-lagenda-electronique-negociations-urgentes\\\/#primaryimage\"},\"thumbnailUrl\":\"https:\\\/\\\/sud.svmep.ch\\\/svmep\\\/wp-content\\\/uploads\\\/2024\\\/11\\\/logo_SUD-educ-copie.png\",\"keywords\":[\"num\u00e9rique\"],\"articleSection\":[\"SUD-\u00c9ducation\"],\"inLanguage\":\"fr-FR\"},{\"@type\":\"WebPage\",\"@id\":\"https:\\\/\\\/sud.svmep.ch\\\/svmep\\\/retrait-de-lagenda-electronique-negociations-urgentes\\\/\",\"url\":\"https:\\\/\\\/sud.svmep.ch\\\/svmep\\\/retrait-de-lagenda-electronique-negociations-urgentes\\\/\",\"name\":\"Retrait de l\u2019agenda \u00e9lectronique \\\/ n\u00e9gociations urgentes - svmep.ch\",\"isPartOf\":{\"@id\":\"https:\\\/\\\/sud.svmep.ch\\\/svmep\\\/#website\"},\"primaryImageOfPage\":{\"@id\":\"https:\\\/\\\/sud.svmep.ch\\\/svmep\\\/retrait-de-lagenda-electronique-negociations-urgentes\\\/#primaryimage\"},\"image\":{\"@id\":\"https:\\\/\\\/sud.svmep.ch\\\/svmep\\\/retrait-de-lagenda-electronique-negociations-urgentes\\\/#primaryimage\"},\"thumbnailUrl\":\"https:\\\/\\\/sud.svmep.ch\\\/svmep\\\/wp-content\\\/uploads\\\/2024\\\/11\\\/logo_SUD-educ-copie.png\",\"datePublished\":\"2020-12-12T17:51:26+00:00\",\"dateModified\":\"2025-02-08T08:58:35+00:00\",\"breadcrumb\":{\"@id\":\"https:\\\/\\\/sud.svmep.ch\\\/svmep\\\/retrait-de-lagenda-electronique-negociations-urgentes\\\/#breadcrumb\"},\"inLanguage\":\"fr-FR\",\"potentialAction\":[{\"@type\":\"ReadAction\",\"target\":[\"https:\\\/\\\/sud.svmep.ch\\\/svmep\\\/retrait-de-lagenda-electronique-negociations-urgentes\\\/\"]}]},{\"@type\":\"ImageObject\",\"inLanguage\":\"fr-FR\",\"@id\":\"https:\\\/\\\/sud.svmep.ch\\\/svmep\\\/retrait-de-lagenda-electronique-negociations-urgentes\\\/#primaryimage\",\"url\":\"https:\\\/\\\/sud.svmep.ch\\\/svmep\\\/wp-content\\\/uploads\\\/2024\\\/11\\\/logo_SUD-educ-copie.png\",\"contentUrl\":\"https:\\\/\\\/sud.svmep.ch\\\/svmep\\\/wp-content\\\/uploads\\\/2024\\\/11\\\/logo_SUD-educ-copie.png\",\"width\":212,\"height\":211},{\"@type\":\"BreadcrumbList\",\"@id\":\"https:\\\/\\\/sud.svmep.ch\\\/svmep\\\/retrait-de-lagenda-electronique-negociations-urgentes\\\/#breadcrumb\",\"itemListElement\":[{\"@type\":\"ListItem\",\"position\":1,\"name\":\"Accueil\",\"item\":\"https:\\\/\\\/sud.svmep.ch\\\/svmep\\\/\"},{\"@type\":\"ListItem\",\"position\":2,\"name\":\"SUD-\u00c9ducation\",\"item\":\"https:\\\/\\\/sud.svmep.ch\\\/svmep\\\/category\\\/sud-education\\\/\"},{\"@type\":\"ListItem\",\"position\":3,\"name\":\"Retrait de l\u2019agenda \u00e9lectronique \\\/ n\u00e9gociations urgentes\"}]},{\"@type\":\"WebSite\",\"@id\":\"https:\\\/\\\/sud.svmep.ch\\\/svmep\\\/#website\",\"url\":\"https:\\\/\\\/sud.svmep.ch\\\/svmep\\\/\",\"name\":\"Syndicat vaudois des ma\u00eetres.ses de l'enseignement professionnel\",\"description\":\"\",\"publisher\":{\"@id\":\"https:\\\/\\\/sud.svmep.ch\\\/svmep\\\/#organization\"},\"alternateName\":\"SVMEP\",\"potentialAction\":[{\"@type\":\"SearchAction\",\"target\":{\"@type\":\"EntryPoint\",\"urlTemplate\":\"https:\\\/\\\/sud.svmep.ch\\\/svmep\\\/?s={search_term_string}\"},\"query-input\":{\"@type\":\"PropertyValueSpecification\",\"valueRequired\":true,\"valueName\":\"search_term_string\"}}],\"inLanguage\":\"fr-FR\"},{\"@type\":\"Organization\",\"@id\":\"https:\\\/\\\/sud.svmep.ch\\\/svmep\\\/#organization\",\"name\":\"Syndicat vaudois des ma\u00eetres.ses de l'enseignement professionnel SVMEP\",\"alternateName\":\"SVMEP\",\"url\":\"https:\\\/\\\/sud.svmep.ch\\\/svmep\\\/\",\"logo\":{\"@type\":\"ImageObject\",\"inLanguage\":\"fr-FR\",\"@id\":\"https:\\\/\\\/sud.svmep.ch\\\/svmep\\\/#\\\/schema\\\/logo\\\/image\\\/\",\"url\":\"https:\\\/\\\/sud.svmep.ch\\\/svmep\\\/wp-content\\\/uploads\\\/2024\\\/09\\\/svmep150x260.jpg\",\"contentUrl\":\"https:\\\/\\\/sud.svmep.ch\\\/svmep\\\/wp-content\\\/uploads\\\/2024\\\/09\\\/svmep150x260.jpg\",\"width\":226,\"height\":127,\"caption\":\"Syndicat vaudois des ma\u00eetres.ses de l'enseignement professionnel SVMEP\"},\"image\":{\"@id\":\"https:\\\/\\\/sud.svmep.ch\\\/svmep\\\/#\\\/schema\\\/logo\\\/image\\\/\"}},{\"@type\":\"Person\",\"@id\":\"https:\\\/\\\/sud.svmep.ch\\\/svmep\\\/#\\\/schema\\\/person\\\/c89c46f48a039b5e5bc4a8eeeab1aece\",\"name\":\"svmep-webmaster\",\"image\":{\"@type\":\"ImageObject\",\"inLanguage\":\"fr-FR\",\"@id\":\"https:\\\/\\\/secure.gravatar.com\\\/avatar\\\/75b5925b5ca4f3df48f6bb05f81ad13dab8238efffb28bf26c5f1682dff96ea6?s=96&d=mm&r=g\",\"url\":\"https:\\\/\\\/secure.gravatar.com\\\/avatar\\\/75b5925b5ca4f3df48f6bb05f81ad13dab8238efffb28bf26c5f1682dff96ea6?s=96&d=mm&r=g\",\"contentUrl\":\"https:\\\/\\\/secure.gravatar.com\\\/avatar\\\/75b5925b5ca4f3df48f6bb05f81ad13dab8238efffb28bf26c5f1682dff96ea6?s=96&d=mm&r=g\",\"caption\":\"svmep-webmaster\"}}]}<\/script>\n<!-- \/ Yoast SEO plugin. -->","yoast_head_json":{"title":"Retrait de l\u2019agenda \u00e9lectronique \/ n\u00e9gociations urgentes - svmep.ch","robots":{"index":"index","follow":"follow","max-snippet":"max-snippet:-1","max-image-preview":"max-image-preview:large","max-video-preview":"max-video-preview:-1"},"canonical":"https:\/\/sud.svmep.ch\/svmep\/retrait-de-lagenda-electronique-negociations-urgentes\/","og_locale":"fr_FR","og_type":"article","og_title":"Retrait de l\u2019agenda \u00e9lectronique \/ n\u00e9gociations urgentes - svmep.ch","og_description":"En date du 1er d\u00e9cembre 2020, la DGEP a publi\u00e9 un document intitul\u00e9 \u201cEmplois des agendas\u00a0\u00e9lectroniques \u2013 Directives\u201d ; il s\u2019agit d\u2019une s\u00e9rie de nouvelles directives li\u00e9es \u00e0 la d\u00e9cision [&hellip;]","og_url":"https:\/\/sud.svmep.ch\/svmep\/retrait-de-lagenda-electronique-negociations-urgentes\/","og_site_name":"svmep.ch","article_published_time":"2020-12-12T17:51:26+00:00","article_modified_time":"2025-02-08T08:58:35+00:00","og_image":[{"width":212,"height":211,"url":"https:\/\/sud.svmep.ch\/svmep\/wp-content\/uploads\/2024\/11\/logo_SUD-educ-copie.png","type":"image\/png"}],"author":"svmep-webmaster","twitter_card":"summary_large_image","schema":{"@context":"https:\/\/schema.org","@graph":[{"@type":"Article","@id":"https:\/\/sud.svmep.ch\/svmep\/retrait-de-lagenda-electronique-negociations-urgentes\/#article","isPartOf":{"@id":"https:\/\/sud.svmep.ch\/svmep\/retrait-de-lagenda-electronique-negociations-urgentes\/"},"author":{"name":"svmep-webmaster","@id":"https:\/\/sud.svmep.ch\/svmep\/#\/schema\/person\/c89c46f48a039b5e5bc4a8eeeab1aece"},"headline":"Retrait de l\u2019agenda \u00e9lectronique \/ n\u00e9gociations urgentes","datePublished":"2020-12-12T17:51:26+00:00","dateModified":"2025-02-08T08:58:35+00:00","mainEntityOfPage":{"@id":"https:\/\/sud.svmep.ch\/svmep\/retrait-de-lagenda-electronique-negociations-urgentes\/"},"wordCount":307,"publisher":{"@id":"https:\/\/sud.svmep.ch\/svmep\/#organization"},"image":{"@id":"https:\/\/sud.svmep.ch\/svmep\/retrait-de-lagenda-electronique-negociations-urgentes\/#primaryimage"},"thumbnailUrl":"https:\/\/sud.svmep.ch\/svmep\/wp-content\/uploads\/2024\/11\/logo_SUD-educ-copie.png","keywords":["num\u00e9rique"],"articleSection":["SUD-\u00c9ducation"],"inLanguage":"fr-FR"},{"@type":"WebPage","@id":"https:\/\/sud.svmep.ch\/svmep\/retrait-de-lagenda-electronique-negociations-urgentes\/","url":"https:\/\/sud.svmep.ch\/svmep\/retrait-de-lagenda-electronique-negociations-urgentes\/","name":"Retrait de l\u2019agenda \u00e9lectronique \/ n\u00e9gociations urgentes - svmep.ch","isPartOf":{"@id":"https:\/\/sud.svmep.ch\/svmep\/#website"},"primaryImageOfPage":{"@id":"https:\/\/sud.svmep.ch\/svmep\/retrait-de-lagenda-electronique-negociations-urgentes\/#primaryimage"},"image":{"@id":"https:\/\/sud.svmep.ch\/svmep\/retrait-de-lagenda-electronique-negociations-urgentes\/#primaryimage"},"thumbnailUrl":"https:\/\/sud.svmep.ch\/svmep\/wp-content\/uploads\/2024\/11\/logo_SUD-educ-copie.png","datePublished":"2020-12-12T17:51:26+00:00","dateModified":"2025-02-08T08:58:35+00:00","breadcrumb":{"@id":"https:\/\/sud.svmep.ch\/svmep\/retrait-de-lagenda-electronique-negociations-urgentes\/#breadcrumb"},"inLanguage":"fr-FR","potentialAction":[{"@type":"ReadAction","target":["https:\/\/sud.svmep.ch\/svmep\/retrait-de-lagenda-electronique-negociations-urgentes\/"]}]},{"@type":"ImageObject","inLanguage":"fr-FR","@id":"https:\/\/sud.svmep.ch\/svmep\/retrait-de-lagenda-electronique-negociations-urgentes\/#primaryimage","url":"https:\/\/sud.svmep.ch\/svmep\/wp-content\/uploads\/2024\/11\/logo_SUD-educ-copie.png","contentUrl":"https:\/\/sud.svmep.ch\/svmep\/wp-content\/uploads\/2024\/11\/logo_SUD-educ-copie.png","width":212,"height":211},{"@type":"BreadcrumbList","@id":"https:\/\/sud.svmep.ch\/svmep\/retrait-de-lagenda-electronique-negociations-urgentes\/#breadcrumb","itemListElement":[{"@type":"ListItem","position":1,"name":"Accueil","item":"https:\/\/sud.svmep.ch\/svmep\/"},{"@type":"ListItem","position":2,"name":"SUD-\u00c9ducation","item":"https:\/\/sud.svmep.ch\/svmep\/category\/sud-education\/"},{"@type":"ListItem","position":3,"name":"Retrait de l\u2019agenda \u00e9lectronique \/ n\u00e9gociations urgentes"}]},{"@type":"WebSite","@id":"https:\/\/sud.svmep.ch\/svmep\/#website","url":"https:\/\/sud.svmep.ch\/svmep\/","name":"Syndicat vaudois des ma\u00eetres.ses de l'enseignement professionnel","description":"","publisher":{"@id":"https:\/\/sud.svmep.ch\/svmep\/#organization"},"alternateName":"SVMEP","potentialAction":[{"@type":"SearchAction","target":{"@type":"EntryPoint","urlTemplate":"https:\/\/sud.svmep.ch\/svmep\/?s={search_term_string}"},"query-input":{"@type":"PropertyValueSpecification","valueRequired":true,"valueName":"search_term_string"}}],"inLanguage":"fr-FR"},{"@type":"Organization","@id":"https:\/\/sud.svmep.ch\/svmep\/#organization","name":"Syndicat vaudois des ma\u00eetres.ses de l'enseignement professionnel SVMEP","alternateName":"SVMEP","url":"https:\/\/sud.svmep.ch\/svmep\/","logo":{"@type":"ImageObject","inLanguage":"fr-FR","@id":"https:\/\/sud.svmep.ch\/svmep\/#\/schema\/logo\/image\/","url":"https:\/\/sud.svmep.ch\/svmep\/wp-content\/uploads\/2024\/09\/svmep150x260.jpg","contentUrl":"https:\/\/sud.svmep.ch\/svmep\/wp-content\/uploads\/2024\/09\/svmep150x260.jpg","width":226,"height":127,"caption":"Syndicat vaudois des ma\u00eetres.ses de l'enseignement professionnel SVMEP"},"image":{"@id":"https:\/\/sud.svmep.ch\/svmep\/#\/schema\/logo\/image\/"}},{"@type":"Person","@id":"https:\/\/sud.svmep.ch\/svmep\/#\/schema\/person\/c89c46f48a039b5e5bc4a8eeeab1aece","name":"svmep-webmaster","image":{"@type":"ImageObject","inLanguage":"fr-FR","@id":"https:\/\/secure.gravatar.com\/avatar\/75b5925b5ca4f3df48f6bb05f81ad13dab8238efffb28bf26c5f1682dff96ea6?s=96&d=mm&r=g","url":"https:\/\/secure.gravatar.com\/avatar\/75b5925b5ca4f3df48f6bb05f81ad13dab8238efffb28bf26c5f1682dff96ea6?s=96&d=mm&r=g","contentUrl":"https:\/\/secure.gravatar.com\/avatar\/75b5925b5ca4f3df48f6bb05f81ad13dab8238efffb28bf26c5f1682dff96ea6?s=96&d=mm&r=g","caption":"svmep-webmaster"}}]}},"_links":{"self":[{"href":"https:\/\/sud.svmep.ch\/svmep\/wp-json\/wp\/v2\/posts\/716","targetHints":{"allow":["GET"]}}],"collection":[{"href":"https:\/\/sud.svmep.ch\/svmep\/wp-json\/wp\/v2\/posts"}],"about":[{"href":"https:\/\/sud.svmep.ch\/svmep\/wp-json\/wp\/v2\/types\/post"}],"author":[{"embeddable":true,"href":"https:\/\/sud.svmep.ch\/svmep\/wp-json\/wp\/v2\/users\/4"}],"replies":[{"embeddable":true,"href":"https:\/\/sud.svmep.ch\/svmep\/wp-json\/wp\/v2\/comments?post=716"}],"version-history":[{"count":0,"href":"https:\/\/sud.svmep.ch\/svmep\/wp-json\/wp\/v2\/posts\/716\/revisions"}],"wp:featuredmedia":[{"embeddable":true,"href":"https:\/\/sud.svmep.ch\/svmep\/wp-json\/wp\/v2\/media\/1542"}],"wp:attachment":[{"href":"https:\/\/sud.svmep.ch\/svmep\/wp-json\/wp\/v2\/media?parent=716"}],"wp:term":[{"taxonomy":"category","embeddable":true,"href":"https:\/\/sud.svmep.ch\/svmep\/wp-json\/wp\/v2\/categories?post=716"},{"taxonomy":"post_tag","embeddable":true,"href":"https:\/\/sud.svmep.ch\/svmep\/wp-json\/wp\/v2\/tags?post=716"}],"curies":[{"name":"wp","href":"https:\/\/api.w.org\/{rel}","templated":true}]}}