{"id":725,"date":"2021-01-18T23:33:39","date_gmt":"2021-01-18T22:33:39","guid":{"rendered":"http:\/\/sud.svmep.ch\/?p=725"},"modified":"2025-03-22T19:25:34","modified_gmt":"2025-03-22T18:25:34","slug":"a-leur-agenda-electronique-repondons-par-notre-professionnalisme","status":"publish","type":"post","link":"https:\/\/sud.svmep.ch\/svmep\/a-leur-agenda-electronique-repondons-par-notre-professionnalisme\/","title":{"rendered":"\u00c0 leur agenda \u00e9lectronique, r\u00e9pondons par notre professionnalisme !"},"content":{"rendered":"<div class=\"wp-block-post-date\"><time datetime=\"2021-01-18T23:33:39+01:00\">18 janvier 2021<\/time><\/div>\n\n<p><strong>Les trois syndicats enseignants du canton lancent un appel unitaire contre l\u2019obligation de l\u2019utilisation de l\u2019agenda \u00e9lectronique<\/strong><\/p>\n<p>La DGEP et le D\u00e9partement exigent que l\u2019agenda \u00e9lectronique\u00a0indique les \u00e9l\u00e9ments-cl\u00e9s d\u2019un cours. Cela ouvre d\u00e8s lors la porte\u00a0\u00e0 l\u2019enseignement en pr\u00e9sentiel \u00e0 la carte. En effet, aujourd\u2019hui,\u00a0les enseignant\u00b7e\u00b7s mettent \u00e9norm\u00e9ment d\u2019\u00e9nergie \u00e0 amener les\u00a0\u00e9l\u00e8ves \u00e0 adopter une d\u00e9marche proactive lors de l\u2019absence \u00e0 un\u00a0cours afin de rattraper la mati\u00e8re qui y est travaill\u00e9e. Pour ces\u00a0derniers\/\u00e8res, cela passe par la cr\u00e9ation d\u2019un r\u00e9seau d\u2019entraide au\u00a0sein de la classe. Ceci favorise la vie sociale de l\u2019\u00e9l\u00e8ve, de la classe,\u00a0et son ancrage dans l\u2019\u00e9cole tout en cr\u00e9ant des liens essentiels \u00e0 la\u00a0r\u00e9ussite des apprentissages. Autrement dit, la d\u00e9marche proactive d\u2019aller chercher aupr\u00e8s\u00a0de ses camarades et des enseignant\u00b7e\u00b7s l\u2019information s\u2019av\u00e8re \u00eatre un vrai outil\u00a0p\u00e9dagogique et social contre le d\u00e9crochage scolaire. Au contraire, l\u2019agenda \u00e9lectronique\u00a0contribuerait \u00e0 faire adopter aux \u00e9l\u00e8ves une posture passive et attentiste.<\/p>\n<p>SUD-\u00c9ducation vous appelle aussi \u00e0 <strong>manifester votre opposition \u00e0 la contrainte de\u00a0l\u2019usage de l\u2019agenda par un courrier personnel \u00e0 la Direction g\u00e9n\u00e9rale<\/strong>. Une\u00a0lettre-type est \u00e0 votre disposition (trouvez-la <a href=\"https:\/\/www.sud-vd.ch\/agenda-electronique-impose\/\">ici<\/a>). <strong>Cette prise de position est\u00a0importante. Elle correspond en tout point \u00e0 notre droit fondamental \u00e0 la\u00a0libert\u00e9 d\u2019expression.<\/strong> SUD-\u00c9ducation veillera \u00e0 ce que ce droit soit scrupuleusement respect\u00e9 pour chacun\u00b7e.<\/p>\n<p>Par notre pression commune, nous pouvons amener la DGEP et le D\u00e9partement et \u00e0\u00a0prendre en consid\u00e9ration notre situation, \u00e0 retirer leur d\u00e9cision et \u00e0 ouvrir les\u00a0n\u00e9gociations. Il s\u2019agit d\u2019assurer \u00e0 nos \u00e9l\u00e8ves un enseignement de qualit\u00e9 et \u00e0 nous\u00a0enseignant\u00b7e\u00b7s, de conditions de travail permettant d\u2019assurer une telle mission, hors des\u00a0autoritarismes et des contraintes qui, en nous frappant, affaiblissent l\u2019\u00e9cole.<\/p>\n<p>Lisez et diffusez l&rsquo;<a href=\"https:\/\/sud.svmep.ch\/svmep\/wp-content\/uploads\/2024\/10\/2021-01-18_appel-unitaire-contre-lobligation-de-lutilisation-de-lagenda-electronique.pdf\" target=\"_blank\" rel=\"noopener\">Appel unitaire contre l\u2019obligation de l\u2019utilisation de l\u2019agenda \u00e9lectronique<\/a>.<\/p>","protected":false},"excerpt":{"rendered":"<p>18 janvier 2021 Les trois syndicats enseignants du canton lancent un appel unitaire contre l\u2019obligation de l\u2019utilisation de l\u2019agenda \u00e9lectronique La DGEP et le D\u00e9partement exigent que l\u2019agenda \u00e9lectronique\u00a0indique les [&hellip;]<\/p>\n","protected":false},"author":4,"featured_media":1542,"comment_status":"closed","ping_status":"closed","sticky":false,"template":"","format":"standard","meta":{"footnotes":""},"categories":[5],"tags":[45,31,27],"class_list":["post-725","post","type-post","status-publish","format-standard","has-post-thumbnail","hentry","category-sud-education","tag-enseignement","tag-mobilisation","tag-numerique"],"yoast_head":"<!-- This site is optimized with the Yoast SEO plugin v27.4 - https:\/\/yoast.com\/product\/yoast-seo-wordpress\/ -->\n<title>\u00c0 leur agenda \u00e9lectronique, r\u00e9pondons par notre professionnalisme ! - svmep.ch<\/title>\n<meta name=\"description\" content=\"Les trois syndicats enseignants du canton de Vaud lancent un appel unitaire contre l\u2019obligation de l\u2019utilisation de l\u2019agenda \u00e9lectronique.\" \/>\n<meta name=\"robots\" content=\"index, follow, max-snippet:-1, max-image-preview:large, max-video-preview:-1\" \/>\n<link rel=\"canonical\" href=\"https:\/\/sud.svmep.ch\/svmep\/a-leur-agenda-electronique-repondons-par-notre-professionnalisme\/\" \/>\n<meta property=\"og:locale\" content=\"fr_FR\" \/>\n<meta property=\"og:type\" content=\"article\" \/>\n<meta property=\"og:title\" content=\"\u00c0 leur agenda \u00e9lectronique, r\u00e9pondons par notre professionnalisme ! - svmep.ch\" \/>\n<meta property=\"og:description\" content=\"Les trois syndicats enseignants du canton de Vaud lancent un appel unitaire contre l\u2019obligation de l\u2019utilisation de l\u2019agenda \u00e9lectronique.\" \/>\n<meta property=\"og:url\" content=\"https:\/\/sud.svmep.ch\/svmep\/a-leur-agenda-electronique-repondons-par-notre-professionnalisme\/\" \/>\n<meta property=\"og:site_name\" content=\"svmep.ch\" \/>\n<meta property=\"article:published_time\" content=\"2021-01-18T22:33:39+00:00\" \/>\n<meta property=\"article:modified_time\" content=\"2025-03-22T18:25:34+00:00\" \/>\n<meta property=\"og:image\" content=\"https:\/\/sud.svmep.ch\/svmep\/wp-content\/uploads\/2024\/11\/logo_SUD-educ-copie.png\" \/>\n\t<meta property=\"og:image:width\" content=\"212\" \/>\n\t<meta property=\"og:image:height\" content=\"211\" \/>\n\t<meta property=\"og:image:type\" content=\"image\/png\" \/>\n<meta name=\"author\" content=\"svmep-webmaster\" \/>\n<meta name=\"twitter:card\" content=\"summary_large_image\" \/>\n<script type=\"application\/ld+json\" class=\"yoast-schema-graph\">{\"@context\":\"https:\\\/\\\/schema.org\",\"@graph\":[{\"@type\":\"Article\",\"@id\":\"https:\\\/\\\/sud.svmep.ch\\\/svmep\\\/a-leur-agenda-electronique-repondons-par-notre-professionnalisme\\\/#article\",\"isPartOf\":{\"@id\":\"https:\\\/\\\/sud.svmep.ch\\\/svmep\\\/a-leur-agenda-electronique-repondons-par-notre-professionnalisme\\\/\"},\"author\":{\"name\":\"svmep-webmaster\",\"@id\":\"https:\\\/\\\/sud.svmep.ch\\\/svmep\\\/#\\\/schema\\\/person\\\/c89c46f48a039b5e5bc4a8eeeab1aece\"},\"headline\":\"\u00c0 leur agenda \u00e9lectronique, r\u00e9pondons par notre professionnalisme !\",\"datePublished\":\"2021-01-18T22:33:39+00:00\",\"dateModified\":\"2025-03-22T18:25:34+00:00\",\"mainEntityOfPage\":{\"@id\":\"https:\\\/\\\/sud.svmep.ch\\\/svmep\\\/a-leur-agenda-electronique-repondons-par-notre-professionnalisme\\\/\"},\"wordCount\":351,\"publisher\":{\"@id\":\"https:\\\/\\\/sud.svmep.ch\\\/svmep\\\/#organization\"},\"image\":{\"@id\":\"https:\\\/\\\/sud.svmep.ch\\\/svmep\\\/a-leur-agenda-electronique-repondons-par-notre-professionnalisme\\\/#primaryimage\"},\"thumbnailUrl\":\"https:\\\/\\\/sud.svmep.ch\\\/svmep\\\/wp-content\\\/uploads\\\/2024\\\/11\\\/logo_SUD-educ-copie.png\",\"keywords\":[\"enseignement\",\"mobilisation\",\"num\u00e9rique\"],\"articleSection\":[\"SUD-\u00c9ducation\"],\"inLanguage\":\"fr-FR\"},{\"@type\":\"WebPage\",\"@id\":\"https:\\\/\\\/sud.svmep.ch\\\/svmep\\\/a-leur-agenda-electronique-repondons-par-notre-professionnalisme\\\/\",\"url\":\"https:\\\/\\\/sud.svmep.ch\\\/svmep\\\/a-leur-agenda-electronique-repondons-par-notre-professionnalisme\\\/\",\"name\":\"\u00c0 leur agenda \u00e9lectronique, r\u00e9pondons par notre professionnalisme ! - svmep.ch\",\"isPartOf\":{\"@id\":\"https:\\\/\\\/sud.svmep.ch\\\/svmep\\\/#website\"},\"primaryImageOfPage\":{\"@id\":\"https:\\\/\\\/sud.svmep.ch\\\/svmep\\\/a-leur-agenda-electronique-repondons-par-notre-professionnalisme\\\/#primaryimage\"},\"image\":{\"@id\":\"https:\\\/\\\/sud.svmep.ch\\\/svmep\\\/a-leur-agenda-electronique-repondons-par-notre-professionnalisme\\\/#primaryimage\"},\"thumbnailUrl\":\"https:\\\/\\\/sud.svmep.ch\\\/svmep\\\/wp-content\\\/uploads\\\/2024\\\/11\\\/logo_SUD-educ-copie.png\",\"datePublished\":\"2021-01-18T22:33:39+00:00\",\"dateModified\":\"2025-03-22T18:25:34+00:00\",\"description\":\"Les trois syndicats enseignants du canton de Vaud lancent un appel unitaire contre l\u2019obligation de l\u2019utilisation de l\u2019agenda \u00e9lectronique.\",\"breadcrumb\":{\"@id\":\"https:\\\/\\\/sud.svmep.ch\\\/svmep\\\/a-leur-agenda-electronique-repondons-par-notre-professionnalisme\\\/#breadcrumb\"},\"inLanguage\":\"fr-FR\",\"potentialAction\":[{\"@type\":\"ReadAction\",\"target\":[\"https:\\\/\\\/sud.svmep.ch\\\/svmep\\\/a-leur-agenda-electronique-repondons-par-notre-professionnalisme\\\/\"]}]},{\"@type\":\"ImageObject\",\"inLanguage\":\"fr-FR\",\"@id\":\"https:\\\/\\\/sud.svmep.ch\\\/svmep\\\/a-leur-agenda-electronique-repondons-par-notre-professionnalisme\\\/#primaryimage\",\"url\":\"https:\\\/\\\/sud.svmep.ch\\\/svmep\\\/wp-content\\\/uploads\\\/2024\\\/11\\\/logo_SUD-educ-copie.png\",\"contentUrl\":\"https:\\\/\\\/sud.svmep.ch\\\/svmep\\\/wp-content\\\/uploads\\\/2024\\\/11\\\/logo_SUD-educ-copie.png\",\"width\":212,\"height\":211},{\"@type\":\"BreadcrumbList\",\"@id\":\"https:\\\/\\\/sud.svmep.ch\\\/svmep\\\/a-leur-agenda-electronique-repondons-par-notre-professionnalisme\\\/#breadcrumb\",\"itemListElement\":[{\"@type\":\"ListItem\",\"position\":1,\"name\":\"Accueil\",\"item\":\"https:\\\/\\\/sud.svmep.ch\\\/svmep\\\/\"},{\"@type\":\"ListItem\",\"position\":2,\"name\":\"SUD-\u00c9ducation\",\"item\":\"https:\\\/\\\/sud.svmep.ch\\\/svmep\\\/category\\\/sud-education\\\/\"},{\"@type\":\"ListItem\",\"position\":3,\"name\":\"\u00c0 leur agenda \u00e9lectronique, r\u00e9pondons par notre professionnalisme !\"}]},{\"@type\":\"WebSite\",\"@id\":\"https:\\\/\\\/sud.svmep.ch\\\/svmep\\\/#website\",\"url\":\"https:\\\/\\\/sud.svmep.ch\\\/svmep\\\/\",\"name\":\"Syndicat vaudois des ma\u00eetres.ses de l'enseignement professionnel\",\"description\":\"\",\"publisher\":{\"@id\":\"https:\\\/\\\/sud.svmep.ch\\\/svmep\\\/#organization\"},\"alternateName\":\"SVMEP\",\"potentialAction\":[{\"@type\":\"SearchAction\",\"target\":{\"@type\":\"EntryPoint\",\"urlTemplate\":\"https:\\\/\\\/sud.svmep.ch\\\/svmep\\\/?s={search_term_string}\"},\"query-input\":{\"@type\":\"PropertyValueSpecification\",\"valueRequired\":true,\"valueName\":\"search_term_string\"}}],\"inLanguage\":\"fr-FR\"},{\"@type\":\"Organization\",\"@id\":\"https:\\\/\\\/sud.svmep.ch\\\/svmep\\\/#organization\",\"name\":\"Syndicat vaudois des ma\u00eetres.ses de l'enseignement professionnel SVMEP\",\"alternateName\":\"SVMEP\",\"url\":\"https:\\\/\\\/sud.svmep.ch\\\/svmep\\\/\",\"logo\":{\"@type\":\"ImageObject\",\"inLanguage\":\"fr-FR\",\"@id\":\"https:\\\/\\\/sud.svmep.ch\\\/svmep\\\/#\\\/schema\\\/logo\\\/image\\\/\",\"url\":\"https:\\\/\\\/sud.svmep.ch\\\/svmep\\\/wp-content\\\/uploads\\\/2024\\\/09\\\/svmep150x260.jpg\",\"contentUrl\":\"https:\\\/\\\/sud.svmep.ch\\\/svmep\\\/wp-content\\\/uploads\\\/2024\\\/09\\\/svmep150x260.jpg\",\"width\":226,\"height\":127,\"caption\":\"Syndicat vaudois des ma\u00eetres.ses de l'enseignement professionnel SVMEP\"},\"image\":{\"@id\":\"https:\\\/\\\/sud.svmep.ch\\\/svmep\\\/#\\\/schema\\\/logo\\\/image\\\/\"}},{\"@type\":\"Person\",\"@id\":\"https:\\\/\\\/sud.svmep.ch\\\/svmep\\\/#\\\/schema\\\/person\\\/c89c46f48a039b5e5bc4a8eeeab1aece\",\"name\":\"svmep-webmaster\",\"image\":{\"@type\":\"ImageObject\",\"inLanguage\":\"fr-FR\",\"@id\":\"https:\\\/\\\/secure.gravatar.com\\\/avatar\\\/75b5925b5ca4f3df48f6bb05f81ad13dab8238efffb28bf26c5f1682dff96ea6?s=96&d=mm&r=g\",\"url\":\"https:\\\/\\\/secure.gravatar.com\\\/avatar\\\/75b5925b5ca4f3df48f6bb05f81ad13dab8238efffb28bf26c5f1682dff96ea6?s=96&d=mm&r=g\",\"contentUrl\":\"https:\\\/\\\/secure.gravatar.com\\\/avatar\\\/75b5925b5ca4f3df48f6bb05f81ad13dab8238efffb28bf26c5f1682dff96ea6?s=96&d=mm&r=g\",\"caption\":\"svmep-webmaster\"}}]}<\/script>\n<!-- \/ Yoast SEO plugin. -->","yoast_head_json":{"title":"\u00c0 leur agenda \u00e9lectronique, r\u00e9pondons par notre professionnalisme ! - svmep.ch","description":"Les trois syndicats enseignants du canton de Vaud lancent un appel unitaire contre l\u2019obligation de l\u2019utilisation de l\u2019agenda \u00e9lectronique.","robots":{"index":"index","follow":"follow","max-snippet":"max-snippet:-1","max-image-preview":"max-image-preview:large","max-video-preview":"max-video-preview:-1"},"canonical":"https:\/\/sud.svmep.ch\/svmep\/a-leur-agenda-electronique-repondons-par-notre-professionnalisme\/","og_locale":"fr_FR","og_type":"article","og_title":"\u00c0 leur agenda \u00e9lectronique, r\u00e9pondons par notre professionnalisme ! - svmep.ch","og_description":"Les trois syndicats enseignants du canton de Vaud lancent un appel unitaire contre l\u2019obligation de l\u2019utilisation de l\u2019agenda \u00e9lectronique.","og_url":"https:\/\/sud.svmep.ch\/svmep\/a-leur-agenda-electronique-repondons-par-notre-professionnalisme\/","og_site_name":"svmep.ch","article_published_time":"2021-01-18T22:33:39+00:00","article_modified_time":"2025-03-22T18:25:34+00:00","og_image":[{"width":212,"height":211,"url":"https:\/\/sud.svmep.ch\/svmep\/wp-content\/uploads\/2024\/11\/logo_SUD-educ-copie.png","type":"image\/png"}],"author":"svmep-webmaster","twitter_card":"summary_large_image","schema":{"@context":"https:\/\/schema.org","@graph":[{"@type":"Article","@id":"https:\/\/sud.svmep.ch\/svmep\/a-leur-agenda-electronique-repondons-par-notre-professionnalisme\/#article","isPartOf":{"@id":"https:\/\/sud.svmep.ch\/svmep\/a-leur-agenda-electronique-repondons-par-notre-professionnalisme\/"},"author":{"name":"svmep-webmaster","@id":"https:\/\/sud.svmep.ch\/svmep\/#\/schema\/person\/c89c46f48a039b5e5bc4a8eeeab1aece"},"headline":"\u00c0 leur agenda \u00e9lectronique, r\u00e9pondons par notre professionnalisme !","datePublished":"2021-01-18T22:33:39+00:00","dateModified":"2025-03-22T18:25:34+00:00","mainEntityOfPage":{"@id":"https:\/\/sud.svmep.ch\/svmep\/a-leur-agenda-electronique-repondons-par-notre-professionnalisme\/"},"wordCount":351,"publisher":{"@id":"https:\/\/sud.svmep.ch\/svmep\/#organization"},"image":{"@id":"https:\/\/sud.svmep.ch\/svmep\/a-leur-agenda-electronique-repondons-par-notre-professionnalisme\/#primaryimage"},"thumbnailUrl":"https:\/\/sud.svmep.ch\/svmep\/wp-content\/uploads\/2024\/11\/logo_SUD-educ-copie.png","keywords":["enseignement","mobilisation","num\u00e9rique"],"articleSection":["SUD-\u00c9ducation"],"inLanguage":"fr-FR"},{"@type":"WebPage","@id":"https:\/\/sud.svmep.ch\/svmep\/a-leur-agenda-electronique-repondons-par-notre-professionnalisme\/","url":"https:\/\/sud.svmep.ch\/svmep\/a-leur-agenda-electronique-repondons-par-notre-professionnalisme\/","name":"\u00c0 leur agenda \u00e9lectronique, r\u00e9pondons par notre professionnalisme ! - svmep.ch","isPartOf":{"@id":"https:\/\/sud.svmep.ch\/svmep\/#website"},"primaryImageOfPage":{"@id":"https:\/\/sud.svmep.ch\/svmep\/a-leur-agenda-electronique-repondons-par-notre-professionnalisme\/#primaryimage"},"image":{"@id":"https:\/\/sud.svmep.ch\/svmep\/a-leur-agenda-electronique-repondons-par-notre-professionnalisme\/#primaryimage"},"thumbnailUrl":"https:\/\/sud.svmep.ch\/svmep\/wp-content\/uploads\/2024\/11\/logo_SUD-educ-copie.png","datePublished":"2021-01-18T22:33:39+00:00","dateModified":"2025-03-22T18:25:34+00:00","description":"Les trois syndicats enseignants du canton de Vaud lancent un appel unitaire contre l\u2019obligation de l\u2019utilisation de l\u2019agenda \u00e9lectronique.","breadcrumb":{"@id":"https:\/\/sud.svmep.ch\/svmep\/a-leur-agenda-electronique-repondons-par-notre-professionnalisme\/#breadcrumb"},"inLanguage":"fr-FR","potentialAction":[{"@type":"ReadAction","target":["https:\/\/sud.svmep.ch\/svmep\/a-leur-agenda-electronique-repondons-par-notre-professionnalisme\/"]}]},{"@type":"ImageObject","inLanguage":"fr-FR","@id":"https:\/\/sud.svmep.ch\/svmep\/a-leur-agenda-electronique-repondons-par-notre-professionnalisme\/#primaryimage","url":"https:\/\/sud.svmep.ch\/svmep\/wp-content\/uploads\/2024\/11\/logo_SUD-educ-copie.png","contentUrl":"https:\/\/sud.svmep.ch\/svmep\/wp-content\/uploads\/2024\/11\/logo_SUD-educ-copie.png","width":212,"height":211},{"@type":"BreadcrumbList","@id":"https:\/\/sud.svmep.ch\/svmep\/a-leur-agenda-electronique-repondons-par-notre-professionnalisme\/#breadcrumb","itemListElement":[{"@type":"ListItem","position":1,"name":"Accueil","item":"https:\/\/sud.svmep.ch\/svmep\/"},{"@type":"ListItem","position":2,"name":"SUD-\u00c9ducation","item":"https:\/\/sud.svmep.ch\/svmep\/category\/sud-education\/"},{"@type":"ListItem","position":3,"name":"\u00c0 leur agenda \u00e9lectronique, r\u00e9pondons par notre professionnalisme !"}]},{"@type":"WebSite","@id":"https:\/\/sud.svmep.ch\/svmep\/#website","url":"https:\/\/sud.svmep.ch\/svmep\/","name":"Syndicat vaudois des ma\u00eetres.ses de l'enseignement professionnel","description":"","publisher":{"@id":"https:\/\/sud.svmep.ch\/svmep\/#organization"},"alternateName":"SVMEP","potentialAction":[{"@type":"SearchAction","target":{"@type":"EntryPoint","urlTemplate":"https:\/\/sud.svmep.ch\/svmep\/?s={search_term_string}"},"query-input":{"@type":"PropertyValueSpecification","valueRequired":true,"valueName":"search_term_string"}}],"inLanguage":"fr-FR"},{"@type":"Organization","@id":"https:\/\/sud.svmep.ch\/svmep\/#organization","name":"Syndicat vaudois des ma\u00eetres.ses de l'enseignement professionnel SVMEP","alternateName":"SVMEP","url":"https:\/\/sud.svmep.ch\/svmep\/","logo":{"@type":"ImageObject","inLanguage":"fr-FR","@id":"https:\/\/sud.svmep.ch\/svmep\/#\/schema\/logo\/image\/","url":"https:\/\/sud.svmep.ch\/svmep\/wp-content\/uploads\/2024\/09\/svmep150x260.jpg","contentUrl":"https:\/\/sud.svmep.ch\/svmep\/wp-content\/uploads\/2024\/09\/svmep150x260.jpg","width":226,"height":127,"caption":"Syndicat vaudois des ma\u00eetres.ses de l'enseignement professionnel SVMEP"},"image":{"@id":"https:\/\/sud.svmep.ch\/svmep\/#\/schema\/logo\/image\/"}},{"@type":"Person","@id":"https:\/\/sud.svmep.ch\/svmep\/#\/schema\/person\/c89c46f48a039b5e5bc4a8eeeab1aece","name":"svmep-webmaster","image":{"@type":"ImageObject","inLanguage":"fr-FR","@id":"https:\/\/secure.gravatar.com\/avatar\/75b5925b5ca4f3df48f6bb05f81ad13dab8238efffb28bf26c5f1682dff96ea6?s=96&d=mm&r=g","url":"https:\/\/secure.gravatar.com\/avatar\/75b5925b5ca4f3df48f6bb05f81ad13dab8238efffb28bf26c5f1682dff96ea6?s=96&d=mm&r=g","contentUrl":"https:\/\/secure.gravatar.com\/avatar\/75b5925b5ca4f3df48f6bb05f81ad13dab8238efffb28bf26c5f1682dff96ea6?s=96&d=mm&r=g","caption":"svmep-webmaster"}}]}},"_links":{"self":[{"href":"https:\/\/sud.svmep.ch\/svmep\/wp-json\/wp\/v2\/posts\/725","targetHints":{"allow":["GET"]}}],"collection":[{"href":"https:\/\/sud.svmep.ch\/svmep\/wp-json\/wp\/v2\/posts"}],"about":[{"href":"https:\/\/sud.svmep.ch\/svmep\/wp-json\/wp\/v2\/types\/post"}],"author":[{"embeddable":true,"href":"https:\/\/sud.svmep.ch\/svmep\/wp-json\/wp\/v2\/users\/4"}],"replies":[{"embeddable":true,"href":"https:\/\/sud.svmep.ch\/svmep\/wp-json\/wp\/v2\/comments?post=725"}],"version-history":[{"count":0,"href":"https:\/\/sud.svmep.ch\/svmep\/wp-json\/wp\/v2\/posts\/725\/revisions"}],"wp:featuredmedia":[{"embeddable":true,"href":"https:\/\/sud.svmep.ch\/svmep\/wp-json\/wp\/v2\/media\/1542"}],"wp:attachment":[{"href":"https:\/\/sud.svmep.ch\/svmep\/wp-json\/wp\/v2\/media?parent=725"}],"wp:term":[{"taxonomy":"category","embeddable":true,"href":"https:\/\/sud.svmep.ch\/svmep\/wp-json\/wp\/v2\/categories?post=725"},{"taxonomy":"post_tag","embeddable":true,"href":"https:\/\/sud.svmep.ch\/svmep\/wp-json\/wp\/v2\/tags?post=725"}],"curies":[{"name":"wp","href":"https:\/\/api.w.org\/{rel}","templated":true}]}}