{"id":729,"date":"2021-01-22T11:10:58","date_gmt":"2021-01-22T10:10:58","guid":{"rendered":"http:\/\/sud.svmep.ch\/?p=729"},"modified":"2026-02-18T14:54:56","modified_gmt":"2026-02-18T13:54:56","slug":"nouvelle-formation-professionnelle-on-cherche-executants","status":"publish","type":"post","link":"https:\/\/sud.svmep.ch\/svmep\/nouvelle-formation-professionnelle-on-cherche-executants\/","title":{"rendered":"Nouvelle formation professionnelle : on cherche des ex\u00e9cutants !"},"content":{"rendered":"<div class=\"wp-block-post-date\"><time datetime=\"2021-01-22T11:10:58+01:00\">22 janvier 2021<\/time><\/div>\n\n<p><strong>\u00c0 partir d\u2019ao\u00fbt 2022, la formation professionnelle initiale d\u2019employ\u00e9.e de commerce avec CFC va conna\u00eetre une v\u00e9ritable r\u00e9volution.<\/strong><\/p>\n<p>Cette nouvelle r\u00e9forme n\u2019a absolument rien \u00e0 voir avec les pr\u00e9c\u00e9dentes (2006, 2012) puisque la p\u00e9dagogie est d\u00e9sormais essentiellement professionnelle et qu\u2019elle implique l\u2019abolition de toutes les branches\u00a0 d\u2019\u00e9cole, renvoyant aux disciplines (allemand, fran\u00e7ais, \u00e9conomie\u2026), telles qu\u2019elles \u00e9taient organis\u00e9es et enseign\u00e9es auparavant.<\/p>\n<p><strong>Vous pouvez t\u00e9l\u00e9charger la gazette ci-dessous.<\/strong><\/p>\n\n\n<div data-wp-interactive=\"core\/file\" class=\"wp-block-file\"><object data-wp-bind--hidden=\"!state.hasPdfPreview\" hidden class=\"wp-block-file__embed\" data=\"https:\/\/sud.svmep.ch\/svmep\/wp-content\/uploads\/2021\/01\/2021-01-gazette.pdf\" type=\"application\/pdf\" style=\"width:100%;height:600px\" aria-label=\"Contenu embarqu\u00e9 Gazette janvier 2021.\"><\/object><a id=\"wp-block-file--media-28f6ef13-a970-4cfa-906e-a8d4754969f7\" href=\"https:\/\/sud.svmep.ch\/svmep\/wp-content\/uploads\/2021\/01\/2021-01-gazette.pdf\" target=\"_blank\" rel=\"noreferrer noopener\">Gazette janvier 2021<\/a><a href=\"https:\/\/sud.svmep.ch\/svmep\/wp-content\/uploads\/2021\/01\/2021-01-gazette.pdf\" class=\"wp-block-file__button wp-element-button\" download aria-describedby=\"wp-block-file--media-28f6ef13-a970-4cfa-906e-a8d4754969f7\">T\u00e9l\u00e9charger<\/a><\/div>\n","protected":false},"excerpt":{"rendered":"<p>22 janvier 2021 \u00c0 partir d\u2019ao\u00fbt 2022, la formation professionnelle initiale d\u2019employ\u00e9.e de commerce avec CFC va conna\u00eetre une v\u00e9ritable r\u00e9volution. Cette nouvelle r\u00e9forme n\u2019a absolument rien \u00e0 voir avec [&hellip;]<\/p>\n","protected":false},"author":4,"featured_media":354,"comment_status":"closed","ping_status":"closed","sticky":false,"template":"","format":"standard","meta":{"footnotes":""},"categories":[4,23],"tags":[29,45],"class_list":["post-729","post","type-post","status-publish","format-standard","has-post-thumbnail","hentry","category-gazette-svmep","category-reformes-des-formations-commerciales","tag-apprenti-e-s","tag-enseignement"],"yoast_head":"<!-- This site is optimized with the Yoast SEO plugin v27.4 - https:\/\/yoast.com\/product\/yoast-seo-wordpress\/ -->\n<title>Nouvelle formation professionnelle : on cherche des ex\u00e9cutants ! - svmep.ch<\/title>\n<meta name=\"description\" content=\"\u00c0 partir d\u2019ao\u00fbt 2022, la formation professionnelle initiale d\u2019employ\u00e9.e de commerce avec CFC va conna\u00eetre une v\u00e9ritable r\u00e9volution.\" \/>\n<meta name=\"robots\" content=\"index, follow, max-snippet:-1, max-image-preview:large, max-video-preview:-1\" \/>\n<link rel=\"canonical\" href=\"https:\/\/sud.svmep.ch\/svmep\/nouvelle-formation-professionnelle-on-cherche-executants\/\" \/>\n<meta property=\"og:locale\" content=\"fr_FR\" \/>\n<meta property=\"og:type\" content=\"article\" \/>\n<meta property=\"og:title\" content=\"Nouvelle formation professionnelle : on cherche des ex\u00e9cutants ! - svmep.ch\" \/>\n<meta property=\"og:description\" content=\"\u00c0 partir d\u2019ao\u00fbt 2022, la formation professionnelle initiale d\u2019employ\u00e9.e de commerce avec CFC va conna\u00eetre une v\u00e9ritable r\u00e9volution.\" \/>\n<meta property=\"og:url\" content=\"https:\/\/sud.svmep.ch\/svmep\/nouvelle-formation-professionnelle-on-cherche-executants\/\" \/>\n<meta property=\"og:site_name\" content=\"svmep.ch\" \/>\n<meta property=\"article:published_time\" content=\"2021-01-22T10:10:58+00:00\" \/>\n<meta property=\"article:modified_time\" content=\"2026-02-18T13:54:56+00:00\" \/>\n<meta property=\"og:image\" content=\"https:\/\/sud.svmep.ch\/svmep\/wp-content\/uploads\/2005\/09\/jpg_logo2.jpg\" \/>\n\t<meta property=\"og:image:width\" content=\"100\" \/>\n\t<meta property=\"og:image:height\" content=\"100\" \/>\n\t<meta property=\"og:image:type\" content=\"image\/jpeg\" \/>\n<meta name=\"author\" content=\"svmep-webmaster\" \/>\n<meta name=\"twitter:card\" content=\"summary_large_image\" \/>\n<script type=\"application\/ld+json\" class=\"yoast-schema-graph\">{\"@context\":\"https:\\\/\\\/schema.org\",\"@graph\":[{\"@type\":\"Article\",\"@id\":\"https:\\\/\\\/sud.svmep.ch\\\/svmep\\\/nouvelle-formation-professionnelle-on-cherche-executants\\\/#article\",\"isPartOf\":{\"@id\":\"https:\\\/\\\/sud.svmep.ch\\\/svmep\\\/nouvelle-formation-professionnelle-on-cherche-executants\\\/\"},\"author\":{\"name\":\"svmep-webmaster\",\"@id\":\"https:\\\/\\\/sud.svmep.ch\\\/svmep\\\/#\\\/schema\\\/person\\\/c89c46f48a039b5e5bc4a8eeeab1aece\"},\"headline\":\"Nouvelle formation professionnelle : on cherche des ex\u00e9cutants !\",\"datePublished\":\"2021-01-22T10:10:58+00:00\",\"dateModified\":\"2026-02-18T13:54:56+00:00\",\"mainEntityOfPage\":{\"@id\":\"https:\\\/\\\/sud.svmep.ch\\\/svmep\\\/nouvelle-formation-professionnelle-on-cherche-executants\\\/\"},\"wordCount\":96,\"publisher\":{\"@id\":\"https:\\\/\\\/sud.svmep.ch\\\/svmep\\\/#organization\"},\"image\":{\"@id\":\"https:\\\/\\\/sud.svmep.ch\\\/svmep\\\/nouvelle-formation-professionnelle-on-cherche-executants\\\/#primaryimage\"},\"thumbnailUrl\":\"https:\\\/\\\/sud.svmep.ch\\\/svmep\\\/wp-content\\\/uploads\\\/2005\\\/09\\\/jpg_logo2.jpg\",\"keywords\":[\"apprenti.e.s\",\"enseignement\"],\"articleSection\":[\"Gazette SVMEP\",\"R\u00e9formes des formations commerciales\"],\"inLanguage\":\"fr-FR\"},{\"@type\":\"WebPage\",\"@id\":\"https:\\\/\\\/sud.svmep.ch\\\/svmep\\\/nouvelle-formation-professionnelle-on-cherche-executants\\\/\",\"url\":\"https:\\\/\\\/sud.svmep.ch\\\/svmep\\\/nouvelle-formation-professionnelle-on-cherche-executants\\\/\",\"name\":\"Nouvelle formation professionnelle : on cherche des ex\u00e9cutants ! - svmep.ch\",\"isPartOf\":{\"@id\":\"https:\\\/\\\/sud.svmep.ch\\\/svmep\\\/#website\"},\"primaryImageOfPage\":{\"@id\":\"https:\\\/\\\/sud.svmep.ch\\\/svmep\\\/nouvelle-formation-professionnelle-on-cherche-executants\\\/#primaryimage\"},\"image\":{\"@id\":\"https:\\\/\\\/sud.svmep.ch\\\/svmep\\\/nouvelle-formation-professionnelle-on-cherche-executants\\\/#primaryimage\"},\"thumbnailUrl\":\"https:\\\/\\\/sud.svmep.ch\\\/svmep\\\/wp-content\\\/uploads\\\/2005\\\/09\\\/jpg_logo2.jpg\",\"datePublished\":\"2021-01-22T10:10:58+00:00\",\"dateModified\":\"2026-02-18T13:54:56+00:00\",\"description\":\"\u00c0 partir d\u2019ao\u00fbt 2022, la formation professionnelle initiale d\u2019employ\u00e9.e de commerce avec CFC va conna\u00eetre une v\u00e9ritable r\u00e9volution.\",\"breadcrumb\":{\"@id\":\"https:\\\/\\\/sud.svmep.ch\\\/svmep\\\/nouvelle-formation-professionnelle-on-cherche-executants\\\/#breadcrumb\"},\"inLanguage\":\"fr-FR\",\"potentialAction\":[{\"@type\":\"ReadAction\",\"target\":[\"https:\\\/\\\/sud.svmep.ch\\\/svmep\\\/nouvelle-formation-professionnelle-on-cherche-executants\\\/\"]}]},{\"@type\":\"ImageObject\",\"inLanguage\":\"fr-FR\",\"@id\":\"https:\\\/\\\/sud.svmep.ch\\\/svmep\\\/nouvelle-formation-professionnelle-on-cherche-executants\\\/#primaryimage\",\"url\":\"https:\\\/\\\/sud.svmep.ch\\\/svmep\\\/wp-content\\\/uploads\\\/2005\\\/09\\\/jpg_logo2.jpg\",\"contentUrl\":\"https:\\\/\\\/sud.svmep.ch\\\/svmep\\\/wp-content\\\/uploads\\\/2005\\\/09\\\/jpg_logo2.jpg\",\"width\":100,\"height\":100},{\"@type\":\"BreadcrumbList\",\"@id\":\"https:\\\/\\\/sud.svmep.ch\\\/svmep\\\/nouvelle-formation-professionnelle-on-cherche-executants\\\/#breadcrumb\",\"itemListElement\":[{\"@type\":\"ListItem\",\"position\":1,\"name\":\"Accueil\",\"item\":\"https:\\\/\\\/sud.svmep.ch\\\/svmep\\\/\"},{\"@type\":\"ListItem\",\"position\":2,\"name\":\"Gazette SVMEP\",\"item\":\"https:\\\/\\\/sud.svmep.ch\\\/svmep\\\/category\\\/gazette-svmep\\\/\"},{\"@type\":\"ListItem\",\"position\":3,\"name\":\"Nouvelle formation professionnelle : on cherche des ex\u00e9cutants !\"}]},{\"@type\":\"WebSite\",\"@id\":\"https:\\\/\\\/sud.svmep.ch\\\/svmep\\\/#website\",\"url\":\"https:\\\/\\\/sud.svmep.ch\\\/svmep\\\/\",\"name\":\"Syndicat vaudois des ma\u00eetres.ses de l'enseignement professionnel\",\"description\":\"\",\"publisher\":{\"@id\":\"https:\\\/\\\/sud.svmep.ch\\\/svmep\\\/#organization\"},\"alternateName\":\"SVMEP\",\"potentialAction\":[{\"@type\":\"SearchAction\",\"target\":{\"@type\":\"EntryPoint\",\"urlTemplate\":\"https:\\\/\\\/sud.svmep.ch\\\/svmep\\\/?s={search_term_string}\"},\"query-input\":{\"@type\":\"PropertyValueSpecification\",\"valueRequired\":true,\"valueName\":\"search_term_string\"}}],\"inLanguage\":\"fr-FR\"},{\"@type\":\"Organization\",\"@id\":\"https:\\\/\\\/sud.svmep.ch\\\/svmep\\\/#organization\",\"name\":\"Syndicat vaudois des ma\u00eetres.ses de l'enseignement professionnel SVMEP\",\"alternateName\":\"SVMEP\",\"url\":\"https:\\\/\\\/sud.svmep.ch\\\/svmep\\\/\",\"logo\":{\"@type\":\"ImageObject\",\"inLanguage\":\"fr-FR\",\"@id\":\"https:\\\/\\\/sud.svmep.ch\\\/svmep\\\/#\\\/schema\\\/logo\\\/image\\\/\",\"url\":\"https:\\\/\\\/sud.svmep.ch\\\/svmep\\\/wp-content\\\/uploads\\\/2024\\\/09\\\/svmep150x260.jpg\",\"contentUrl\":\"https:\\\/\\\/sud.svmep.ch\\\/svmep\\\/wp-content\\\/uploads\\\/2024\\\/09\\\/svmep150x260.jpg\",\"width\":226,\"height\":127,\"caption\":\"Syndicat vaudois des ma\u00eetres.ses de l'enseignement professionnel SVMEP\"},\"image\":{\"@id\":\"https:\\\/\\\/sud.svmep.ch\\\/svmep\\\/#\\\/schema\\\/logo\\\/image\\\/\"}},{\"@type\":\"Person\",\"@id\":\"https:\\\/\\\/sud.svmep.ch\\\/svmep\\\/#\\\/schema\\\/person\\\/c89c46f48a039b5e5bc4a8eeeab1aece\",\"name\":\"svmep-webmaster\",\"image\":{\"@type\":\"ImageObject\",\"inLanguage\":\"fr-FR\",\"@id\":\"https:\\\/\\\/secure.gravatar.com\\\/avatar\\\/75b5925b5ca4f3df48f6bb05f81ad13dab8238efffb28bf26c5f1682dff96ea6?s=96&d=mm&r=g\",\"url\":\"https:\\\/\\\/secure.gravatar.com\\\/avatar\\\/75b5925b5ca4f3df48f6bb05f81ad13dab8238efffb28bf26c5f1682dff96ea6?s=96&d=mm&r=g\",\"contentUrl\":\"https:\\\/\\\/secure.gravatar.com\\\/avatar\\\/75b5925b5ca4f3df48f6bb05f81ad13dab8238efffb28bf26c5f1682dff96ea6?s=96&d=mm&r=g\",\"caption\":\"svmep-webmaster\"}}]}<\/script>\n<!-- \/ Yoast SEO plugin. -->","yoast_head_json":{"title":"Nouvelle formation professionnelle : on cherche des ex\u00e9cutants ! - svmep.ch","description":"\u00c0 partir d\u2019ao\u00fbt 2022, la formation professionnelle initiale d\u2019employ\u00e9.e de commerce avec CFC va conna\u00eetre une v\u00e9ritable r\u00e9volution.","robots":{"index":"index","follow":"follow","max-snippet":"max-snippet:-1","max-image-preview":"max-image-preview:large","max-video-preview":"max-video-preview:-1"},"canonical":"https:\/\/sud.svmep.ch\/svmep\/nouvelle-formation-professionnelle-on-cherche-executants\/","og_locale":"fr_FR","og_type":"article","og_title":"Nouvelle formation professionnelle : on cherche des ex\u00e9cutants ! - svmep.ch","og_description":"\u00c0 partir d\u2019ao\u00fbt 2022, la formation professionnelle initiale d\u2019employ\u00e9.e de commerce avec CFC va conna\u00eetre une v\u00e9ritable r\u00e9volution.","og_url":"https:\/\/sud.svmep.ch\/svmep\/nouvelle-formation-professionnelle-on-cherche-executants\/","og_site_name":"svmep.ch","article_published_time":"2021-01-22T10:10:58+00:00","article_modified_time":"2026-02-18T13:54:56+00:00","og_image":[{"width":100,"height":100,"url":"https:\/\/sud.svmep.ch\/svmep\/wp-content\/uploads\/2005\/09\/jpg_logo2.jpg","type":"image\/jpeg"}],"author":"svmep-webmaster","twitter_card":"summary_large_image","schema":{"@context":"https:\/\/schema.org","@graph":[{"@type":"Article","@id":"https:\/\/sud.svmep.ch\/svmep\/nouvelle-formation-professionnelle-on-cherche-executants\/#article","isPartOf":{"@id":"https:\/\/sud.svmep.ch\/svmep\/nouvelle-formation-professionnelle-on-cherche-executants\/"},"author":{"name":"svmep-webmaster","@id":"https:\/\/sud.svmep.ch\/svmep\/#\/schema\/person\/c89c46f48a039b5e5bc4a8eeeab1aece"},"headline":"Nouvelle formation professionnelle : on cherche des ex\u00e9cutants !","datePublished":"2021-01-22T10:10:58+00:00","dateModified":"2026-02-18T13:54:56+00:00","mainEntityOfPage":{"@id":"https:\/\/sud.svmep.ch\/svmep\/nouvelle-formation-professionnelle-on-cherche-executants\/"},"wordCount":96,"publisher":{"@id":"https:\/\/sud.svmep.ch\/svmep\/#organization"},"image":{"@id":"https:\/\/sud.svmep.ch\/svmep\/nouvelle-formation-professionnelle-on-cherche-executants\/#primaryimage"},"thumbnailUrl":"https:\/\/sud.svmep.ch\/svmep\/wp-content\/uploads\/2005\/09\/jpg_logo2.jpg","keywords":["apprenti.e.s","enseignement"],"articleSection":["Gazette SVMEP","R\u00e9formes des formations commerciales"],"inLanguage":"fr-FR"},{"@type":"WebPage","@id":"https:\/\/sud.svmep.ch\/svmep\/nouvelle-formation-professionnelle-on-cherche-executants\/","url":"https:\/\/sud.svmep.ch\/svmep\/nouvelle-formation-professionnelle-on-cherche-executants\/","name":"Nouvelle formation professionnelle : on cherche des ex\u00e9cutants ! - svmep.ch","isPartOf":{"@id":"https:\/\/sud.svmep.ch\/svmep\/#website"},"primaryImageOfPage":{"@id":"https:\/\/sud.svmep.ch\/svmep\/nouvelle-formation-professionnelle-on-cherche-executants\/#primaryimage"},"image":{"@id":"https:\/\/sud.svmep.ch\/svmep\/nouvelle-formation-professionnelle-on-cherche-executants\/#primaryimage"},"thumbnailUrl":"https:\/\/sud.svmep.ch\/svmep\/wp-content\/uploads\/2005\/09\/jpg_logo2.jpg","datePublished":"2021-01-22T10:10:58+00:00","dateModified":"2026-02-18T13:54:56+00:00","description":"\u00c0 partir d\u2019ao\u00fbt 2022, la formation professionnelle initiale d\u2019employ\u00e9.e de commerce avec CFC va conna\u00eetre une v\u00e9ritable r\u00e9volution.","breadcrumb":{"@id":"https:\/\/sud.svmep.ch\/svmep\/nouvelle-formation-professionnelle-on-cherche-executants\/#breadcrumb"},"inLanguage":"fr-FR","potentialAction":[{"@type":"ReadAction","target":["https:\/\/sud.svmep.ch\/svmep\/nouvelle-formation-professionnelle-on-cherche-executants\/"]}]},{"@type":"ImageObject","inLanguage":"fr-FR","@id":"https:\/\/sud.svmep.ch\/svmep\/nouvelle-formation-professionnelle-on-cherche-executants\/#primaryimage","url":"https:\/\/sud.svmep.ch\/svmep\/wp-content\/uploads\/2005\/09\/jpg_logo2.jpg","contentUrl":"https:\/\/sud.svmep.ch\/svmep\/wp-content\/uploads\/2005\/09\/jpg_logo2.jpg","width":100,"height":100},{"@type":"BreadcrumbList","@id":"https:\/\/sud.svmep.ch\/svmep\/nouvelle-formation-professionnelle-on-cherche-executants\/#breadcrumb","itemListElement":[{"@type":"ListItem","position":1,"name":"Accueil","item":"https:\/\/sud.svmep.ch\/svmep\/"},{"@type":"ListItem","position":2,"name":"Gazette SVMEP","item":"https:\/\/sud.svmep.ch\/svmep\/category\/gazette-svmep\/"},{"@type":"ListItem","position":3,"name":"Nouvelle formation professionnelle : on cherche des ex\u00e9cutants !"}]},{"@type":"WebSite","@id":"https:\/\/sud.svmep.ch\/svmep\/#website","url":"https:\/\/sud.svmep.ch\/svmep\/","name":"Syndicat vaudois des ma\u00eetres.ses de l'enseignement professionnel","description":"","publisher":{"@id":"https:\/\/sud.svmep.ch\/svmep\/#organization"},"alternateName":"SVMEP","potentialAction":[{"@type":"SearchAction","target":{"@type":"EntryPoint","urlTemplate":"https:\/\/sud.svmep.ch\/svmep\/?s={search_term_string}"},"query-input":{"@type":"PropertyValueSpecification","valueRequired":true,"valueName":"search_term_string"}}],"inLanguage":"fr-FR"},{"@type":"Organization","@id":"https:\/\/sud.svmep.ch\/svmep\/#organization","name":"Syndicat vaudois des ma\u00eetres.ses de l'enseignement professionnel SVMEP","alternateName":"SVMEP","url":"https:\/\/sud.svmep.ch\/svmep\/","logo":{"@type":"ImageObject","inLanguage":"fr-FR","@id":"https:\/\/sud.svmep.ch\/svmep\/#\/schema\/logo\/image\/","url":"https:\/\/sud.svmep.ch\/svmep\/wp-content\/uploads\/2024\/09\/svmep150x260.jpg","contentUrl":"https:\/\/sud.svmep.ch\/svmep\/wp-content\/uploads\/2024\/09\/svmep150x260.jpg","width":226,"height":127,"caption":"Syndicat vaudois des ma\u00eetres.ses de l'enseignement professionnel SVMEP"},"image":{"@id":"https:\/\/sud.svmep.ch\/svmep\/#\/schema\/logo\/image\/"}},{"@type":"Person","@id":"https:\/\/sud.svmep.ch\/svmep\/#\/schema\/person\/c89c46f48a039b5e5bc4a8eeeab1aece","name":"svmep-webmaster","image":{"@type":"ImageObject","inLanguage":"fr-FR","@id":"https:\/\/secure.gravatar.com\/avatar\/75b5925b5ca4f3df48f6bb05f81ad13dab8238efffb28bf26c5f1682dff96ea6?s=96&d=mm&r=g","url":"https:\/\/secure.gravatar.com\/avatar\/75b5925b5ca4f3df48f6bb05f81ad13dab8238efffb28bf26c5f1682dff96ea6?s=96&d=mm&r=g","contentUrl":"https:\/\/secure.gravatar.com\/avatar\/75b5925b5ca4f3df48f6bb05f81ad13dab8238efffb28bf26c5f1682dff96ea6?s=96&d=mm&r=g","caption":"svmep-webmaster"}}]}},"_links":{"self":[{"href":"https:\/\/sud.svmep.ch\/svmep\/wp-json\/wp\/v2\/posts\/729","targetHints":{"allow":["GET"]}}],"collection":[{"href":"https:\/\/sud.svmep.ch\/svmep\/wp-json\/wp\/v2\/posts"}],"about":[{"href":"https:\/\/sud.svmep.ch\/svmep\/wp-json\/wp\/v2\/types\/post"}],"author":[{"embeddable":true,"href":"https:\/\/sud.svmep.ch\/svmep\/wp-json\/wp\/v2\/users\/4"}],"replies":[{"embeddable":true,"href":"https:\/\/sud.svmep.ch\/svmep\/wp-json\/wp\/v2\/comments?post=729"}],"version-history":[{"count":0,"href":"https:\/\/sud.svmep.ch\/svmep\/wp-json\/wp\/v2\/posts\/729\/revisions"}],"wp:featuredmedia":[{"embeddable":true,"href":"https:\/\/sud.svmep.ch\/svmep\/wp-json\/wp\/v2\/media\/354"}],"wp:attachment":[{"href":"https:\/\/sud.svmep.ch\/svmep\/wp-json\/wp\/v2\/media?parent=729"}],"wp:term":[{"taxonomy":"category","embeddable":true,"href":"https:\/\/sud.svmep.ch\/svmep\/wp-json\/wp\/v2\/categories?post=729"},{"taxonomy":"post_tag","embeddable":true,"href":"https:\/\/sud.svmep.ch\/svmep\/wp-json\/wp\/v2\/tags?post=729"}],"curies":[{"name":"wp","href":"https:\/\/api.w.org\/{rel}","templated":true}]}}