{"id":732,"date":"2021-02-08T08:42:39","date_gmt":"2021-02-08T07:42:39","guid":{"rendered":"http:\/\/sud.svmep.ch\/?p=732"},"modified":"2024-12-22T19:55:15","modified_gmt":"2024-12-22T18:55:15","slug":"agenda-electronique-lopposition-gagne-terrain","status":"publish","type":"post","link":"https:\/\/sud.svmep.ch\/svmep\/agenda-electronique-lopposition-gagne-terrain\/","title":{"rendered":"Agenda \u00e9lectronique : l\u2019opposition a fait reculer le DFJC !"},"content":{"rendered":"<div class=\"wp-block-post-date\"><time datetime=\"2021-02-08T08:42:39+01:00\">8 f\u00e9vrier 2021<\/time><\/div>\n\n<h5>Dans ses courriers diff\u00e9renci\u00e9s du 26 janvier aux enseignant.e.s du postobligatoire, dans la version gymnasiale, la Cheffe du DFJC, Cesla Amarelle, annon\u00e7ait des rencontres dans les \u00e9tablissements. Ceci afin de \u00ab\u00a0recueillir les retours du terrain\u00a0\u00bb \u00e0 propos de l&rsquo;agenda \u00e9lectronique.<\/h5>\n<p>Depuis, les enseignant.e.s ont re\u00e7u des messages des directions respectives qui les invitent, en cas d&rsquo;int\u00e9r\u00eat, \u00e0 des r\u00e9unions avec un.e repr\u00e9sentant.e du DFJC. Le nom de la Directrice g\u00e9n\u00e9rale adjointe, Suzanne Peters, est parfois pr\u00e9cis\u00e9, parfois non. Le Directeur g\u00e9n\u00e9ral, Lionel Eperon, peut \u00e9galement \u00eatre de la partie, voire une troisi\u00e8me personne.<\/p>\n<p>Dans la version du m\u00eame jour mais vous \u00e9tant adress\u00e9e, il n&rsquo;y a de la part du d\u00e9partement que des informations sur l&rsquo;actualit\u00e9 sanitaire dans nos \u00e9coles.<\/p>\n<p>\u00c0 propos de l&rsquo;agenda \u00e9lectronique, voici ce que nous devons comprendre dans l&rsquo;action du DFJC, que ce soit par la diff\u00e9renciation dans les courriers ou dans leur action propos\u00e9e :<\/p>\n<ul style=\"list-style-type: disc;\">\n<li>le D\u00e9partement a d\u00e9j\u00e0 largement recueilli les retours n\u00e9cessaires pour \u00eatre fix\u00e9 quant au <strong>rejet massif de l&rsquo;obligation de l&rsquo;usage de l&rsquo;agenda \u00e9lectronique<\/strong> (p\u00e9titions, r\u00e9solutions, courriers individuels et collectifs, etc). Il cherche visiblement \u00e0 trouver des points d&rsquo;appui dans les \u00e9tablissements;<\/li>\n<li>le ton du courrier aux gymnases du 26 janvier marque un recul important de l&#8217;employeur qui ne parle plus d&rsquo;obligation de remplir l&rsquo;agenda en tout temps &#8211; y compris quand les \u00e9l\u00e8ves sont toutes et tous pr\u00e9sents en classe &#8211; mais d&rsquo;une demande r\u00e9serv\u00e9e aux cas de quarantaines;<\/li>\n<li>dans la version du courrier qui nous est adress\u00e9e dans les \u00e9coles professionnelles, les paragraphes consacr\u00e9s \u00e0 l&rsquo;agenda \u00e9lectronique du gymnase&#8230; n&rsquo;existent purement et simplement pas. Ainsi, nous pouvons continuer \u00e0 faire ce que nous savons faire, c&rsquo;est-\u00e0-dire notre m\u00e9tier, et ce, de mani\u00e8re professionnelle et avec nos moyens afin de ne laisser aucun.e apprenti.e sur le carreau en cas de quarantaine ou autre absence prolong\u00e9e;<\/li>\n<li><strong>nous continuons de mani\u00e8re unitaire (SUD, SSP, SPV) \u00e0 demander <a href=\"https:\/\/sud.svmep.ch\/svmep\/agenda-electronique-refusons-contrainte\/\" target=\"_blank\" rel=\"noopener\">le retrait de l&rsquo;obligation de l&rsquo;usage de l&rsquo;agenda \u00e9lectronique<\/a> dans le postobligatoire<\/strong>;<\/li>\n<li>juste avant No\u00ebl, <a href=\"https:\/\/sud.svmep.ch\/svmep\/saisine-sud-education-de-lorgane-de-conciliation-darbitrage-imposition-de-lagenda-electronique\/\" target=\"_blank\" rel=\"noopener\">SUD-\u00c9ducation a saisi le Tribunal cantonal<\/a> qui a constat\u00e9 que toutes les voies ont \u00e9t\u00e9 tent\u00e9es en vain pour \u00e9viter le conflit collectif de travail. Ce dernier est constat\u00e9 par l&rsquo;Organe de conciliation et d&rsquo;arbitrage qui nous a d\u00e9livr\u00e9 un acte de non-conciliation qui a rendu licites les mesures de lutte, y compris la gr\u00e8ve. Le refus d&rsquo;utiliser l&rsquo;agenda \u00e9lectronique est par cons\u00e9quent une mesure de lutte licite pour toutes et tous, syndiqu\u00e9s ou non.<\/li>\n<\/ul>\n<p><strong>Nous invitons par cons\u00e9quent les enseignant.e.s \u00e0 continuer \u00e0 marquer leur opposition sur le terrain comme bon leur semblera<\/strong> : continuer \u00e0 ne pas utiliser l&rsquo;agenda, \u00e0 se r\u00e9unir, \u00e0 r\u00e9diger des r\u00e9solutions, \u00e0 envoyer la lettre-type au Directeur g\u00e9n\u00e9ral, etc.<\/p>\n<p>Finalement, si des personnes devaient subir des pressions quelconques, d&rsquo;o\u00f9 qu&rsquo;elles viennent, il faut nous contacter et nous prendrons les mesures n\u00e9cessaires pour se faire entendre.<\/p>\n<p>Avec nos salutations combatives,<br \/>le comit\u00e9 du SVMEP et la coordination SUD-\u00c9ducation<\/p>","protected":false},"excerpt":{"rendered":"<p>8 f\u00e9vrier 2021 Dans ses courriers diff\u00e9renci\u00e9s du 26 janvier aux enseignant.e.s du postobligatoire, dans la version gymnasiale, la Cheffe du DFJC, Cesla Amarelle, annon\u00e7ait des rencontres dans les \u00e9tablissements. [&hellip;]<\/p>\n","protected":false},"author":4,"featured_media":1542,"comment_status":"closed","ping_status":"closed","sticky":false,"template":"","format":"standard","meta":{"footnotes":""},"categories":[5],"tags":[31,27],"class_list":["post-732","post","type-post","status-publish","format-standard","has-post-thumbnail","hentry","category-sud-education","tag-mobilisation","tag-numerique"],"yoast_head":"<!-- This site is optimized with the Yoast SEO plugin v27.4 - https:\/\/yoast.com\/product\/yoast-seo-wordpress\/ -->\n<title>Agenda \u00e9lectronique : l\u2019opposition a fait reculer le DFJC ! - svmep.ch<\/title>\n<meta name=\"description\" content=\"Bilan de SUD-\u00c9ducation sur l&#039;opposition \u00e0 l&#039;agenda \u00e9lectronique : le DFJC recule.\" \/>\n<meta name=\"robots\" content=\"index, follow, max-snippet:-1, max-image-preview:large, max-video-preview:-1\" \/>\n<link rel=\"canonical\" href=\"https:\/\/sud.svmep.ch\/svmep\/agenda-electronique-lopposition-gagne-terrain\/\" \/>\n<meta property=\"og:locale\" content=\"fr_FR\" \/>\n<meta property=\"og:type\" content=\"article\" \/>\n<meta property=\"og:title\" content=\"Agenda \u00e9lectronique : l\u2019opposition a fait reculer le DFJC ! - svmep.ch\" \/>\n<meta property=\"og:description\" content=\"Bilan de SUD-\u00c9ducation sur l&#039;opposition \u00e0 l&#039;agenda \u00e9lectronique : le DFJC recule.\" \/>\n<meta property=\"og:url\" content=\"https:\/\/sud.svmep.ch\/svmep\/agenda-electronique-lopposition-gagne-terrain\/\" \/>\n<meta property=\"og:site_name\" content=\"svmep.ch\" \/>\n<meta property=\"article:published_time\" content=\"2021-02-08T07:42:39+00:00\" \/>\n<meta property=\"article:modified_time\" content=\"2024-12-22T18:55:15+00:00\" \/>\n<meta property=\"og:image\" content=\"https:\/\/sud.svmep.ch\/svmep\/wp-content\/uploads\/2024\/11\/logo_SUD-educ-copie.png\" \/>\n\t<meta property=\"og:image:width\" content=\"212\" \/>\n\t<meta property=\"og:image:height\" content=\"211\" \/>\n\t<meta property=\"og:image:type\" content=\"image\/png\" \/>\n<meta name=\"author\" content=\"svmep-webmaster\" \/>\n<meta name=\"twitter:card\" content=\"summary_large_image\" \/>\n<script type=\"application\/ld+json\" class=\"yoast-schema-graph\">{\"@context\":\"https:\\\/\\\/schema.org\",\"@graph\":[{\"@type\":\"Article\",\"@id\":\"https:\\\/\\\/sud.svmep.ch\\\/svmep\\\/agenda-electronique-lopposition-gagne-terrain\\\/#article\",\"isPartOf\":{\"@id\":\"https:\\\/\\\/sud.svmep.ch\\\/svmep\\\/agenda-electronique-lopposition-gagne-terrain\\\/\"},\"author\":{\"name\":\"svmep-webmaster\",\"@id\":\"https:\\\/\\\/sud.svmep.ch\\\/svmep\\\/#\\\/schema\\\/person\\\/c89c46f48a039b5e5bc4a8eeeab1aece\"},\"headline\":\"Agenda \u00e9lectronique : l\u2019opposition a fait reculer le DFJC !\",\"datePublished\":\"2021-02-08T07:42:39+00:00\",\"dateModified\":\"2024-12-22T18:55:15+00:00\",\"mainEntityOfPage\":{\"@id\":\"https:\\\/\\\/sud.svmep.ch\\\/svmep\\\/agenda-electronique-lopposition-gagne-terrain\\\/\"},\"wordCount\":536,\"publisher\":{\"@id\":\"https:\\\/\\\/sud.svmep.ch\\\/svmep\\\/#organization\"},\"image\":{\"@id\":\"https:\\\/\\\/sud.svmep.ch\\\/svmep\\\/agenda-electronique-lopposition-gagne-terrain\\\/#primaryimage\"},\"thumbnailUrl\":\"https:\\\/\\\/sud.svmep.ch\\\/svmep\\\/wp-content\\\/uploads\\\/2024\\\/11\\\/logo_SUD-educ-copie.png\",\"keywords\":[\"mobilisation\",\"num\u00e9rique\"],\"articleSection\":[\"SUD-\u00c9ducation\"],\"inLanguage\":\"fr-FR\"},{\"@type\":\"WebPage\",\"@id\":\"https:\\\/\\\/sud.svmep.ch\\\/svmep\\\/agenda-electronique-lopposition-gagne-terrain\\\/\",\"url\":\"https:\\\/\\\/sud.svmep.ch\\\/svmep\\\/agenda-electronique-lopposition-gagne-terrain\\\/\",\"name\":\"Agenda \u00e9lectronique : l\u2019opposition a fait reculer le DFJC ! - svmep.ch\",\"isPartOf\":{\"@id\":\"https:\\\/\\\/sud.svmep.ch\\\/svmep\\\/#website\"},\"primaryImageOfPage\":{\"@id\":\"https:\\\/\\\/sud.svmep.ch\\\/svmep\\\/agenda-electronique-lopposition-gagne-terrain\\\/#primaryimage\"},\"image\":{\"@id\":\"https:\\\/\\\/sud.svmep.ch\\\/svmep\\\/agenda-electronique-lopposition-gagne-terrain\\\/#primaryimage\"},\"thumbnailUrl\":\"https:\\\/\\\/sud.svmep.ch\\\/svmep\\\/wp-content\\\/uploads\\\/2024\\\/11\\\/logo_SUD-educ-copie.png\",\"datePublished\":\"2021-02-08T07:42:39+00:00\",\"dateModified\":\"2024-12-22T18:55:15+00:00\",\"description\":\"Bilan de SUD-\u00c9ducation sur l'opposition \u00e0 l'agenda \u00e9lectronique : le DFJC recule.\",\"breadcrumb\":{\"@id\":\"https:\\\/\\\/sud.svmep.ch\\\/svmep\\\/agenda-electronique-lopposition-gagne-terrain\\\/#breadcrumb\"},\"inLanguage\":\"fr-FR\",\"potentialAction\":[{\"@type\":\"ReadAction\",\"target\":[\"https:\\\/\\\/sud.svmep.ch\\\/svmep\\\/agenda-electronique-lopposition-gagne-terrain\\\/\"]}]},{\"@type\":\"ImageObject\",\"inLanguage\":\"fr-FR\",\"@id\":\"https:\\\/\\\/sud.svmep.ch\\\/svmep\\\/agenda-electronique-lopposition-gagne-terrain\\\/#primaryimage\",\"url\":\"https:\\\/\\\/sud.svmep.ch\\\/svmep\\\/wp-content\\\/uploads\\\/2024\\\/11\\\/logo_SUD-educ-copie.png\",\"contentUrl\":\"https:\\\/\\\/sud.svmep.ch\\\/svmep\\\/wp-content\\\/uploads\\\/2024\\\/11\\\/logo_SUD-educ-copie.png\",\"width\":212,\"height\":211},{\"@type\":\"BreadcrumbList\",\"@id\":\"https:\\\/\\\/sud.svmep.ch\\\/svmep\\\/agenda-electronique-lopposition-gagne-terrain\\\/#breadcrumb\",\"itemListElement\":[{\"@type\":\"ListItem\",\"position\":1,\"name\":\"Accueil\",\"item\":\"https:\\\/\\\/sud.svmep.ch\\\/svmep\\\/\"},{\"@type\":\"ListItem\",\"position\":2,\"name\":\"SUD-\u00c9ducation\",\"item\":\"https:\\\/\\\/sud.svmep.ch\\\/svmep\\\/category\\\/sud-education\\\/\"},{\"@type\":\"ListItem\",\"position\":3,\"name\":\"Agenda \u00e9lectronique : l\u2019opposition a fait reculer le DFJC !\"}]},{\"@type\":\"WebSite\",\"@id\":\"https:\\\/\\\/sud.svmep.ch\\\/svmep\\\/#website\",\"url\":\"https:\\\/\\\/sud.svmep.ch\\\/svmep\\\/\",\"name\":\"Syndicat vaudois des ma\u00eetres.ses de l'enseignement professionnel\",\"description\":\"\",\"publisher\":{\"@id\":\"https:\\\/\\\/sud.svmep.ch\\\/svmep\\\/#organization\"},\"alternateName\":\"SVMEP\",\"potentialAction\":[{\"@type\":\"SearchAction\",\"target\":{\"@type\":\"EntryPoint\",\"urlTemplate\":\"https:\\\/\\\/sud.svmep.ch\\\/svmep\\\/?s={search_term_string}\"},\"query-input\":{\"@type\":\"PropertyValueSpecification\",\"valueRequired\":true,\"valueName\":\"search_term_string\"}}],\"inLanguage\":\"fr-FR\"},{\"@type\":\"Organization\",\"@id\":\"https:\\\/\\\/sud.svmep.ch\\\/svmep\\\/#organization\",\"name\":\"Syndicat vaudois des ma\u00eetres.ses de l'enseignement professionnel SVMEP\",\"alternateName\":\"SVMEP\",\"url\":\"https:\\\/\\\/sud.svmep.ch\\\/svmep\\\/\",\"logo\":{\"@type\":\"ImageObject\",\"inLanguage\":\"fr-FR\",\"@id\":\"https:\\\/\\\/sud.svmep.ch\\\/svmep\\\/#\\\/schema\\\/logo\\\/image\\\/\",\"url\":\"https:\\\/\\\/sud.svmep.ch\\\/svmep\\\/wp-content\\\/uploads\\\/2024\\\/09\\\/svmep150x260.jpg\",\"contentUrl\":\"https:\\\/\\\/sud.svmep.ch\\\/svmep\\\/wp-content\\\/uploads\\\/2024\\\/09\\\/svmep150x260.jpg\",\"width\":226,\"height\":127,\"caption\":\"Syndicat vaudois des ma\u00eetres.ses de l'enseignement professionnel SVMEP\"},\"image\":{\"@id\":\"https:\\\/\\\/sud.svmep.ch\\\/svmep\\\/#\\\/schema\\\/logo\\\/image\\\/\"}},{\"@type\":\"Person\",\"@id\":\"https:\\\/\\\/sud.svmep.ch\\\/svmep\\\/#\\\/schema\\\/person\\\/c89c46f48a039b5e5bc4a8eeeab1aece\",\"name\":\"svmep-webmaster\",\"image\":{\"@type\":\"ImageObject\",\"inLanguage\":\"fr-FR\",\"@id\":\"https:\\\/\\\/secure.gravatar.com\\\/avatar\\\/75b5925b5ca4f3df48f6bb05f81ad13dab8238efffb28bf26c5f1682dff96ea6?s=96&d=mm&r=g\",\"url\":\"https:\\\/\\\/secure.gravatar.com\\\/avatar\\\/75b5925b5ca4f3df48f6bb05f81ad13dab8238efffb28bf26c5f1682dff96ea6?s=96&d=mm&r=g\",\"contentUrl\":\"https:\\\/\\\/secure.gravatar.com\\\/avatar\\\/75b5925b5ca4f3df48f6bb05f81ad13dab8238efffb28bf26c5f1682dff96ea6?s=96&d=mm&r=g\",\"caption\":\"svmep-webmaster\"}}]}<\/script>\n<!-- \/ Yoast SEO plugin. -->","yoast_head_json":{"title":"Agenda \u00e9lectronique : l\u2019opposition a fait reculer le DFJC ! - svmep.ch","description":"Bilan de SUD-\u00c9ducation sur l'opposition \u00e0 l'agenda \u00e9lectronique : le DFJC recule.","robots":{"index":"index","follow":"follow","max-snippet":"max-snippet:-1","max-image-preview":"max-image-preview:large","max-video-preview":"max-video-preview:-1"},"canonical":"https:\/\/sud.svmep.ch\/svmep\/agenda-electronique-lopposition-gagne-terrain\/","og_locale":"fr_FR","og_type":"article","og_title":"Agenda \u00e9lectronique : l\u2019opposition a fait reculer le DFJC ! - svmep.ch","og_description":"Bilan de SUD-\u00c9ducation sur l'opposition \u00e0 l'agenda \u00e9lectronique : le DFJC recule.","og_url":"https:\/\/sud.svmep.ch\/svmep\/agenda-electronique-lopposition-gagne-terrain\/","og_site_name":"svmep.ch","article_published_time":"2021-02-08T07:42:39+00:00","article_modified_time":"2024-12-22T18:55:15+00:00","og_image":[{"width":212,"height":211,"url":"https:\/\/sud.svmep.ch\/svmep\/wp-content\/uploads\/2024\/11\/logo_SUD-educ-copie.png","type":"image\/png"}],"author":"svmep-webmaster","twitter_card":"summary_large_image","schema":{"@context":"https:\/\/schema.org","@graph":[{"@type":"Article","@id":"https:\/\/sud.svmep.ch\/svmep\/agenda-electronique-lopposition-gagne-terrain\/#article","isPartOf":{"@id":"https:\/\/sud.svmep.ch\/svmep\/agenda-electronique-lopposition-gagne-terrain\/"},"author":{"name":"svmep-webmaster","@id":"https:\/\/sud.svmep.ch\/svmep\/#\/schema\/person\/c89c46f48a039b5e5bc4a8eeeab1aece"},"headline":"Agenda \u00e9lectronique : l\u2019opposition a fait reculer le DFJC !","datePublished":"2021-02-08T07:42:39+00:00","dateModified":"2024-12-22T18:55:15+00:00","mainEntityOfPage":{"@id":"https:\/\/sud.svmep.ch\/svmep\/agenda-electronique-lopposition-gagne-terrain\/"},"wordCount":536,"publisher":{"@id":"https:\/\/sud.svmep.ch\/svmep\/#organization"},"image":{"@id":"https:\/\/sud.svmep.ch\/svmep\/agenda-electronique-lopposition-gagne-terrain\/#primaryimage"},"thumbnailUrl":"https:\/\/sud.svmep.ch\/svmep\/wp-content\/uploads\/2024\/11\/logo_SUD-educ-copie.png","keywords":["mobilisation","num\u00e9rique"],"articleSection":["SUD-\u00c9ducation"],"inLanguage":"fr-FR"},{"@type":"WebPage","@id":"https:\/\/sud.svmep.ch\/svmep\/agenda-electronique-lopposition-gagne-terrain\/","url":"https:\/\/sud.svmep.ch\/svmep\/agenda-electronique-lopposition-gagne-terrain\/","name":"Agenda \u00e9lectronique : l\u2019opposition a fait reculer le DFJC ! - svmep.ch","isPartOf":{"@id":"https:\/\/sud.svmep.ch\/svmep\/#website"},"primaryImageOfPage":{"@id":"https:\/\/sud.svmep.ch\/svmep\/agenda-electronique-lopposition-gagne-terrain\/#primaryimage"},"image":{"@id":"https:\/\/sud.svmep.ch\/svmep\/agenda-electronique-lopposition-gagne-terrain\/#primaryimage"},"thumbnailUrl":"https:\/\/sud.svmep.ch\/svmep\/wp-content\/uploads\/2024\/11\/logo_SUD-educ-copie.png","datePublished":"2021-02-08T07:42:39+00:00","dateModified":"2024-12-22T18:55:15+00:00","description":"Bilan de SUD-\u00c9ducation sur l'opposition \u00e0 l'agenda \u00e9lectronique : le DFJC recule.","breadcrumb":{"@id":"https:\/\/sud.svmep.ch\/svmep\/agenda-electronique-lopposition-gagne-terrain\/#breadcrumb"},"inLanguage":"fr-FR","potentialAction":[{"@type":"ReadAction","target":["https:\/\/sud.svmep.ch\/svmep\/agenda-electronique-lopposition-gagne-terrain\/"]}]},{"@type":"ImageObject","inLanguage":"fr-FR","@id":"https:\/\/sud.svmep.ch\/svmep\/agenda-electronique-lopposition-gagne-terrain\/#primaryimage","url":"https:\/\/sud.svmep.ch\/svmep\/wp-content\/uploads\/2024\/11\/logo_SUD-educ-copie.png","contentUrl":"https:\/\/sud.svmep.ch\/svmep\/wp-content\/uploads\/2024\/11\/logo_SUD-educ-copie.png","width":212,"height":211},{"@type":"BreadcrumbList","@id":"https:\/\/sud.svmep.ch\/svmep\/agenda-electronique-lopposition-gagne-terrain\/#breadcrumb","itemListElement":[{"@type":"ListItem","position":1,"name":"Accueil","item":"https:\/\/sud.svmep.ch\/svmep\/"},{"@type":"ListItem","position":2,"name":"SUD-\u00c9ducation","item":"https:\/\/sud.svmep.ch\/svmep\/category\/sud-education\/"},{"@type":"ListItem","position":3,"name":"Agenda \u00e9lectronique : l\u2019opposition a fait reculer le DFJC !"}]},{"@type":"WebSite","@id":"https:\/\/sud.svmep.ch\/svmep\/#website","url":"https:\/\/sud.svmep.ch\/svmep\/","name":"Syndicat vaudois des ma\u00eetres.ses de l'enseignement professionnel","description":"","publisher":{"@id":"https:\/\/sud.svmep.ch\/svmep\/#organization"},"alternateName":"SVMEP","potentialAction":[{"@type":"SearchAction","target":{"@type":"EntryPoint","urlTemplate":"https:\/\/sud.svmep.ch\/svmep\/?s={search_term_string}"},"query-input":{"@type":"PropertyValueSpecification","valueRequired":true,"valueName":"search_term_string"}}],"inLanguage":"fr-FR"},{"@type":"Organization","@id":"https:\/\/sud.svmep.ch\/svmep\/#organization","name":"Syndicat vaudois des ma\u00eetres.ses de l'enseignement professionnel SVMEP","alternateName":"SVMEP","url":"https:\/\/sud.svmep.ch\/svmep\/","logo":{"@type":"ImageObject","inLanguage":"fr-FR","@id":"https:\/\/sud.svmep.ch\/svmep\/#\/schema\/logo\/image\/","url":"https:\/\/sud.svmep.ch\/svmep\/wp-content\/uploads\/2024\/09\/svmep150x260.jpg","contentUrl":"https:\/\/sud.svmep.ch\/svmep\/wp-content\/uploads\/2024\/09\/svmep150x260.jpg","width":226,"height":127,"caption":"Syndicat vaudois des ma\u00eetres.ses de l'enseignement professionnel SVMEP"},"image":{"@id":"https:\/\/sud.svmep.ch\/svmep\/#\/schema\/logo\/image\/"}},{"@type":"Person","@id":"https:\/\/sud.svmep.ch\/svmep\/#\/schema\/person\/c89c46f48a039b5e5bc4a8eeeab1aece","name":"svmep-webmaster","image":{"@type":"ImageObject","inLanguage":"fr-FR","@id":"https:\/\/secure.gravatar.com\/avatar\/75b5925b5ca4f3df48f6bb05f81ad13dab8238efffb28bf26c5f1682dff96ea6?s=96&d=mm&r=g","url":"https:\/\/secure.gravatar.com\/avatar\/75b5925b5ca4f3df48f6bb05f81ad13dab8238efffb28bf26c5f1682dff96ea6?s=96&d=mm&r=g","contentUrl":"https:\/\/secure.gravatar.com\/avatar\/75b5925b5ca4f3df48f6bb05f81ad13dab8238efffb28bf26c5f1682dff96ea6?s=96&d=mm&r=g","caption":"svmep-webmaster"}}]}},"_links":{"self":[{"href":"https:\/\/sud.svmep.ch\/svmep\/wp-json\/wp\/v2\/posts\/732","targetHints":{"allow":["GET"]}}],"collection":[{"href":"https:\/\/sud.svmep.ch\/svmep\/wp-json\/wp\/v2\/posts"}],"about":[{"href":"https:\/\/sud.svmep.ch\/svmep\/wp-json\/wp\/v2\/types\/post"}],"author":[{"embeddable":true,"href":"https:\/\/sud.svmep.ch\/svmep\/wp-json\/wp\/v2\/users\/4"}],"replies":[{"embeddable":true,"href":"https:\/\/sud.svmep.ch\/svmep\/wp-json\/wp\/v2\/comments?post=732"}],"version-history":[{"count":0,"href":"https:\/\/sud.svmep.ch\/svmep\/wp-json\/wp\/v2\/posts\/732\/revisions"}],"wp:featuredmedia":[{"embeddable":true,"href":"https:\/\/sud.svmep.ch\/svmep\/wp-json\/wp\/v2\/media\/1542"}],"wp:attachment":[{"href":"https:\/\/sud.svmep.ch\/svmep\/wp-json\/wp\/v2\/media?parent=732"}],"wp:term":[{"taxonomy":"category","embeddable":true,"href":"https:\/\/sud.svmep.ch\/svmep\/wp-json\/wp\/v2\/categories?post=732"},{"taxonomy":"post_tag","embeddable":true,"href":"https:\/\/sud.svmep.ch\/svmep\/wp-json\/wp\/v2\/tags?post=732"}],"curies":[{"name":"wp","href":"https:\/\/api.w.org\/{rel}","templated":true}]}}