{"id":754,"date":"2021-06-02T23:15:27","date_gmt":"2021-06-02T22:15:27","guid":{"rendered":"http:\/\/sud.svmep.ch\/?p=754"},"modified":"2025-08-06T08:48:47","modified_gmt":"2025-08-06T07:48:47","slug":"majorite-apprenti-e-s-canton-na-cours-de-sport","status":"publish","type":"post","link":"https:\/\/sud.svmep.ch\/svmep\/majorite-apprenti-e-s-canton-na-cours-de-sport\/","title":{"rendered":"La majorit\u00e9 des apprenti.e.s du canton n\u2019a aucun cours de sport !"},"content":{"rendered":"<div class=\"wp-block-post-date\"><time datetime=\"2021-06-02T23:15:27+02:00\">2 juin 2021<\/time><\/div>\n\n\n<p><strong>Le SVMEP publie un communiqu\u00e9 de presse sur la situation des cours d&rsquo;\u00e9ducation physique et sportive dans les \u00e9coles professionnelles vaudoises<\/strong><\/p>\n<p>Lors de sa s\u00e9ance du 18 mai dernier, le Grand conseil vaudois a soutenu \u00e0 une tr\u00e8s large\u00a0majorit\u00e9 une motion d\u00e9non\u00e7ant \u00ab l\u2019incurie prolong\u00e9e de l\u2019\u00c9tat \u00bb quant aux cours d\u2019\u00e9ducation\u00a0physique et sportive (EPS) dans la scolarit\u00e9 postobligatoire. Le Conseil d\u2019\u00c9tat va donc devoir agir\u00a0afin que tou.te.s les apprenti.e.s et gymnasien.ne.s b\u00e9n\u00e9ficient de cours d\u2019EPS, conform\u00e9ment\u00a0aux lois et ordonnances f\u00e9d\u00e9rales.<\/p>\n<p>Notre syndicat, qui avait d\u00e9j\u00e0 interpell\u00e9 le D\u00e9partement de la formation, de la jeunesse et de la\u00a0culture sur cette situation d\u2019ill\u00e9galit\u00e9, ne peut que saluer cette d\u00e9cision parlementaire.\u00a0Cependant, il est n\u00e9cessaire de prendre en compte la situation tr\u00e8s in\u00e9gale qui existe entre les\u00a0gymnases et les \u00e9coles professionnelles en mati\u00e8re d\u2019EPS. En effet, dans de nombreuses \u00e9coles\u00a0professionnelles la situation est autrement plus grave que dans les gymnases : il n\u2019y a pas d\u2019EPS\u00a0\u00e0 l\u2019horaire de la plupart des \u00e9l\u00e8ves, alors que ce cours est obligatoire depuis 1986 ! Comme\u00a0souvent, les apprenti.e.s semblent \u00eatre les oubli\u00e9.e.s de notre syst\u00e8me de formation.<\/p>\n<p><strong>Lire la suite du communiqu\u00e9 <a href=\"https:\/\/sud.svmep.ch\/svmep\/wp-content\/uploads\/2021\/06\/SVMEP_communique\u0301_sport.pdf\" target=\"_blank\" rel=\"noopener\">ici<\/a><\/strong>.<\/p>\n\n\n\n<p style=\"text-align: right;\"><strong><a href=\"http:\/\/sud.svmep.ch\/svmep\/wp-content\/uploads\/2024\/09\/microphone_small.png\"><img loading=\"lazy\" decoding=\"async\" class=\"wp-image-1146 alignright\" src=\"http:\/\/sud.svmep.ch\/svmep\/wp-content\/uploads\/2024\/09\/microphone_small-288x300.png\" alt=\"\" width=\"45\" height=\"47\" srcset=\"https:\/\/sud.svmep.ch\/svmep\/wp-content\/uploads\/2024\/09\/microphone_small-288x300.png 288w, https:\/\/sud.svmep.ch\/svmep\/wp-content\/uploads\/2024\/09\/microphone_small.png 500w\" sizes=\"auto, (max-width: 45px) 100vw, 45px\" \/><\/a>La presse en parle :<\/strong><br \/><a href=\"https:\/\/www.24heures.ch\/les-apprentis-vaudois-ces-oublies-des-cours-de-sport-827460581796\" target=\"_blank\" rel=\"noopener\"><em>Les apprentis vaudois, ces oubli\u00e9s des cours de sport<\/em><\/a>, 24 Heures<\/p>\n","protected":false},"excerpt":{"rendered":"<p>2 juin 2021 Le SVMEP publie un communiqu\u00e9 de presse sur la situation des cours d&rsquo;\u00e9ducation physique et sportive dans les \u00e9coles professionnelles vaudoises Lors de sa s\u00e9ance du 18 [&hellip;]<\/p>\n","protected":false},"author":4,"featured_media":1337,"comment_status":"closed","ping_status":"closed","sticky":true,"template":"","format":"standard","meta":{"footnotes":""},"categories":[1],"tags":[29],"class_list":["post-754","post","type-post","status-publish","format-standard","has-post-thumbnail","hentry","category-non-classe","tag-apprenti-e-s"],"yoast_head":"<!-- This site is optimized with the Yoast SEO plugin v27.4 - https:\/\/yoast.com\/product\/yoast-seo-wordpress\/ -->\n<title>La majorit\u00e9 des apprenti.e.s du canton n\u2019a aucun cours de sport ! - svmep.ch<\/title>\n<meta name=\"description\" content=\"Communiqu\u00e9 de presse du SVMEP \u00e0 propos des cours \u00e9ducation physique et sportive, dont est priv\u00e9e la majorit\u00e9 des apprenti.e.s vaudois.es.\" \/>\n<meta name=\"robots\" content=\"index, follow, max-snippet:-1, max-image-preview:large, max-video-preview:-1\" \/>\n<link rel=\"canonical\" href=\"https:\/\/sud.svmep.ch\/svmep\/majorite-apprenti-e-s-canton-na-cours-de-sport\/\" \/>\n<meta property=\"og:locale\" content=\"fr_FR\" \/>\n<meta property=\"og:type\" content=\"article\" \/>\n<meta property=\"og:title\" content=\"La majorit\u00e9 des apprenti.e.s du canton n\u2019a aucun cours de sport ! - svmep.ch\" \/>\n<meta property=\"og:description\" content=\"Communiqu\u00e9 de presse du SVMEP \u00e0 propos des cours \u00e9ducation physique et sportive, dont est priv\u00e9e la majorit\u00e9 des apprenti.e.s vaudois.es.\" \/>\n<meta property=\"og:url\" content=\"https:\/\/sud.svmep.ch\/svmep\/majorite-apprenti-e-s-canton-na-cours-de-sport\/\" \/>\n<meta property=\"og:site_name\" content=\"svmep.ch\" \/>\n<meta property=\"article:published_time\" content=\"2021-06-02T22:15:27+00:00\" \/>\n<meta property=\"article:modified_time\" content=\"2025-08-06T07:48:47+00:00\" \/>\n<meta property=\"og:image\" content=\"https:\/\/sud.svmep.ch\/svmep\/wp-content\/uploads\/2024\/10\/droit.webp\" \/>\n\t<meta property=\"og:image:width\" content=\"600\" \/>\n\t<meta property=\"og:image:height\" content=\"600\" \/>\n\t<meta property=\"og:image:type\" content=\"image\/webp\" \/>\n<meta name=\"author\" content=\"svmep-webmaster\" \/>\n<meta name=\"twitter:card\" content=\"summary_large_image\" \/>\n<script type=\"application\/ld+json\" class=\"yoast-schema-graph\">{\"@context\":\"https:\\\/\\\/schema.org\",\"@graph\":[{\"@type\":\"Article\",\"@id\":\"https:\\\/\\\/sud.svmep.ch\\\/svmep\\\/majorite-apprenti-e-s-canton-na-cours-de-sport\\\/#article\",\"isPartOf\":{\"@id\":\"https:\\\/\\\/sud.svmep.ch\\\/svmep\\\/majorite-apprenti-e-s-canton-na-cours-de-sport\\\/\"},\"author\":{\"name\":\"svmep-webmaster\",\"@id\":\"https:\\\/\\\/sud.svmep.ch\\\/svmep\\\/#\\\/schema\\\/person\\\/c89c46f48a039b5e5bc4a8eeeab1aece\"},\"headline\":\"La majorit\u00e9 des apprenti.e.s du canton n\u2019a aucun cours de sport !\",\"datePublished\":\"2021-06-02T22:15:27+00:00\",\"dateModified\":\"2025-08-06T07:48:47+00:00\",\"mainEntityOfPage\":{\"@id\":\"https:\\\/\\\/sud.svmep.ch\\\/svmep\\\/majorite-apprenti-e-s-canton-na-cours-de-sport\\\/\"},\"wordCount\":258,\"publisher\":{\"@id\":\"https:\\\/\\\/sud.svmep.ch\\\/svmep\\\/#organization\"},\"image\":{\"@id\":\"https:\\\/\\\/sud.svmep.ch\\\/svmep\\\/majorite-apprenti-e-s-canton-na-cours-de-sport\\\/#primaryimage\"},\"thumbnailUrl\":\"https:\\\/\\\/sud.svmep.ch\\\/svmep\\\/wp-content\\\/uploads\\\/2024\\\/10\\\/droit.webp\",\"keywords\":[\"apprenti.e.s\"],\"inLanguage\":\"fr-FR\"},{\"@type\":\"WebPage\",\"@id\":\"https:\\\/\\\/sud.svmep.ch\\\/svmep\\\/majorite-apprenti-e-s-canton-na-cours-de-sport\\\/\",\"url\":\"https:\\\/\\\/sud.svmep.ch\\\/svmep\\\/majorite-apprenti-e-s-canton-na-cours-de-sport\\\/\",\"name\":\"La majorit\u00e9 des apprenti.e.s du canton n\u2019a aucun cours de sport ! - svmep.ch\",\"isPartOf\":{\"@id\":\"https:\\\/\\\/sud.svmep.ch\\\/svmep\\\/#website\"},\"primaryImageOfPage\":{\"@id\":\"https:\\\/\\\/sud.svmep.ch\\\/svmep\\\/majorite-apprenti-e-s-canton-na-cours-de-sport\\\/#primaryimage\"},\"image\":{\"@id\":\"https:\\\/\\\/sud.svmep.ch\\\/svmep\\\/majorite-apprenti-e-s-canton-na-cours-de-sport\\\/#primaryimage\"},\"thumbnailUrl\":\"https:\\\/\\\/sud.svmep.ch\\\/svmep\\\/wp-content\\\/uploads\\\/2024\\\/10\\\/droit.webp\",\"datePublished\":\"2021-06-02T22:15:27+00:00\",\"dateModified\":\"2025-08-06T07:48:47+00:00\",\"description\":\"Communiqu\u00e9 de presse du SVMEP \u00e0 propos des cours \u00e9ducation physique et sportive, dont est priv\u00e9e la majorit\u00e9 des apprenti.e.s vaudois.es.\",\"breadcrumb\":{\"@id\":\"https:\\\/\\\/sud.svmep.ch\\\/svmep\\\/majorite-apprenti-e-s-canton-na-cours-de-sport\\\/#breadcrumb\"},\"inLanguage\":\"fr-FR\",\"potentialAction\":[{\"@type\":\"ReadAction\",\"target\":[\"https:\\\/\\\/sud.svmep.ch\\\/svmep\\\/majorite-apprenti-e-s-canton-na-cours-de-sport\\\/\"]}]},{\"@type\":\"ImageObject\",\"inLanguage\":\"fr-FR\",\"@id\":\"https:\\\/\\\/sud.svmep.ch\\\/svmep\\\/majorite-apprenti-e-s-canton-na-cours-de-sport\\\/#primaryimage\",\"url\":\"https:\\\/\\\/sud.svmep.ch\\\/svmep\\\/wp-content\\\/uploads\\\/2024\\\/10\\\/droit.webp\",\"contentUrl\":\"https:\\\/\\\/sud.svmep.ch\\\/svmep\\\/wp-content\\\/uploads\\\/2024\\\/10\\\/droit.webp\",\"width\":600,\"height\":600},{\"@type\":\"BreadcrumbList\",\"@id\":\"https:\\\/\\\/sud.svmep.ch\\\/svmep\\\/majorite-apprenti-e-s-canton-na-cours-de-sport\\\/#breadcrumb\",\"itemListElement\":[{\"@type\":\"ListItem\",\"position\":1,\"name\":\"Accueil\",\"item\":\"https:\\\/\\\/sud.svmep.ch\\\/svmep\\\/\"},{\"@type\":\"ListItem\",\"position\":2,\"name\":\"Non class\u00e9\",\"item\":\"https:\\\/\\\/sud.svmep.ch\\\/svmep\\\/category\\\/non-classe\\\/\"},{\"@type\":\"ListItem\",\"position\":3,\"name\":\"La majorit\u00e9 des apprenti.e.s du canton n\u2019a aucun cours de sport !\"}]},{\"@type\":\"WebSite\",\"@id\":\"https:\\\/\\\/sud.svmep.ch\\\/svmep\\\/#website\",\"url\":\"https:\\\/\\\/sud.svmep.ch\\\/svmep\\\/\",\"name\":\"Syndicat vaudois des ma\u00eetres.ses de l'enseignement professionnel\",\"description\":\"\",\"publisher\":{\"@id\":\"https:\\\/\\\/sud.svmep.ch\\\/svmep\\\/#organization\"},\"alternateName\":\"SVMEP\",\"potentialAction\":[{\"@type\":\"SearchAction\",\"target\":{\"@type\":\"EntryPoint\",\"urlTemplate\":\"https:\\\/\\\/sud.svmep.ch\\\/svmep\\\/?s={search_term_string}\"},\"query-input\":{\"@type\":\"PropertyValueSpecification\",\"valueRequired\":true,\"valueName\":\"search_term_string\"}}],\"inLanguage\":\"fr-FR\"},{\"@type\":\"Organization\",\"@id\":\"https:\\\/\\\/sud.svmep.ch\\\/svmep\\\/#organization\",\"name\":\"Syndicat vaudois des ma\u00eetres.ses de l'enseignement professionnel SVMEP\",\"alternateName\":\"SVMEP\",\"url\":\"https:\\\/\\\/sud.svmep.ch\\\/svmep\\\/\",\"logo\":{\"@type\":\"ImageObject\",\"inLanguage\":\"fr-FR\",\"@id\":\"https:\\\/\\\/sud.svmep.ch\\\/svmep\\\/#\\\/schema\\\/logo\\\/image\\\/\",\"url\":\"https:\\\/\\\/sud.svmep.ch\\\/svmep\\\/wp-content\\\/uploads\\\/2024\\\/09\\\/svmep150x260.jpg\",\"contentUrl\":\"https:\\\/\\\/sud.svmep.ch\\\/svmep\\\/wp-content\\\/uploads\\\/2024\\\/09\\\/svmep150x260.jpg\",\"width\":226,\"height\":127,\"caption\":\"Syndicat vaudois des ma\u00eetres.ses de l'enseignement professionnel SVMEP\"},\"image\":{\"@id\":\"https:\\\/\\\/sud.svmep.ch\\\/svmep\\\/#\\\/schema\\\/logo\\\/image\\\/\"}},{\"@type\":\"Person\",\"@id\":\"https:\\\/\\\/sud.svmep.ch\\\/svmep\\\/#\\\/schema\\\/person\\\/c89c46f48a039b5e5bc4a8eeeab1aece\",\"name\":\"svmep-webmaster\",\"image\":{\"@type\":\"ImageObject\",\"inLanguage\":\"fr-FR\",\"@id\":\"https:\\\/\\\/secure.gravatar.com\\\/avatar\\\/75b5925b5ca4f3df48f6bb05f81ad13dab8238efffb28bf26c5f1682dff96ea6?s=96&d=mm&r=g\",\"url\":\"https:\\\/\\\/secure.gravatar.com\\\/avatar\\\/75b5925b5ca4f3df48f6bb05f81ad13dab8238efffb28bf26c5f1682dff96ea6?s=96&d=mm&r=g\",\"contentUrl\":\"https:\\\/\\\/secure.gravatar.com\\\/avatar\\\/75b5925b5ca4f3df48f6bb05f81ad13dab8238efffb28bf26c5f1682dff96ea6?s=96&d=mm&r=g\",\"caption\":\"svmep-webmaster\"}}]}<\/script>\n<!-- \/ Yoast SEO plugin. -->","yoast_head_json":{"title":"La majorit\u00e9 des apprenti.e.s du canton n\u2019a aucun cours de sport ! - svmep.ch","description":"Communiqu\u00e9 de presse du SVMEP \u00e0 propos des cours \u00e9ducation physique et sportive, dont est priv\u00e9e la majorit\u00e9 des apprenti.e.s vaudois.es.","robots":{"index":"index","follow":"follow","max-snippet":"max-snippet:-1","max-image-preview":"max-image-preview:large","max-video-preview":"max-video-preview:-1"},"canonical":"https:\/\/sud.svmep.ch\/svmep\/majorite-apprenti-e-s-canton-na-cours-de-sport\/","og_locale":"fr_FR","og_type":"article","og_title":"La majorit\u00e9 des apprenti.e.s du canton n\u2019a aucun cours de sport ! - svmep.ch","og_description":"Communiqu\u00e9 de presse du SVMEP \u00e0 propos des cours \u00e9ducation physique et sportive, dont est priv\u00e9e la majorit\u00e9 des apprenti.e.s vaudois.es.","og_url":"https:\/\/sud.svmep.ch\/svmep\/majorite-apprenti-e-s-canton-na-cours-de-sport\/","og_site_name":"svmep.ch","article_published_time":"2021-06-02T22:15:27+00:00","article_modified_time":"2025-08-06T07:48:47+00:00","og_image":[{"width":600,"height":600,"url":"https:\/\/sud.svmep.ch\/svmep\/wp-content\/uploads\/2024\/10\/droit.webp","type":"image\/webp"}],"author":"svmep-webmaster","twitter_card":"summary_large_image","schema":{"@context":"https:\/\/schema.org","@graph":[{"@type":"Article","@id":"https:\/\/sud.svmep.ch\/svmep\/majorite-apprenti-e-s-canton-na-cours-de-sport\/#article","isPartOf":{"@id":"https:\/\/sud.svmep.ch\/svmep\/majorite-apprenti-e-s-canton-na-cours-de-sport\/"},"author":{"name":"svmep-webmaster","@id":"https:\/\/sud.svmep.ch\/svmep\/#\/schema\/person\/c89c46f48a039b5e5bc4a8eeeab1aece"},"headline":"La majorit\u00e9 des apprenti.e.s du canton n\u2019a aucun cours de sport !","datePublished":"2021-06-02T22:15:27+00:00","dateModified":"2025-08-06T07:48:47+00:00","mainEntityOfPage":{"@id":"https:\/\/sud.svmep.ch\/svmep\/majorite-apprenti-e-s-canton-na-cours-de-sport\/"},"wordCount":258,"publisher":{"@id":"https:\/\/sud.svmep.ch\/svmep\/#organization"},"image":{"@id":"https:\/\/sud.svmep.ch\/svmep\/majorite-apprenti-e-s-canton-na-cours-de-sport\/#primaryimage"},"thumbnailUrl":"https:\/\/sud.svmep.ch\/svmep\/wp-content\/uploads\/2024\/10\/droit.webp","keywords":["apprenti.e.s"],"inLanguage":"fr-FR"},{"@type":"WebPage","@id":"https:\/\/sud.svmep.ch\/svmep\/majorite-apprenti-e-s-canton-na-cours-de-sport\/","url":"https:\/\/sud.svmep.ch\/svmep\/majorite-apprenti-e-s-canton-na-cours-de-sport\/","name":"La majorit\u00e9 des apprenti.e.s du canton n\u2019a aucun cours de sport ! - svmep.ch","isPartOf":{"@id":"https:\/\/sud.svmep.ch\/svmep\/#website"},"primaryImageOfPage":{"@id":"https:\/\/sud.svmep.ch\/svmep\/majorite-apprenti-e-s-canton-na-cours-de-sport\/#primaryimage"},"image":{"@id":"https:\/\/sud.svmep.ch\/svmep\/majorite-apprenti-e-s-canton-na-cours-de-sport\/#primaryimage"},"thumbnailUrl":"https:\/\/sud.svmep.ch\/svmep\/wp-content\/uploads\/2024\/10\/droit.webp","datePublished":"2021-06-02T22:15:27+00:00","dateModified":"2025-08-06T07:48:47+00:00","description":"Communiqu\u00e9 de presse du SVMEP \u00e0 propos des cours \u00e9ducation physique et sportive, dont est priv\u00e9e la majorit\u00e9 des apprenti.e.s vaudois.es.","breadcrumb":{"@id":"https:\/\/sud.svmep.ch\/svmep\/majorite-apprenti-e-s-canton-na-cours-de-sport\/#breadcrumb"},"inLanguage":"fr-FR","potentialAction":[{"@type":"ReadAction","target":["https:\/\/sud.svmep.ch\/svmep\/majorite-apprenti-e-s-canton-na-cours-de-sport\/"]}]},{"@type":"ImageObject","inLanguage":"fr-FR","@id":"https:\/\/sud.svmep.ch\/svmep\/majorite-apprenti-e-s-canton-na-cours-de-sport\/#primaryimage","url":"https:\/\/sud.svmep.ch\/svmep\/wp-content\/uploads\/2024\/10\/droit.webp","contentUrl":"https:\/\/sud.svmep.ch\/svmep\/wp-content\/uploads\/2024\/10\/droit.webp","width":600,"height":600},{"@type":"BreadcrumbList","@id":"https:\/\/sud.svmep.ch\/svmep\/majorite-apprenti-e-s-canton-na-cours-de-sport\/#breadcrumb","itemListElement":[{"@type":"ListItem","position":1,"name":"Accueil","item":"https:\/\/sud.svmep.ch\/svmep\/"},{"@type":"ListItem","position":2,"name":"Non class\u00e9","item":"https:\/\/sud.svmep.ch\/svmep\/category\/non-classe\/"},{"@type":"ListItem","position":3,"name":"La majorit\u00e9 des apprenti.e.s du canton n\u2019a aucun cours de sport !"}]},{"@type":"WebSite","@id":"https:\/\/sud.svmep.ch\/svmep\/#website","url":"https:\/\/sud.svmep.ch\/svmep\/","name":"Syndicat vaudois des ma\u00eetres.ses de l'enseignement professionnel","description":"","publisher":{"@id":"https:\/\/sud.svmep.ch\/svmep\/#organization"},"alternateName":"SVMEP","potentialAction":[{"@type":"SearchAction","target":{"@type":"EntryPoint","urlTemplate":"https:\/\/sud.svmep.ch\/svmep\/?s={search_term_string}"},"query-input":{"@type":"PropertyValueSpecification","valueRequired":true,"valueName":"search_term_string"}}],"inLanguage":"fr-FR"},{"@type":"Organization","@id":"https:\/\/sud.svmep.ch\/svmep\/#organization","name":"Syndicat vaudois des ma\u00eetres.ses de l'enseignement professionnel SVMEP","alternateName":"SVMEP","url":"https:\/\/sud.svmep.ch\/svmep\/","logo":{"@type":"ImageObject","inLanguage":"fr-FR","@id":"https:\/\/sud.svmep.ch\/svmep\/#\/schema\/logo\/image\/","url":"https:\/\/sud.svmep.ch\/svmep\/wp-content\/uploads\/2024\/09\/svmep150x260.jpg","contentUrl":"https:\/\/sud.svmep.ch\/svmep\/wp-content\/uploads\/2024\/09\/svmep150x260.jpg","width":226,"height":127,"caption":"Syndicat vaudois des ma\u00eetres.ses de l'enseignement professionnel SVMEP"},"image":{"@id":"https:\/\/sud.svmep.ch\/svmep\/#\/schema\/logo\/image\/"}},{"@type":"Person","@id":"https:\/\/sud.svmep.ch\/svmep\/#\/schema\/person\/c89c46f48a039b5e5bc4a8eeeab1aece","name":"svmep-webmaster","image":{"@type":"ImageObject","inLanguage":"fr-FR","@id":"https:\/\/secure.gravatar.com\/avatar\/75b5925b5ca4f3df48f6bb05f81ad13dab8238efffb28bf26c5f1682dff96ea6?s=96&d=mm&r=g","url":"https:\/\/secure.gravatar.com\/avatar\/75b5925b5ca4f3df48f6bb05f81ad13dab8238efffb28bf26c5f1682dff96ea6?s=96&d=mm&r=g","contentUrl":"https:\/\/secure.gravatar.com\/avatar\/75b5925b5ca4f3df48f6bb05f81ad13dab8238efffb28bf26c5f1682dff96ea6?s=96&d=mm&r=g","caption":"svmep-webmaster"}}]}},"_links":{"self":[{"href":"https:\/\/sud.svmep.ch\/svmep\/wp-json\/wp\/v2\/posts\/754","targetHints":{"allow":["GET"]}}],"collection":[{"href":"https:\/\/sud.svmep.ch\/svmep\/wp-json\/wp\/v2\/posts"}],"about":[{"href":"https:\/\/sud.svmep.ch\/svmep\/wp-json\/wp\/v2\/types\/post"}],"author":[{"embeddable":true,"href":"https:\/\/sud.svmep.ch\/svmep\/wp-json\/wp\/v2\/users\/4"}],"replies":[{"embeddable":true,"href":"https:\/\/sud.svmep.ch\/svmep\/wp-json\/wp\/v2\/comments?post=754"}],"version-history":[{"count":0,"href":"https:\/\/sud.svmep.ch\/svmep\/wp-json\/wp\/v2\/posts\/754\/revisions"}],"wp:featuredmedia":[{"embeddable":true,"href":"https:\/\/sud.svmep.ch\/svmep\/wp-json\/wp\/v2\/media\/1337"}],"wp:attachment":[{"href":"https:\/\/sud.svmep.ch\/svmep\/wp-json\/wp\/v2\/media?parent=754"}],"wp:term":[{"taxonomy":"category","embeddable":true,"href":"https:\/\/sud.svmep.ch\/svmep\/wp-json\/wp\/v2\/categories?post=754"},{"taxonomy":"post_tag","embeddable":true,"href":"https:\/\/sud.svmep.ch\/svmep\/wp-json\/wp\/v2\/tags?post=754"}],"curies":[{"name":"wp","href":"https:\/\/api.w.org\/{rel}","templated":true}]}}