{"id":759,"date":"2021-09-25T14:00:26","date_gmt":"2021-09-25T13:00:26","guid":{"rendered":"http:\/\/sud.svmep.ch\/?p=759"},"modified":"2025-04-04T19:21:11","modified_gmt":"2025-04-04T18:21:11","slug":"pourquoi-la-numerisation-est-dangereuse-pour-lecole","status":"publish","type":"post","link":"https:\/\/sud.svmep.ch\/svmep\/pourquoi-la-numerisation-est-dangereuse-pour-lecole\/","title":{"rendered":"Pourquoi la num\u00e9risation est dangereuse pour l\u2019\u00e9cole"},"content":{"rendered":"<p><strong>Le SVMEP publie une Gazette sp\u00e9ciale sur les enjeux de la pouss\u00e9e num\u00e9rique dans l\u2019enseignement. \u00c0 lire ci-dessous.<br \/><\/strong><\/p>\n<div class=\"page\" title=\"Page 3\">\n<div class=\"layoutArea\">\n<div class=\"column\">\u00a0<\/div>\n<\/div>\n<\/div>\n\n\n<blockquote class=\"wp-block-quote is-layout-flow wp-block-quote-is-layout-flow\">\n<p>On doit re\u0301sister au bluff technologique d&rsquo;une instruction publique qui troque ses ambitions e\u0301ducatives et sociales pour l&rsquo;ide\u0301ologie de l&rsquo;efficacite\u0301 technique. Il faut rappeler que l&rsquo;expansion nume\u0301rique est un de\u0301sastre e\u0301cologique majeur et appeler a\u0300 en faire une utilisation plus sobre et raisonne\u0301e. Il faut interroger les pratiques et poser la question de la re\u0301elle plus-value de l&rsquo;imple\u0301mentation de nouveaux outils. \u00c0 l&rsquo;e\u0301cole, la mesure du progre\u0300s ne doit pas e\u0302tre le nombre d&rsquo;e\u0301quipements, mais les connaissances et les compe\u0301tences des e\u0301le\u0300ves. Or, sur ce plan, le nume\u0301rique n&rsquo;a rien de\u0301montre\u0301 de convaincant.<\/p>\n<\/blockquote>\n\n\n\n<div data-wp-interactive=\"core\/file\" class=\"wp-block-file\"><object data-wp-bind--hidden=\"!state.hasPdfPreview\" hidden class=\"wp-block-file__embed\" data=\"https:\/\/sud.svmep.ch\/svmep\/wp-content\/uploads\/2021\/09\/2021.09.09-gazette.pdf\" type=\"application\/pdf\" style=\"width:100%;height:600px\" aria-label=\"Contenu embarqu\u00e9 Gazette sur la num\u00e9risation de l&#039;\u00e9cole.\"><\/object><a id=\"wp-block-file--media-7173b2a5-3bab-4e2e-9446-a9f466f9436b\" href=\"https:\/\/sud.svmep.ch\/svmep\/wp-content\/uploads\/2021\/09\/2021.09.09-gazette.pdf\" target=\"_blank\" rel=\"noreferrer noopener\">Gazette sur la num\u00e9risation de l&rsquo;\u00e9cole<\/a><a href=\"https:\/\/sud.svmep.ch\/svmep\/wp-content\/uploads\/2021\/09\/2021.09.09-gazette.pdf\" class=\"wp-block-file__button wp-element-button\" download aria-describedby=\"wp-block-file--media-7173b2a5-3bab-4e2e-9446-a9f466f9436b\">T\u00e9l\u00e9charger<\/a><\/div>\n","protected":false},"excerpt":{"rendered":"<p>Le SVMEP publie une Gazette sp\u00e9ciale sur les enjeux de la pouss\u00e9e num\u00e9rique dans l\u2019enseignement. \u00c0 lire ci-dessous. \u00a0 On doit re\u0301sister au bluff technologique d&rsquo;une instruction publique qui troque [&hellip;]<\/p>\n","protected":false},"author":4,"featured_media":354,"comment_status":"closed","ping_status":"closed","sticky":false,"template":"","format":"standard","meta":{"footnotes":""},"categories":[4],"tags":[45,27],"class_list":["post-759","post","type-post","status-publish","format-standard","has-post-thumbnail","hentry","category-gazette-svmep","tag-enseignement","tag-numerique"],"yoast_head":"<!-- This site is optimized with the Yoast SEO plugin v27.4 - https:\/\/yoast.com\/product\/yoast-seo-wordpress\/ -->\n<title>Pourquoi la num\u00e9risation est dangereuse pour l\u2019\u00e9cole - svmep.ch<\/title>\n<meta name=\"description\" content=\"Le SVMEP publie une Gazette sp\u00e9ciale sur les enjeux de la pouss\u00e9e num\u00e9rique dans l\u2019enseignement.\" \/>\n<meta name=\"robots\" content=\"index, follow, max-snippet:-1, max-image-preview:large, max-video-preview:-1\" \/>\n<link rel=\"canonical\" href=\"https:\/\/sud.svmep.ch\/svmep\/pourquoi-la-numerisation-est-dangereuse-pour-lecole\/\" \/>\n<meta property=\"og:locale\" content=\"fr_FR\" \/>\n<meta property=\"og:type\" content=\"article\" \/>\n<meta property=\"og:title\" content=\"Pourquoi la num\u00e9risation est dangereuse pour l\u2019\u00e9cole - svmep.ch\" \/>\n<meta property=\"og:description\" content=\"Le SVMEP publie une Gazette sp\u00e9ciale sur les enjeux de la pouss\u00e9e num\u00e9rique dans l\u2019enseignement.\" \/>\n<meta property=\"og:url\" content=\"https:\/\/sud.svmep.ch\/svmep\/pourquoi-la-numerisation-est-dangereuse-pour-lecole\/\" \/>\n<meta property=\"og:site_name\" content=\"svmep.ch\" \/>\n<meta property=\"article:published_time\" content=\"2021-09-25T13:00:26+00:00\" \/>\n<meta property=\"article:modified_time\" content=\"2025-04-04T18:21:11+00:00\" \/>\n<meta property=\"og:image\" content=\"https:\/\/sud.svmep.ch\/svmep\/wp-content\/uploads\/2005\/09\/jpg_logo2.jpg\" \/>\n\t<meta property=\"og:image:width\" content=\"100\" \/>\n\t<meta property=\"og:image:height\" content=\"100\" \/>\n\t<meta property=\"og:image:type\" content=\"image\/jpeg\" \/>\n<meta name=\"author\" content=\"svmep-webmaster\" \/>\n<meta name=\"twitter:card\" content=\"summary_large_image\" \/>\n<script type=\"application\/ld+json\" class=\"yoast-schema-graph\">{\"@context\":\"https:\\\/\\\/schema.org\",\"@graph\":[{\"@type\":\"Article\",\"@id\":\"https:\\\/\\\/sud.svmep.ch\\\/svmep\\\/pourquoi-la-numerisation-est-dangereuse-pour-lecole\\\/#article\",\"isPartOf\":{\"@id\":\"https:\\\/\\\/sud.svmep.ch\\\/svmep\\\/pourquoi-la-numerisation-est-dangereuse-pour-lecole\\\/\"},\"author\":{\"name\":\"svmep-webmaster\",\"@id\":\"https:\\\/\\\/sud.svmep.ch\\\/svmep\\\/#\\\/schema\\\/person\\\/c89c46f48a039b5e5bc4a8eeeab1aece\"},\"headline\":\"Pourquoi la num\u00e9risation est dangereuse pour l\u2019\u00e9cole\",\"datePublished\":\"2021-09-25T13:00:26+00:00\",\"dateModified\":\"2025-04-04T18:21:11+00:00\",\"mainEntityOfPage\":{\"@id\":\"https:\\\/\\\/sud.svmep.ch\\\/svmep\\\/pourquoi-la-numerisation-est-dangereuse-pour-lecole\\\/\"},\"wordCount\":151,\"publisher\":{\"@id\":\"https:\\\/\\\/sud.svmep.ch\\\/svmep\\\/#organization\"},\"image\":{\"@id\":\"https:\\\/\\\/sud.svmep.ch\\\/svmep\\\/pourquoi-la-numerisation-est-dangereuse-pour-lecole\\\/#primaryimage\"},\"thumbnailUrl\":\"https:\\\/\\\/sud.svmep.ch\\\/svmep\\\/wp-content\\\/uploads\\\/2005\\\/09\\\/jpg_logo2.jpg\",\"keywords\":[\"enseignement\",\"num\u00e9rique\"],\"articleSection\":[\"Gazette SVMEP\"],\"inLanguage\":\"fr-FR\"},{\"@type\":\"WebPage\",\"@id\":\"https:\\\/\\\/sud.svmep.ch\\\/svmep\\\/pourquoi-la-numerisation-est-dangereuse-pour-lecole\\\/\",\"url\":\"https:\\\/\\\/sud.svmep.ch\\\/svmep\\\/pourquoi-la-numerisation-est-dangereuse-pour-lecole\\\/\",\"name\":\"Pourquoi la num\u00e9risation est dangereuse pour l\u2019\u00e9cole - svmep.ch\",\"isPartOf\":{\"@id\":\"https:\\\/\\\/sud.svmep.ch\\\/svmep\\\/#website\"},\"primaryImageOfPage\":{\"@id\":\"https:\\\/\\\/sud.svmep.ch\\\/svmep\\\/pourquoi-la-numerisation-est-dangereuse-pour-lecole\\\/#primaryimage\"},\"image\":{\"@id\":\"https:\\\/\\\/sud.svmep.ch\\\/svmep\\\/pourquoi-la-numerisation-est-dangereuse-pour-lecole\\\/#primaryimage\"},\"thumbnailUrl\":\"https:\\\/\\\/sud.svmep.ch\\\/svmep\\\/wp-content\\\/uploads\\\/2005\\\/09\\\/jpg_logo2.jpg\",\"datePublished\":\"2021-09-25T13:00:26+00:00\",\"dateModified\":\"2025-04-04T18:21:11+00:00\",\"description\":\"Le SVMEP publie une Gazette sp\u00e9ciale sur les enjeux de la pouss\u00e9e num\u00e9rique dans l\u2019enseignement.\",\"breadcrumb\":{\"@id\":\"https:\\\/\\\/sud.svmep.ch\\\/svmep\\\/pourquoi-la-numerisation-est-dangereuse-pour-lecole\\\/#breadcrumb\"},\"inLanguage\":\"fr-FR\",\"potentialAction\":[{\"@type\":\"ReadAction\",\"target\":[\"https:\\\/\\\/sud.svmep.ch\\\/svmep\\\/pourquoi-la-numerisation-est-dangereuse-pour-lecole\\\/\"]}]},{\"@type\":\"ImageObject\",\"inLanguage\":\"fr-FR\",\"@id\":\"https:\\\/\\\/sud.svmep.ch\\\/svmep\\\/pourquoi-la-numerisation-est-dangereuse-pour-lecole\\\/#primaryimage\",\"url\":\"https:\\\/\\\/sud.svmep.ch\\\/svmep\\\/wp-content\\\/uploads\\\/2005\\\/09\\\/jpg_logo2.jpg\",\"contentUrl\":\"https:\\\/\\\/sud.svmep.ch\\\/svmep\\\/wp-content\\\/uploads\\\/2005\\\/09\\\/jpg_logo2.jpg\",\"width\":100,\"height\":100},{\"@type\":\"BreadcrumbList\",\"@id\":\"https:\\\/\\\/sud.svmep.ch\\\/svmep\\\/pourquoi-la-numerisation-est-dangereuse-pour-lecole\\\/#breadcrumb\",\"itemListElement\":[{\"@type\":\"ListItem\",\"position\":1,\"name\":\"Accueil\",\"item\":\"https:\\\/\\\/sud.svmep.ch\\\/svmep\\\/\"},{\"@type\":\"ListItem\",\"position\":2,\"name\":\"Gazette SVMEP\",\"item\":\"https:\\\/\\\/sud.svmep.ch\\\/svmep\\\/category\\\/gazette-svmep\\\/\"},{\"@type\":\"ListItem\",\"position\":3,\"name\":\"Pourquoi la num\u00e9risation est dangereuse pour l\u2019\u00e9cole\"}]},{\"@type\":\"WebSite\",\"@id\":\"https:\\\/\\\/sud.svmep.ch\\\/svmep\\\/#website\",\"url\":\"https:\\\/\\\/sud.svmep.ch\\\/svmep\\\/\",\"name\":\"Syndicat vaudois des ma\u00eetres.ses de l'enseignement professionnel\",\"description\":\"\",\"publisher\":{\"@id\":\"https:\\\/\\\/sud.svmep.ch\\\/svmep\\\/#organization\"},\"alternateName\":\"SVMEP\",\"potentialAction\":[{\"@type\":\"SearchAction\",\"target\":{\"@type\":\"EntryPoint\",\"urlTemplate\":\"https:\\\/\\\/sud.svmep.ch\\\/svmep\\\/?s={search_term_string}\"},\"query-input\":{\"@type\":\"PropertyValueSpecification\",\"valueRequired\":true,\"valueName\":\"search_term_string\"}}],\"inLanguage\":\"fr-FR\"},{\"@type\":\"Organization\",\"@id\":\"https:\\\/\\\/sud.svmep.ch\\\/svmep\\\/#organization\",\"name\":\"Syndicat vaudois des ma\u00eetres.ses de l'enseignement professionnel SVMEP\",\"alternateName\":\"SVMEP\",\"url\":\"https:\\\/\\\/sud.svmep.ch\\\/svmep\\\/\",\"logo\":{\"@type\":\"ImageObject\",\"inLanguage\":\"fr-FR\",\"@id\":\"https:\\\/\\\/sud.svmep.ch\\\/svmep\\\/#\\\/schema\\\/logo\\\/image\\\/\",\"url\":\"https:\\\/\\\/sud.svmep.ch\\\/svmep\\\/wp-content\\\/uploads\\\/2024\\\/09\\\/svmep150x260.jpg\",\"contentUrl\":\"https:\\\/\\\/sud.svmep.ch\\\/svmep\\\/wp-content\\\/uploads\\\/2024\\\/09\\\/svmep150x260.jpg\",\"width\":226,\"height\":127,\"caption\":\"Syndicat vaudois des ma\u00eetres.ses de l'enseignement professionnel SVMEP\"},\"image\":{\"@id\":\"https:\\\/\\\/sud.svmep.ch\\\/svmep\\\/#\\\/schema\\\/logo\\\/image\\\/\"}},{\"@type\":\"Person\",\"@id\":\"https:\\\/\\\/sud.svmep.ch\\\/svmep\\\/#\\\/schema\\\/person\\\/c89c46f48a039b5e5bc4a8eeeab1aece\",\"name\":\"svmep-webmaster\",\"image\":{\"@type\":\"ImageObject\",\"inLanguage\":\"fr-FR\",\"@id\":\"https:\\\/\\\/secure.gravatar.com\\\/avatar\\\/75b5925b5ca4f3df48f6bb05f81ad13dab8238efffb28bf26c5f1682dff96ea6?s=96&d=mm&r=g\",\"url\":\"https:\\\/\\\/secure.gravatar.com\\\/avatar\\\/75b5925b5ca4f3df48f6bb05f81ad13dab8238efffb28bf26c5f1682dff96ea6?s=96&d=mm&r=g\",\"contentUrl\":\"https:\\\/\\\/secure.gravatar.com\\\/avatar\\\/75b5925b5ca4f3df48f6bb05f81ad13dab8238efffb28bf26c5f1682dff96ea6?s=96&d=mm&r=g\",\"caption\":\"svmep-webmaster\"}}]}<\/script>\n<!-- \/ Yoast SEO plugin. -->","yoast_head_json":{"title":"Pourquoi la num\u00e9risation est dangereuse pour l\u2019\u00e9cole - svmep.ch","description":"Le SVMEP publie une Gazette sp\u00e9ciale sur les enjeux de la pouss\u00e9e num\u00e9rique dans l\u2019enseignement.","robots":{"index":"index","follow":"follow","max-snippet":"max-snippet:-1","max-image-preview":"max-image-preview:large","max-video-preview":"max-video-preview:-1"},"canonical":"https:\/\/sud.svmep.ch\/svmep\/pourquoi-la-numerisation-est-dangereuse-pour-lecole\/","og_locale":"fr_FR","og_type":"article","og_title":"Pourquoi la num\u00e9risation est dangereuse pour l\u2019\u00e9cole - svmep.ch","og_description":"Le SVMEP publie une Gazette sp\u00e9ciale sur les enjeux de la pouss\u00e9e num\u00e9rique dans l\u2019enseignement.","og_url":"https:\/\/sud.svmep.ch\/svmep\/pourquoi-la-numerisation-est-dangereuse-pour-lecole\/","og_site_name":"svmep.ch","article_published_time":"2021-09-25T13:00:26+00:00","article_modified_time":"2025-04-04T18:21:11+00:00","og_image":[{"width":100,"height":100,"url":"https:\/\/sud.svmep.ch\/svmep\/wp-content\/uploads\/2005\/09\/jpg_logo2.jpg","type":"image\/jpeg"}],"author":"svmep-webmaster","twitter_card":"summary_large_image","schema":{"@context":"https:\/\/schema.org","@graph":[{"@type":"Article","@id":"https:\/\/sud.svmep.ch\/svmep\/pourquoi-la-numerisation-est-dangereuse-pour-lecole\/#article","isPartOf":{"@id":"https:\/\/sud.svmep.ch\/svmep\/pourquoi-la-numerisation-est-dangereuse-pour-lecole\/"},"author":{"name":"svmep-webmaster","@id":"https:\/\/sud.svmep.ch\/svmep\/#\/schema\/person\/c89c46f48a039b5e5bc4a8eeeab1aece"},"headline":"Pourquoi la num\u00e9risation est dangereuse pour l\u2019\u00e9cole","datePublished":"2021-09-25T13:00:26+00:00","dateModified":"2025-04-04T18:21:11+00:00","mainEntityOfPage":{"@id":"https:\/\/sud.svmep.ch\/svmep\/pourquoi-la-numerisation-est-dangereuse-pour-lecole\/"},"wordCount":151,"publisher":{"@id":"https:\/\/sud.svmep.ch\/svmep\/#organization"},"image":{"@id":"https:\/\/sud.svmep.ch\/svmep\/pourquoi-la-numerisation-est-dangereuse-pour-lecole\/#primaryimage"},"thumbnailUrl":"https:\/\/sud.svmep.ch\/svmep\/wp-content\/uploads\/2005\/09\/jpg_logo2.jpg","keywords":["enseignement","num\u00e9rique"],"articleSection":["Gazette SVMEP"],"inLanguage":"fr-FR"},{"@type":"WebPage","@id":"https:\/\/sud.svmep.ch\/svmep\/pourquoi-la-numerisation-est-dangereuse-pour-lecole\/","url":"https:\/\/sud.svmep.ch\/svmep\/pourquoi-la-numerisation-est-dangereuse-pour-lecole\/","name":"Pourquoi la num\u00e9risation est dangereuse pour l\u2019\u00e9cole - svmep.ch","isPartOf":{"@id":"https:\/\/sud.svmep.ch\/svmep\/#website"},"primaryImageOfPage":{"@id":"https:\/\/sud.svmep.ch\/svmep\/pourquoi-la-numerisation-est-dangereuse-pour-lecole\/#primaryimage"},"image":{"@id":"https:\/\/sud.svmep.ch\/svmep\/pourquoi-la-numerisation-est-dangereuse-pour-lecole\/#primaryimage"},"thumbnailUrl":"https:\/\/sud.svmep.ch\/svmep\/wp-content\/uploads\/2005\/09\/jpg_logo2.jpg","datePublished":"2021-09-25T13:00:26+00:00","dateModified":"2025-04-04T18:21:11+00:00","description":"Le SVMEP publie une Gazette sp\u00e9ciale sur les enjeux de la pouss\u00e9e num\u00e9rique dans l\u2019enseignement.","breadcrumb":{"@id":"https:\/\/sud.svmep.ch\/svmep\/pourquoi-la-numerisation-est-dangereuse-pour-lecole\/#breadcrumb"},"inLanguage":"fr-FR","potentialAction":[{"@type":"ReadAction","target":["https:\/\/sud.svmep.ch\/svmep\/pourquoi-la-numerisation-est-dangereuse-pour-lecole\/"]}]},{"@type":"ImageObject","inLanguage":"fr-FR","@id":"https:\/\/sud.svmep.ch\/svmep\/pourquoi-la-numerisation-est-dangereuse-pour-lecole\/#primaryimage","url":"https:\/\/sud.svmep.ch\/svmep\/wp-content\/uploads\/2005\/09\/jpg_logo2.jpg","contentUrl":"https:\/\/sud.svmep.ch\/svmep\/wp-content\/uploads\/2005\/09\/jpg_logo2.jpg","width":100,"height":100},{"@type":"BreadcrumbList","@id":"https:\/\/sud.svmep.ch\/svmep\/pourquoi-la-numerisation-est-dangereuse-pour-lecole\/#breadcrumb","itemListElement":[{"@type":"ListItem","position":1,"name":"Accueil","item":"https:\/\/sud.svmep.ch\/svmep\/"},{"@type":"ListItem","position":2,"name":"Gazette SVMEP","item":"https:\/\/sud.svmep.ch\/svmep\/category\/gazette-svmep\/"},{"@type":"ListItem","position":3,"name":"Pourquoi la num\u00e9risation est dangereuse pour l\u2019\u00e9cole"}]},{"@type":"WebSite","@id":"https:\/\/sud.svmep.ch\/svmep\/#website","url":"https:\/\/sud.svmep.ch\/svmep\/","name":"Syndicat vaudois des ma\u00eetres.ses de l'enseignement professionnel","description":"","publisher":{"@id":"https:\/\/sud.svmep.ch\/svmep\/#organization"},"alternateName":"SVMEP","potentialAction":[{"@type":"SearchAction","target":{"@type":"EntryPoint","urlTemplate":"https:\/\/sud.svmep.ch\/svmep\/?s={search_term_string}"},"query-input":{"@type":"PropertyValueSpecification","valueRequired":true,"valueName":"search_term_string"}}],"inLanguage":"fr-FR"},{"@type":"Organization","@id":"https:\/\/sud.svmep.ch\/svmep\/#organization","name":"Syndicat vaudois des ma\u00eetres.ses de l'enseignement professionnel SVMEP","alternateName":"SVMEP","url":"https:\/\/sud.svmep.ch\/svmep\/","logo":{"@type":"ImageObject","inLanguage":"fr-FR","@id":"https:\/\/sud.svmep.ch\/svmep\/#\/schema\/logo\/image\/","url":"https:\/\/sud.svmep.ch\/svmep\/wp-content\/uploads\/2024\/09\/svmep150x260.jpg","contentUrl":"https:\/\/sud.svmep.ch\/svmep\/wp-content\/uploads\/2024\/09\/svmep150x260.jpg","width":226,"height":127,"caption":"Syndicat vaudois des ma\u00eetres.ses de l'enseignement professionnel SVMEP"},"image":{"@id":"https:\/\/sud.svmep.ch\/svmep\/#\/schema\/logo\/image\/"}},{"@type":"Person","@id":"https:\/\/sud.svmep.ch\/svmep\/#\/schema\/person\/c89c46f48a039b5e5bc4a8eeeab1aece","name":"svmep-webmaster","image":{"@type":"ImageObject","inLanguage":"fr-FR","@id":"https:\/\/secure.gravatar.com\/avatar\/75b5925b5ca4f3df48f6bb05f81ad13dab8238efffb28bf26c5f1682dff96ea6?s=96&d=mm&r=g","url":"https:\/\/secure.gravatar.com\/avatar\/75b5925b5ca4f3df48f6bb05f81ad13dab8238efffb28bf26c5f1682dff96ea6?s=96&d=mm&r=g","contentUrl":"https:\/\/secure.gravatar.com\/avatar\/75b5925b5ca4f3df48f6bb05f81ad13dab8238efffb28bf26c5f1682dff96ea6?s=96&d=mm&r=g","caption":"svmep-webmaster"}}]}},"_links":{"self":[{"href":"https:\/\/sud.svmep.ch\/svmep\/wp-json\/wp\/v2\/posts\/759","targetHints":{"allow":["GET"]}}],"collection":[{"href":"https:\/\/sud.svmep.ch\/svmep\/wp-json\/wp\/v2\/posts"}],"about":[{"href":"https:\/\/sud.svmep.ch\/svmep\/wp-json\/wp\/v2\/types\/post"}],"author":[{"embeddable":true,"href":"https:\/\/sud.svmep.ch\/svmep\/wp-json\/wp\/v2\/users\/4"}],"replies":[{"embeddable":true,"href":"https:\/\/sud.svmep.ch\/svmep\/wp-json\/wp\/v2\/comments?post=759"}],"version-history":[{"count":0,"href":"https:\/\/sud.svmep.ch\/svmep\/wp-json\/wp\/v2\/posts\/759\/revisions"}],"wp:featuredmedia":[{"embeddable":true,"href":"https:\/\/sud.svmep.ch\/svmep\/wp-json\/wp\/v2\/media\/354"}],"wp:attachment":[{"href":"https:\/\/sud.svmep.ch\/svmep\/wp-json\/wp\/v2\/media?parent=759"}],"wp:term":[{"taxonomy":"category","embeddable":true,"href":"https:\/\/sud.svmep.ch\/svmep\/wp-json\/wp\/v2\/categories?post=759"},{"taxonomy":"post_tag","embeddable":true,"href":"https:\/\/sud.svmep.ch\/svmep\/wp-json\/wp\/v2\/tags?post=759"}],"curies":[{"name":"wp","href":"https:\/\/api.w.org\/{rel}","templated":true}]}}