{"id":781,"date":"2022-05-26T14:35:25","date_gmt":"2022-05-26T13:35:25","guid":{"rendered":"http:\/\/sud.svmep.ch\/?p=781"},"modified":"2025-01-29T08:48:04","modified_gmt":"2025-01-29T07:48:04","slug":"reforme-regressive-des-formations-commerciales","status":"publish","type":"post","link":"https:\/\/sud.svmep.ch\/svmep\/reforme-regressive-des-formations-commerciales\/","title":{"rendered":"R\u00e9forme r\u00e9gressive des formations commerciales : un laboratoire pour les autres formations professionnelles ?"},"content":{"rendered":"<div class=\"wp-block-post-date\"><time datetime=\"2022-05-26T14:35:25+02:00\">26 mai 2022<\/time><\/div>\n\n<p><strong>Aujourd&rsquo;hui, ce sont les m\u00e9tiers de la vente et du commerce qui sont lourdement impact\u00e9s. Demain, ce sera peut-\u00eatre le m\u00e9tier de vos \u00e9l\u00e8ves ! Il faut absolument lire cette Gazette du SVMEP (\u00e0 t\u00e9l\u00e9charger ci-dessous), qui peut vous aider \u00e0 pr\u00e9venir de futures \u00e9volutions dommageables dans vos m\u00e9tiers. Le canton doit d\u00e9fendre la culture professionnelle et g\u00e9n\u00e9rale des apprenti.e.s vaudois.es (ainsi que le m\u00e9tier de leurs enseignant.e.s)!<br \/><\/strong><\/p>\n<p>La r\u00e9forme des formations commerciales conduit \u00e0 une d\u00e9qualification des apprenti.e.s. Elle est vid\u00e9e de son contenu p\u00e9dagogique et culturel au profit de comp\u00e9tences \u00ab\u00a0op\u00e9rationnelles\u00a0\u00bb, pens\u00e9es \u00e0 tr\u00e8s court terme. Les branches d&rsquo;enseignement, notamment le fran\u00e7ais, les langues \u00e9trang\u00e8res ou l&rsquo;eCG seront dilu\u00e9es dans des \u00ab\u00a0domaines de comp\u00e9tences\u00a0\u00bb qui aboutissent \u00e0 une \u00e9ducation \u00e0 un poste de travail en particulier et non plus \u00e0 des savoirs g\u00e9n\u00e9ralisables et transf\u00e9rables qui garantissaient des possibilit\u00e9s d&rsquo;\u00e9volution dans le m\u00e9tier. <a href=\"https:\/\/sud.svmep.ch\/svmep\/nouvelle-formation-professionnelle-on-cherche-executants\/\" target=\"_blank\" rel=\"noopener\">Le SVMEP s&rsquo;en \u00e9tait d\u00e9j\u00e0 inqui\u00e9t\u00e9 l&rsquo;ann\u00e9e derni\u00e8re.<\/a><\/p>\n<p><a href=\"https:\/\/sud.svmep.ch\/svmep\/wp-content\/uploads\/2024\/09\/taylor_nb.png\"><img loading=\"lazy\" decoding=\"async\" class=\"alignright size-thumbnail wp-image-1087\" src=\"https:\/\/sud.svmep.ch\/svmep\/wp-content\/uploads\/2024\/09\/taylor_nb-150x150.png\" alt=\"\" width=\"150\" height=\"150\" \/><\/a>Les enjeux concernent \u00e9galement les enseignant.e.s : cette p\u00e9dagogie purement utilitariste ne respecte pas les comp\u00e9tences professionnelles des enseignant.e.s qui seront vou\u00e9s \u00e0 faire un peu de tout, la plupart du temps hors de leurs comp\u00e9tences personnelles. \u00c0 terme, <a href=\"https:\/\/sud.svmep.ch\/svmep\/enseigner-nest-pas-coacher\/\" target=\"_blank\" rel=\"noopener\">de simples coachs avec des formations courtes pourront remplacer les enseignant.e.s actuel.le.s!<\/a><\/p>\n<p><strong>Pour toutes ces raisons, notre syndicat a expos\u00e9 une s\u00e9rie de revendications au D\u00e9partement de la formation. Nous demandons :<\/strong><\/p>\n<ol>\n<li>un \u00e9tat pr\u00e9cis et complet de tout ce que le nouveau plan de formation pour la vente (et pour le commerce) fait <strong>perdre<\/strong> de savoirs, de qualifications, de possibilit\u00e9s professionnelles aux apprenti.e.s vaudois.es<\/li>\n<li>que le canton propose un ensemble coh\u00e9rent de <strong>mesures restauratrices<\/strong> pour emp\u00eacher la d\u00e9gradation de ces apprentissages mais aussi afin de garantir l\u2019\u00e9galit\u00e9 de traitement entre la formation en dual et la voie gymnasiale (\u00e9cole de commerce)<\/li>\n<li>que ces formations restauratrices soient imparties durant la semaine de travail, sous la forme d\u2019un <strong>jour de cours suppl\u00e9mentaire<\/strong><\/li>\n<li>la garantie des possibilit\u00e9s d\u2019acc\u00e8s \u00e0 la <strong>maturit\u00e9 professionnelle<\/strong> ainsi que sa promotion syst\u00e9matique moyennant une intervention volontariste<\/li>\n<li>que le statut professionnel des <strong>enseignant.e.s concern\u00e9.e.s<\/strong>, leurs qualifications et leur emploi soient garantis<\/li>\n<li>que les <strong>conditions de travail<\/strong> des enseignant.e.s soient pr\u00e9serv\u00e9es, notamment pour ce qui est du travail librement g\u00e9r\u00e9<\/li>\n<li>que le <strong>droit au transfert<\/strong> soit consolid\u00e9 et \u00e9largi pour les coll\u00e8gues qui aimeraient s\u2019en pr\u00e9valoir<\/li>\n<\/ol>\n<p><strong>Lisez ci-dessous la Gazette sur cette r\u00e9forme. <\/strong><\/p>\n\n\n<div data-wp-interactive=\"core\/file\" class=\"wp-block-file\"><object data-wp-bind--hidden=\"!state.hasPdfPreview\" hidden class=\"wp-block-file__embed\" data=\"https:\/\/sud.svmep.ch\/svmep\/wp-content\/uploads\/2022\/05\/svmep-gazette_vente-commerce.pdf\" type=\"application\/pdf\" style=\"width:100%;height:600px\" aria-label=\"Contenu embarqu\u00e9 Gazette r\u00e9forme formations commerciales  mai 2022.\"><\/object><a id=\"wp-block-file--media-c269a25a-f6cb-41e6-9ab2-36b70d93cf50\" href=\"https:\/\/sud.svmep.ch\/svmep\/wp-content\/uploads\/2022\/05\/svmep-gazette_vente-commerce.pdf\" target=\"_blank\" rel=\"noreferrer noopener\">Gazette r\u00e9forme formations commerciales  mai 2022<\/a><a href=\"https:\/\/sud.svmep.ch\/svmep\/wp-content\/uploads\/2022\/05\/svmep-gazette_vente-commerce.pdf\" class=\"wp-block-file__button wp-element-button\" download aria-describedby=\"wp-block-file--media-c269a25a-f6cb-41e6-9ab2-36b70d93cf50\">T\u00e9l\u00e9charger<\/a><\/div>\n","protected":false},"excerpt":{"rendered":"<p>26 mai 2022 Aujourd&rsquo;hui, ce sont les m\u00e9tiers de la vente et du commerce qui sont lourdement impact\u00e9s. Demain, ce sera peut-\u00eatre le m\u00e9tier de vos \u00e9l\u00e8ves ! Il faut [&hellip;]<\/p>\n","protected":false},"author":4,"featured_media":354,"comment_status":"closed","ping_status":"closed","sticky":false,"template":"","format":"standard","meta":{"footnotes":""},"categories":[4,23],"tags":[29,45],"class_list":["post-781","post","type-post","status-publish","format-standard","has-post-thumbnail","hentry","category-gazette-svmep","category-reformes-des-formations-commerciales","tag-apprenti-e-s","tag-enseignement"],"yoast_head":"<!-- This site is optimized with the Yoast SEO plugin v27.4 - https:\/\/yoast.com\/product\/yoast-seo-wordpress\/ -->\n<title>R\u00e9forme r\u00e9gressive des formations commerciales : un laboratoire pour les autres formations professionnelles ? - svmep.ch<\/title>\n<meta name=\"description\" content=\"Gazette du SVMEP sur la r\u00e9forme des formations commerciales (m\u00e9tiers de la vente et du commerce), qui conduit \u00e0 une d\u00e9qualification des apprenti.e.s.\" \/>\n<meta name=\"robots\" content=\"index, follow, max-snippet:-1, max-image-preview:large, max-video-preview:-1\" \/>\n<link rel=\"canonical\" href=\"https:\/\/sud.svmep.ch\/svmep\/reforme-regressive-des-formations-commerciales\/\" \/>\n<meta property=\"og:locale\" content=\"fr_FR\" \/>\n<meta property=\"og:type\" content=\"article\" \/>\n<meta property=\"og:title\" content=\"R\u00e9forme r\u00e9gressive des formations commerciales : un laboratoire pour les autres formations professionnelles ? - svmep.ch\" \/>\n<meta property=\"og:description\" content=\"Gazette du SVMEP sur la r\u00e9forme des formations commerciales (m\u00e9tiers de la vente et du commerce), qui conduit \u00e0 une d\u00e9qualification des apprenti.e.s.\" \/>\n<meta property=\"og:url\" content=\"https:\/\/sud.svmep.ch\/svmep\/reforme-regressive-des-formations-commerciales\/\" \/>\n<meta property=\"og:site_name\" content=\"svmep.ch\" \/>\n<meta property=\"article:published_time\" content=\"2022-05-26T13:35:25+00:00\" \/>\n<meta property=\"article:modified_time\" content=\"2025-01-29T07:48:04+00:00\" \/>\n<meta property=\"og:image\" content=\"https:\/\/sud.svmep.ch\/svmep\/wp-content\/uploads\/2005\/09\/jpg_logo2.jpg\" \/>\n\t<meta property=\"og:image:width\" content=\"100\" \/>\n\t<meta property=\"og:image:height\" content=\"100\" \/>\n\t<meta property=\"og:image:type\" content=\"image\/jpeg\" \/>\n<meta name=\"author\" content=\"svmep-webmaster\" \/>\n<meta name=\"twitter:card\" content=\"summary_large_image\" \/>\n<script type=\"application\/ld+json\" class=\"yoast-schema-graph\">{\"@context\":\"https:\\\/\\\/schema.org\",\"@graph\":[{\"@type\":\"Article\",\"@id\":\"https:\\\/\\\/sud.svmep.ch\\\/svmep\\\/reforme-regressive-des-formations-commerciales\\\/#article\",\"isPartOf\":{\"@id\":\"https:\\\/\\\/sud.svmep.ch\\\/svmep\\\/reforme-regressive-des-formations-commerciales\\\/\"},\"author\":{\"name\":\"svmep-webmaster\",\"@id\":\"https:\\\/\\\/sud.svmep.ch\\\/svmep\\\/#\\\/schema\\\/person\\\/c89c46f48a039b5e5bc4a8eeeab1aece\"},\"headline\":\"R\u00e9forme r\u00e9gressive des formations commerciales : un laboratoire pour les autres formations professionnelles ?\",\"datePublished\":\"2022-05-26T13:35:25+00:00\",\"dateModified\":\"2025-01-29T07:48:04+00:00\",\"mainEntityOfPage\":{\"@id\":\"https:\\\/\\\/sud.svmep.ch\\\/svmep\\\/reforme-regressive-des-formations-commerciales\\\/\"},\"wordCount\":480,\"publisher\":{\"@id\":\"https:\\\/\\\/sud.svmep.ch\\\/svmep\\\/#organization\"},\"image\":{\"@id\":\"https:\\\/\\\/sud.svmep.ch\\\/svmep\\\/reforme-regressive-des-formations-commerciales\\\/#primaryimage\"},\"thumbnailUrl\":\"https:\\\/\\\/sud.svmep.ch\\\/svmep\\\/wp-content\\\/uploads\\\/2005\\\/09\\\/jpg_logo2.jpg\",\"keywords\":[\"apprenti.e.s\",\"enseignement\"],\"articleSection\":[\"Gazette SVMEP\",\"R\u00e9formes des formations commerciales\"],\"inLanguage\":\"fr-FR\"},{\"@type\":\"WebPage\",\"@id\":\"https:\\\/\\\/sud.svmep.ch\\\/svmep\\\/reforme-regressive-des-formations-commerciales\\\/\",\"url\":\"https:\\\/\\\/sud.svmep.ch\\\/svmep\\\/reforme-regressive-des-formations-commerciales\\\/\",\"name\":\"R\u00e9forme r\u00e9gressive des formations commerciales : un laboratoire pour les autres formations professionnelles ? - svmep.ch\",\"isPartOf\":{\"@id\":\"https:\\\/\\\/sud.svmep.ch\\\/svmep\\\/#website\"},\"primaryImageOfPage\":{\"@id\":\"https:\\\/\\\/sud.svmep.ch\\\/svmep\\\/reforme-regressive-des-formations-commerciales\\\/#primaryimage\"},\"image\":{\"@id\":\"https:\\\/\\\/sud.svmep.ch\\\/svmep\\\/reforme-regressive-des-formations-commerciales\\\/#primaryimage\"},\"thumbnailUrl\":\"https:\\\/\\\/sud.svmep.ch\\\/svmep\\\/wp-content\\\/uploads\\\/2005\\\/09\\\/jpg_logo2.jpg\",\"datePublished\":\"2022-05-26T13:35:25+00:00\",\"dateModified\":\"2025-01-29T07:48:04+00:00\",\"description\":\"Gazette du SVMEP sur la r\u00e9forme des formations commerciales (m\u00e9tiers de la vente et du commerce), qui conduit \u00e0 une d\u00e9qualification des apprenti.e.s.\",\"breadcrumb\":{\"@id\":\"https:\\\/\\\/sud.svmep.ch\\\/svmep\\\/reforme-regressive-des-formations-commerciales\\\/#breadcrumb\"},\"inLanguage\":\"fr-FR\",\"potentialAction\":[{\"@type\":\"ReadAction\",\"target\":[\"https:\\\/\\\/sud.svmep.ch\\\/svmep\\\/reforme-regressive-des-formations-commerciales\\\/\"]}]},{\"@type\":\"ImageObject\",\"inLanguage\":\"fr-FR\",\"@id\":\"https:\\\/\\\/sud.svmep.ch\\\/svmep\\\/reforme-regressive-des-formations-commerciales\\\/#primaryimage\",\"url\":\"https:\\\/\\\/sud.svmep.ch\\\/svmep\\\/wp-content\\\/uploads\\\/2005\\\/09\\\/jpg_logo2.jpg\",\"contentUrl\":\"https:\\\/\\\/sud.svmep.ch\\\/svmep\\\/wp-content\\\/uploads\\\/2005\\\/09\\\/jpg_logo2.jpg\",\"width\":100,\"height\":100},{\"@type\":\"BreadcrumbList\",\"@id\":\"https:\\\/\\\/sud.svmep.ch\\\/svmep\\\/reforme-regressive-des-formations-commerciales\\\/#breadcrumb\",\"itemListElement\":[{\"@type\":\"ListItem\",\"position\":1,\"name\":\"Accueil\",\"item\":\"https:\\\/\\\/sud.svmep.ch\\\/svmep\\\/\"},{\"@type\":\"ListItem\",\"position\":2,\"name\":\"Gazette SVMEP\",\"item\":\"https:\\\/\\\/sud.svmep.ch\\\/svmep\\\/category\\\/gazette-svmep\\\/\"},{\"@type\":\"ListItem\",\"position\":3,\"name\":\"R\u00e9forme r\u00e9gressive des formations commerciales : un laboratoire pour les autres formations professionnelles ?\"}]},{\"@type\":\"WebSite\",\"@id\":\"https:\\\/\\\/sud.svmep.ch\\\/svmep\\\/#website\",\"url\":\"https:\\\/\\\/sud.svmep.ch\\\/svmep\\\/\",\"name\":\"Syndicat vaudois des ma\u00eetres.ses de l'enseignement professionnel\",\"description\":\"\",\"publisher\":{\"@id\":\"https:\\\/\\\/sud.svmep.ch\\\/svmep\\\/#organization\"},\"alternateName\":\"SVMEP\",\"potentialAction\":[{\"@type\":\"SearchAction\",\"target\":{\"@type\":\"EntryPoint\",\"urlTemplate\":\"https:\\\/\\\/sud.svmep.ch\\\/svmep\\\/?s={search_term_string}\"},\"query-input\":{\"@type\":\"PropertyValueSpecification\",\"valueRequired\":true,\"valueName\":\"search_term_string\"}}],\"inLanguage\":\"fr-FR\"},{\"@type\":\"Organization\",\"@id\":\"https:\\\/\\\/sud.svmep.ch\\\/svmep\\\/#organization\",\"name\":\"Syndicat vaudois des ma\u00eetres.ses de l'enseignement professionnel SVMEP\",\"alternateName\":\"SVMEP\",\"url\":\"https:\\\/\\\/sud.svmep.ch\\\/svmep\\\/\",\"logo\":{\"@type\":\"ImageObject\",\"inLanguage\":\"fr-FR\",\"@id\":\"https:\\\/\\\/sud.svmep.ch\\\/svmep\\\/#\\\/schema\\\/logo\\\/image\\\/\",\"url\":\"https:\\\/\\\/sud.svmep.ch\\\/svmep\\\/wp-content\\\/uploads\\\/2024\\\/09\\\/svmep150x260.jpg\",\"contentUrl\":\"https:\\\/\\\/sud.svmep.ch\\\/svmep\\\/wp-content\\\/uploads\\\/2024\\\/09\\\/svmep150x260.jpg\",\"width\":226,\"height\":127,\"caption\":\"Syndicat vaudois des ma\u00eetres.ses de l'enseignement professionnel SVMEP\"},\"image\":{\"@id\":\"https:\\\/\\\/sud.svmep.ch\\\/svmep\\\/#\\\/schema\\\/logo\\\/image\\\/\"}},{\"@type\":\"Person\",\"@id\":\"https:\\\/\\\/sud.svmep.ch\\\/svmep\\\/#\\\/schema\\\/person\\\/c89c46f48a039b5e5bc4a8eeeab1aece\",\"name\":\"svmep-webmaster\",\"image\":{\"@type\":\"ImageObject\",\"inLanguage\":\"fr-FR\",\"@id\":\"https:\\\/\\\/secure.gravatar.com\\\/avatar\\\/75b5925b5ca4f3df48f6bb05f81ad13dab8238efffb28bf26c5f1682dff96ea6?s=96&d=mm&r=g\",\"url\":\"https:\\\/\\\/secure.gravatar.com\\\/avatar\\\/75b5925b5ca4f3df48f6bb05f81ad13dab8238efffb28bf26c5f1682dff96ea6?s=96&d=mm&r=g\",\"contentUrl\":\"https:\\\/\\\/secure.gravatar.com\\\/avatar\\\/75b5925b5ca4f3df48f6bb05f81ad13dab8238efffb28bf26c5f1682dff96ea6?s=96&d=mm&r=g\",\"caption\":\"svmep-webmaster\"}}]}<\/script>\n<!-- \/ Yoast SEO plugin. -->","yoast_head_json":{"title":"R\u00e9forme r\u00e9gressive des formations commerciales : un laboratoire pour les autres formations professionnelles ? - svmep.ch","description":"Gazette du SVMEP sur la r\u00e9forme des formations commerciales (m\u00e9tiers de la vente et du commerce), qui conduit \u00e0 une d\u00e9qualification des apprenti.e.s.","robots":{"index":"index","follow":"follow","max-snippet":"max-snippet:-1","max-image-preview":"max-image-preview:large","max-video-preview":"max-video-preview:-1"},"canonical":"https:\/\/sud.svmep.ch\/svmep\/reforme-regressive-des-formations-commerciales\/","og_locale":"fr_FR","og_type":"article","og_title":"R\u00e9forme r\u00e9gressive des formations commerciales : un laboratoire pour les autres formations professionnelles ? - svmep.ch","og_description":"Gazette du SVMEP sur la r\u00e9forme des formations commerciales (m\u00e9tiers de la vente et du commerce), qui conduit \u00e0 une d\u00e9qualification des apprenti.e.s.","og_url":"https:\/\/sud.svmep.ch\/svmep\/reforme-regressive-des-formations-commerciales\/","og_site_name":"svmep.ch","article_published_time":"2022-05-26T13:35:25+00:00","article_modified_time":"2025-01-29T07:48:04+00:00","og_image":[{"width":100,"height":100,"url":"https:\/\/sud.svmep.ch\/svmep\/wp-content\/uploads\/2005\/09\/jpg_logo2.jpg","type":"image\/jpeg"}],"author":"svmep-webmaster","twitter_card":"summary_large_image","schema":{"@context":"https:\/\/schema.org","@graph":[{"@type":"Article","@id":"https:\/\/sud.svmep.ch\/svmep\/reforme-regressive-des-formations-commerciales\/#article","isPartOf":{"@id":"https:\/\/sud.svmep.ch\/svmep\/reforme-regressive-des-formations-commerciales\/"},"author":{"name":"svmep-webmaster","@id":"https:\/\/sud.svmep.ch\/svmep\/#\/schema\/person\/c89c46f48a039b5e5bc4a8eeeab1aece"},"headline":"R\u00e9forme r\u00e9gressive des formations commerciales : un laboratoire pour les autres formations professionnelles ?","datePublished":"2022-05-26T13:35:25+00:00","dateModified":"2025-01-29T07:48:04+00:00","mainEntityOfPage":{"@id":"https:\/\/sud.svmep.ch\/svmep\/reforme-regressive-des-formations-commerciales\/"},"wordCount":480,"publisher":{"@id":"https:\/\/sud.svmep.ch\/svmep\/#organization"},"image":{"@id":"https:\/\/sud.svmep.ch\/svmep\/reforme-regressive-des-formations-commerciales\/#primaryimage"},"thumbnailUrl":"https:\/\/sud.svmep.ch\/svmep\/wp-content\/uploads\/2005\/09\/jpg_logo2.jpg","keywords":["apprenti.e.s","enseignement"],"articleSection":["Gazette SVMEP","R\u00e9formes des formations commerciales"],"inLanguage":"fr-FR"},{"@type":"WebPage","@id":"https:\/\/sud.svmep.ch\/svmep\/reforme-regressive-des-formations-commerciales\/","url":"https:\/\/sud.svmep.ch\/svmep\/reforme-regressive-des-formations-commerciales\/","name":"R\u00e9forme r\u00e9gressive des formations commerciales : un laboratoire pour les autres formations professionnelles ? - svmep.ch","isPartOf":{"@id":"https:\/\/sud.svmep.ch\/svmep\/#website"},"primaryImageOfPage":{"@id":"https:\/\/sud.svmep.ch\/svmep\/reforme-regressive-des-formations-commerciales\/#primaryimage"},"image":{"@id":"https:\/\/sud.svmep.ch\/svmep\/reforme-regressive-des-formations-commerciales\/#primaryimage"},"thumbnailUrl":"https:\/\/sud.svmep.ch\/svmep\/wp-content\/uploads\/2005\/09\/jpg_logo2.jpg","datePublished":"2022-05-26T13:35:25+00:00","dateModified":"2025-01-29T07:48:04+00:00","description":"Gazette du SVMEP sur la r\u00e9forme des formations commerciales (m\u00e9tiers de la vente et du commerce), qui conduit \u00e0 une d\u00e9qualification des apprenti.e.s.","breadcrumb":{"@id":"https:\/\/sud.svmep.ch\/svmep\/reforme-regressive-des-formations-commerciales\/#breadcrumb"},"inLanguage":"fr-FR","potentialAction":[{"@type":"ReadAction","target":["https:\/\/sud.svmep.ch\/svmep\/reforme-regressive-des-formations-commerciales\/"]}]},{"@type":"ImageObject","inLanguage":"fr-FR","@id":"https:\/\/sud.svmep.ch\/svmep\/reforme-regressive-des-formations-commerciales\/#primaryimage","url":"https:\/\/sud.svmep.ch\/svmep\/wp-content\/uploads\/2005\/09\/jpg_logo2.jpg","contentUrl":"https:\/\/sud.svmep.ch\/svmep\/wp-content\/uploads\/2005\/09\/jpg_logo2.jpg","width":100,"height":100},{"@type":"BreadcrumbList","@id":"https:\/\/sud.svmep.ch\/svmep\/reforme-regressive-des-formations-commerciales\/#breadcrumb","itemListElement":[{"@type":"ListItem","position":1,"name":"Accueil","item":"https:\/\/sud.svmep.ch\/svmep\/"},{"@type":"ListItem","position":2,"name":"Gazette SVMEP","item":"https:\/\/sud.svmep.ch\/svmep\/category\/gazette-svmep\/"},{"@type":"ListItem","position":3,"name":"R\u00e9forme r\u00e9gressive des formations commerciales : un laboratoire pour les autres formations professionnelles ?"}]},{"@type":"WebSite","@id":"https:\/\/sud.svmep.ch\/svmep\/#website","url":"https:\/\/sud.svmep.ch\/svmep\/","name":"Syndicat vaudois des ma\u00eetres.ses de l'enseignement professionnel","description":"","publisher":{"@id":"https:\/\/sud.svmep.ch\/svmep\/#organization"},"alternateName":"SVMEP","potentialAction":[{"@type":"SearchAction","target":{"@type":"EntryPoint","urlTemplate":"https:\/\/sud.svmep.ch\/svmep\/?s={search_term_string}"},"query-input":{"@type":"PropertyValueSpecification","valueRequired":true,"valueName":"search_term_string"}}],"inLanguage":"fr-FR"},{"@type":"Organization","@id":"https:\/\/sud.svmep.ch\/svmep\/#organization","name":"Syndicat vaudois des ma\u00eetres.ses de l'enseignement professionnel SVMEP","alternateName":"SVMEP","url":"https:\/\/sud.svmep.ch\/svmep\/","logo":{"@type":"ImageObject","inLanguage":"fr-FR","@id":"https:\/\/sud.svmep.ch\/svmep\/#\/schema\/logo\/image\/","url":"https:\/\/sud.svmep.ch\/svmep\/wp-content\/uploads\/2024\/09\/svmep150x260.jpg","contentUrl":"https:\/\/sud.svmep.ch\/svmep\/wp-content\/uploads\/2024\/09\/svmep150x260.jpg","width":226,"height":127,"caption":"Syndicat vaudois des ma\u00eetres.ses de l'enseignement professionnel SVMEP"},"image":{"@id":"https:\/\/sud.svmep.ch\/svmep\/#\/schema\/logo\/image\/"}},{"@type":"Person","@id":"https:\/\/sud.svmep.ch\/svmep\/#\/schema\/person\/c89c46f48a039b5e5bc4a8eeeab1aece","name":"svmep-webmaster","image":{"@type":"ImageObject","inLanguage":"fr-FR","@id":"https:\/\/secure.gravatar.com\/avatar\/75b5925b5ca4f3df48f6bb05f81ad13dab8238efffb28bf26c5f1682dff96ea6?s=96&d=mm&r=g","url":"https:\/\/secure.gravatar.com\/avatar\/75b5925b5ca4f3df48f6bb05f81ad13dab8238efffb28bf26c5f1682dff96ea6?s=96&d=mm&r=g","contentUrl":"https:\/\/secure.gravatar.com\/avatar\/75b5925b5ca4f3df48f6bb05f81ad13dab8238efffb28bf26c5f1682dff96ea6?s=96&d=mm&r=g","caption":"svmep-webmaster"}}]}},"_links":{"self":[{"href":"https:\/\/sud.svmep.ch\/svmep\/wp-json\/wp\/v2\/posts\/781","targetHints":{"allow":["GET"]}}],"collection":[{"href":"https:\/\/sud.svmep.ch\/svmep\/wp-json\/wp\/v2\/posts"}],"about":[{"href":"https:\/\/sud.svmep.ch\/svmep\/wp-json\/wp\/v2\/types\/post"}],"author":[{"embeddable":true,"href":"https:\/\/sud.svmep.ch\/svmep\/wp-json\/wp\/v2\/users\/4"}],"replies":[{"embeddable":true,"href":"https:\/\/sud.svmep.ch\/svmep\/wp-json\/wp\/v2\/comments?post=781"}],"version-history":[{"count":0,"href":"https:\/\/sud.svmep.ch\/svmep\/wp-json\/wp\/v2\/posts\/781\/revisions"}],"wp:featuredmedia":[{"embeddable":true,"href":"https:\/\/sud.svmep.ch\/svmep\/wp-json\/wp\/v2\/media\/354"}],"wp:attachment":[{"href":"https:\/\/sud.svmep.ch\/svmep\/wp-json\/wp\/v2\/media?parent=781"}],"wp:term":[{"taxonomy":"category","embeddable":true,"href":"https:\/\/sud.svmep.ch\/svmep\/wp-json\/wp\/v2\/categories?post=781"},{"taxonomy":"post_tag","embeddable":true,"href":"https:\/\/sud.svmep.ch\/svmep\/wp-json\/wp\/v2\/tags?post=781"}],"curies":[{"name":"wp","href":"https:\/\/api.w.org\/{rel}","templated":true}]}}