{"id":790,"date":"2022-06-22T21:31:54","date_gmt":"2022-06-22T20:31:54","guid":{"rendered":"http:\/\/sud.svmep.ch\/?p=790"},"modified":"2025-05-20T22:32:01","modified_gmt":"2025-05-20T21:32:01","slug":"communique-de-presse-canton-defendre-culture-professionnelle-generale-apprenti-e-s-vaudois-es","status":"publish","type":"post","link":"https:\/\/sud.svmep.ch\/svmep\/communique-de-presse-canton-defendre-culture-professionnelle-generale-apprenti-e-s-vaudois-es\/","title":{"rendered":"Apprentissages de la vente : le canton doit d\u00e9fendre la culture professionnelle et g\u00e9n\u00e9rale des apprenti.e.s vaudois.es"},"content":{"rendered":"<div class=\"wp-block-post-date\"><time datetime=\"2022-06-22T21:31:54+02:00\">22 juin 2022<\/time><\/div>\n\n\n<p><strong>\u00c0 la rentr\u00e9e d\u2019ao\u00fbt 2022, les personnes d\u00e9butant un apprentissage dans la vente seront soumises \u00e0 de nouvelles ordonnances f\u00e9d\u00e9rales sur la formation des assistant.e.s du commerce de d\u00e9tail AFP et des gestionnaires du commerce de d\u00e9tail CFC.<\/strong><\/p>\n<p>Ces deux textes repr\u00e9sentent une v\u00e9ritable r\u00e9gression dans la formation professionnelle initiale en Suisse et inqui\u00e8tent fortement les ma\u00eetres.ses d\u2019enseignement professionnel que nous repr\u00e9sentons. Cette r\u00e9forme f\u00e9d\u00e9rale, avec ses nouvelles ordonnances, repr\u00e9sente une casse des qualifications dans les m\u00e9tiers de la vente et du commerce.<\/p>\n\n\n\n<p><strong>Lire le communiqu\u00e9 de presse en entier <a href=\"http:\/\/sud.svmep.ch\/svmep\/wp-content\/uploads\/2022\/06\/2022-06-21-communique\u0301_formations_commerciales.pdf\">ici<\/a>.<\/strong><\/p>\n","protected":false},"excerpt":{"rendered":"<p>22 juin 2022 \u00c0 la rentr\u00e9e d\u2019ao\u00fbt 2022, les personnes d\u00e9butant un apprentissage dans la vente seront soumises \u00e0 de nouvelles ordonnances f\u00e9d\u00e9rales sur la formation des assistant.e.s du commerce [&hellip;]<\/p>\n","protected":false},"author":4,"featured_media":1087,"comment_status":"closed","ping_status":"closed","sticky":false,"template":"","format":"standard","meta":{"footnotes":""},"categories":[40,23],"tags":[29,45],"class_list":["post-790","post","type-post","status-publish","format-standard","has-post-thumbnail","hentry","category-positions-sur-lecole-publique-et-la-formation-professionnelle","category-reformes-des-formations-commerciales","tag-apprenti-e-s","tag-enseignement"],"yoast_head":"<!-- This site is optimized with the Yoast SEO plugin v27.4 - https:\/\/yoast.com\/product\/yoast-seo-wordpress\/ -->\n<title>Apprentissages de la vente : le canton doit d\u00e9fendre la culture professionnelle et g\u00e9n\u00e9rale des apprenti.e.s vaudois.es - svmep.ch<\/title>\n<meta name=\"description\" content=\"Nouvelles ordonnances f\u00e9d\u00e9rales sur la formation des assistant.e.s du commerce de d\u00e9tail AFP et des gestionnaires du commerce de d\u00e9tail CFC.\" \/>\n<meta name=\"robots\" content=\"index, follow, max-snippet:-1, max-image-preview:large, max-video-preview:-1\" \/>\n<link rel=\"canonical\" href=\"https:\/\/sud.svmep.ch\/svmep\/communique-de-presse-canton-defendre-culture-professionnelle-generale-apprenti-e-s-vaudois-es\/\" \/>\n<meta property=\"og:locale\" content=\"fr_FR\" \/>\n<meta property=\"og:type\" content=\"article\" \/>\n<meta property=\"og:title\" content=\"Apprentissages de la vente : le canton doit d\u00e9fendre la culture professionnelle et g\u00e9n\u00e9rale des apprenti.e.s vaudois.es - svmep.ch\" \/>\n<meta property=\"og:description\" content=\"Nouvelles ordonnances f\u00e9d\u00e9rales sur la formation des assistant.e.s du commerce de d\u00e9tail AFP et des gestionnaires du commerce de d\u00e9tail CFC.\" \/>\n<meta property=\"og:url\" content=\"https:\/\/sud.svmep.ch\/svmep\/communique-de-presse-canton-defendre-culture-professionnelle-generale-apprenti-e-s-vaudois-es\/\" \/>\n<meta property=\"og:site_name\" content=\"svmep.ch\" \/>\n<meta property=\"article:published_time\" content=\"2022-06-22T20:31:54+00:00\" \/>\n<meta property=\"article:modified_time\" content=\"2025-05-20T21:32:01+00:00\" \/>\n<meta property=\"og:image\" content=\"https:\/\/sud.svmep.ch\/svmep\/wp-content\/uploads\/2024\/09\/taylor_nb.png\" \/>\n\t<meta property=\"og:image:width\" content=\"245\" \/>\n\t<meta property=\"og:image:height\" content=\"184\" \/>\n\t<meta property=\"og:image:type\" content=\"image\/png\" \/>\n<meta name=\"author\" content=\"svmep-webmaster\" \/>\n<meta name=\"twitter:card\" content=\"summary_large_image\" \/>\n<script type=\"application\/ld+json\" class=\"yoast-schema-graph\">{\"@context\":\"https:\\\/\\\/schema.org\",\"@graph\":[{\"@type\":\"Article\",\"@id\":\"https:\\\/\\\/sud.svmep.ch\\\/svmep\\\/communique-de-presse-canton-defendre-culture-professionnelle-generale-apprenti-e-s-vaudois-es\\\/#article\",\"isPartOf\":{\"@id\":\"https:\\\/\\\/sud.svmep.ch\\\/svmep\\\/communique-de-presse-canton-defendre-culture-professionnelle-generale-apprenti-e-s-vaudois-es\\\/\"},\"author\":{\"name\":\"svmep-webmaster\",\"@id\":\"https:\\\/\\\/sud.svmep.ch\\\/svmep\\\/#\\\/schema\\\/person\\\/c89c46f48a039b5e5bc4a8eeeab1aece\"},\"headline\":\"Apprentissages de la vente : le canton doit d\u00e9fendre la culture professionnelle et g\u00e9n\u00e9rale des apprenti.e.s vaudois.es\",\"datePublished\":\"2022-06-22T20:31:54+00:00\",\"dateModified\":\"2025-05-20T21:32:01+00:00\",\"mainEntityOfPage\":{\"@id\":\"https:\\\/\\\/sud.svmep.ch\\\/svmep\\\/communique-de-presse-canton-defendre-culture-professionnelle-generale-apprenti-e-s-vaudois-es\\\/\"},\"wordCount\":133,\"publisher\":{\"@id\":\"https:\\\/\\\/sud.svmep.ch\\\/svmep\\\/#organization\"},\"image\":{\"@id\":\"https:\\\/\\\/sud.svmep.ch\\\/svmep\\\/communique-de-presse-canton-defendre-culture-professionnelle-generale-apprenti-e-s-vaudois-es\\\/#primaryimage\"},\"thumbnailUrl\":\"https:\\\/\\\/sud.svmep.ch\\\/svmep\\\/wp-content\\\/uploads\\\/2024\\\/09\\\/taylor_nb.png\",\"keywords\":[\"apprenti.e.s\",\"enseignement\"],\"articleSection\":[\"Positions sur l'\u00e9cole publique et la formation professionnelle\",\"R\u00e9formes des formations commerciales\"],\"inLanguage\":\"fr-FR\"},{\"@type\":\"WebPage\",\"@id\":\"https:\\\/\\\/sud.svmep.ch\\\/svmep\\\/communique-de-presse-canton-defendre-culture-professionnelle-generale-apprenti-e-s-vaudois-es\\\/\",\"url\":\"https:\\\/\\\/sud.svmep.ch\\\/svmep\\\/communique-de-presse-canton-defendre-culture-professionnelle-generale-apprenti-e-s-vaudois-es\\\/\",\"name\":\"Apprentissages de la vente : le canton doit d\u00e9fendre la culture professionnelle et g\u00e9n\u00e9rale des apprenti.e.s vaudois.es - svmep.ch\",\"isPartOf\":{\"@id\":\"https:\\\/\\\/sud.svmep.ch\\\/svmep\\\/#website\"},\"primaryImageOfPage\":{\"@id\":\"https:\\\/\\\/sud.svmep.ch\\\/svmep\\\/communique-de-presse-canton-defendre-culture-professionnelle-generale-apprenti-e-s-vaudois-es\\\/#primaryimage\"},\"image\":{\"@id\":\"https:\\\/\\\/sud.svmep.ch\\\/svmep\\\/communique-de-presse-canton-defendre-culture-professionnelle-generale-apprenti-e-s-vaudois-es\\\/#primaryimage\"},\"thumbnailUrl\":\"https:\\\/\\\/sud.svmep.ch\\\/svmep\\\/wp-content\\\/uploads\\\/2024\\\/09\\\/taylor_nb.png\",\"datePublished\":\"2022-06-22T20:31:54+00:00\",\"dateModified\":\"2025-05-20T21:32:01+00:00\",\"description\":\"Nouvelles ordonnances f\u00e9d\u00e9rales sur la formation des assistant.e.s du commerce de d\u00e9tail AFP et des gestionnaires du commerce de d\u00e9tail CFC.\",\"breadcrumb\":{\"@id\":\"https:\\\/\\\/sud.svmep.ch\\\/svmep\\\/communique-de-presse-canton-defendre-culture-professionnelle-generale-apprenti-e-s-vaudois-es\\\/#breadcrumb\"},\"inLanguage\":\"fr-FR\",\"potentialAction\":[{\"@type\":\"ReadAction\",\"target\":[\"https:\\\/\\\/sud.svmep.ch\\\/svmep\\\/communique-de-presse-canton-defendre-culture-professionnelle-generale-apprenti-e-s-vaudois-es\\\/\"]}]},{\"@type\":\"ImageObject\",\"inLanguage\":\"fr-FR\",\"@id\":\"https:\\\/\\\/sud.svmep.ch\\\/svmep\\\/communique-de-presse-canton-defendre-culture-professionnelle-generale-apprenti-e-s-vaudois-es\\\/#primaryimage\",\"url\":\"https:\\\/\\\/sud.svmep.ch\\\/svmep\\\/wp-content\\\/uploads\\\/2024\\\/09\\\/taylor_nb.png\",\"contentUrl\":\"https:\\\/\\\/sud.svmep.ch\\\/svmep\\\/wp-content\\\/uploads\\\/2024\\\/09\\\/taylor_nb.png\",\"width\":245,\"height\":184},{\"@type\":\"BreadcrumbList\",\"@id\":\"https:\\\/\\\/sud.svmep.ch\\\/svmep\\\/communique-de-presse-canton-defendre-culture-professionnelle-generale-apprenti-e-s-vaudois-es\\\/#breadcrumb\",\"itemListElement\":[{\"@type\":\"ListItem\",\"position\":1,\"name\":\"Accueil\",\"item\":\"https:\\\/\\\/sud.svmep.ch\\\/svmep\\\/\"},{\"@type\":\"ListItem\",\"position\":2,\"name\":\"R\u00e9formes des formations commerciales\",\"item\":\"https:\\\/\\\/sud.svmep.ch\\\/svmep\\\/category\\\/reformes-des-formations-commerciales\\\/\"},{\"@type\":\"ListItem\",\"position\":3,\"name\":\"Apprentissages de la vente : le canton doit d\u00e9fendre la culture professionnelle et g\u00e9n\u00e9rale des apprenti.e.s vaudois.es\"}]},{\"@type\":\"WebSite\",\"@id\":\"https:\\\/\\\/sud.svmep.ch\\\/svmep\\\/#website\",\"url\":\"https:\\\/\\\/sud.svmep.ch\\\/svmep\\\/\",\"name\":\"Syndicat vaudois des ma\u00eetres.ses de l'enseignement professionnel\",\"description\":\"\",\"publisher\":{\"@id\":\"https:\\\/\\\/sud.svmep.ch\\\/svmep\\\/#organization\"},\"alternateName\":\"SVMEP\",\"potentialAction\":[{\"@type\":\"SearchAction\",\"target\":{\"@type\":\"EntryPoint\",\"urlTemplate\":\"https:\\\/\\\/sud.svmep.ch\\\/svmep\\\/?s={search_term_string}\"},\"query-input\":{\"@type\":\"PropertyValueSpecification\",\"valueRequired\":true,\"valueName\":\"search_term_string\"}}],\"inLanguage\":\"fr-FR\"},{\"@type\":\"Organization\",\"@id\":\"https:\\\/\\\/sud.svmep.ch\\\/svmep\\\/#organization\",\"name\":\"Syndicat vaudois des ma\u00eetres.ses de l'enseignement professionnel SVMEP\",\"alternateName\":\"SVMEP\",\"url\":\"https:\\\/\\\/sud.svmep.ch\\\/svmep\\\/\",\"logo\":{\"@type\":\"ImageObject\",\"inLanguage\":\"fr-FR\",\"@id\":\"https:\\\/\\\/sud.svmep.ch\\\/svmep\\\/#\\\/schema\\\/logo\\\/image\\\/\",\"url\":\"https:\\\/\\\/sud.svmep.ch\\\/svmep\\\/wp-content\\\/uploads\\\/2024\\\/09\\\/svmep150x260.jpg\",\"contentUrl\":\"https:\\\/\\\/sud.svmep.ch\\\/svmep\\\/wp-content\\\/uploads\\\/2024\\\/09\\\/svmep150x260.jpg\",\"width\":226,\"height\":127,\"caption\":\"Syndicat vaudois des ma\u00eetres.ses de l'enseignement professionnel SVMEP\"},\"image\":{\"@id\":\"https:\\\/\\\/sud.svmep.ch\\\/svmep\\\/#\\\/schema\\\/logo\\\/image\\\/\"}},{\"@type\":\"Person\",\"@id\":\"https:\\\/\\\/sud.svmep.ch\\\/svmep\\\/#\\\/schema\\\/person\\\/c89c46f48a039b5e5bc4a8eeeab1aece\",\"name\":\"svmep-webmaster\",\"image\":{\"@type\":\"ImageObject\",\"inLanguage\":\"fr-FR\",\"@id\":\"https:\\\/\\\/secure.gravatar.com\\\/avatar\\\/75b5925b5ca4f3df48f6bb05f81ad13dab8238efffb28bf26c5f1682dff96ea6?s=96&d=mm&r=g\",\"url\":\"https:\\\/\\\/secure.gravatar.com\\\/avatar\\\/75b5925b5ca4f3df48f6bb05f81ad13dab8238efffb28bf26c5f1682dff96ea6?s=96&d=mm&r=g\",\"contentUrl\":\"https:\\\/\\\/secure.gravatar.com\\\/avatar\\\/75b5925b5ca4f3df48f6bb05f81ad13dab8238efffb28bf26c5f1682dff96ea6?s=96&d=mm&r=g\",\"caption\":\"svmep-webmaster\"}}]}<\/script>\n<!-- \/ Yoast SEO plugin. -->","yoast_head_json":{"title":"Apprentissages de la vente : le canton doit d\u00e9fendre la culture professionnelle et g\u00e9n\u00e9rale des apprenti.e.s vaudois.es - svmep.ch","description":"Nouvelles ordonnances f\u00e9d\u00e9rales sur la formation des assistant.e.s du commerce de d\u00e9tail AFP et des gestionnaires du commerce de d\u00e9tail CFC.","robots":{"index":"index","follow":"follow","max-snippet":"max-snippet:-1","max-image-preview":"max-image-preview:large","max-video-preview":"max-video-preview:-1"},"canonical":"https:\/\/sud.svmep.ch\/svmep\/communique-de-presse-canton-defendre-culture-professionnelle-generale-apprenti-e-s-vaudois-es\/","og_locale":"fr_FR","og_type":"article","og_title":"Apprentissages de la vente : le canton doit d\u00e9fendre la culture professionnelle et g\u00e9n\u00e9rale des apprenti.e.s vaudois.es - svmep.ch","og_description":"Nouvelles ordonnances f\u00e9d\u00e9rales sur la formation des assistant.e.s du commerce de d\u00e9tail AFP et des gestionnaires du commerce de d\u00e9tail CFC.","og_url":"https:\/\/sud.svmep.ch\/svmep\/communique-de-presse-canton-defendre-culture-professionnelle-generale-apprenti-e-s-vaudois-es\/","og_site_name":"svmep.ch","article_published_time":"2022-06-22T20:31:54+00:00","article_modified_time":"2025-05-20T21:32:01+00:00","og_image":[{"width":245,"height":184,"url":"https:\/\/sud.svmep.ch\/svmep\/wp-content\/uploads\/2024\/09\/taylor_nb.png","type":"image\/png"}],"author":"svmep-webmaster","twitter_card":"summary_large_image","schema":{"@context":"https:\/\/schema.org","@graph":[{"@type":"Article","@id":"https:\/\/sud.svmep.ch\/svmep\/communique-de-presse-canton-defendre-culture-professionnelle-generale-apprenti-e-s-vaudois-es\/#article","isPartOf":{"@id":"https:\/\/sud.svmep.ch\/svmep\/communique-de-presse-canton-defendre-culture-professionnelle-generale-apprenti-e-s-vaudois-es\/"},"author":{"name":"svmep-webmaster","@id":"https:\/\/sud.svmep.ch\/svmep\/#\/schema\/person\/c89c46f48a039b5e5bc4a8eeeab1aece"},"headline":"Apprentissages de la vente : le canton doit d\u00e9fendre la culture professionnelle et g\u00e9n\u00e9rale des apprenti.e.s vaudois.es","datePublished":"2022-06-22T20:31:54+00:00","dateModified":"2025-05-20T21:32:01+00:00","mainEntityOfPage":{"@id":"https:\/\/sud.svmep.ch\/svmep\/communique-de-presse-canton-defendre-culture-professionnelle-generale-apprenti-e-s-vaudois-es\/"},"wordCount":133,"publisher":{"@id":"https:\/\/sud.svmep.ch\/svmep\/#organization"},"image":{"@id":"https:\/\/sud.svmep.ch\/svmep\/communique-de-presse-canton-defendre-culture-professionnelle-generale-apprenti-e-s-vaudois-es\/#primaryimage"},"thumbnailUrl":"https:\/\/sud.svmep.ch\/svmep\/wp-content\/uploads\/2024\/09\/taylor_nb.png","keywords":["apprenti.e.s","enseignement"],"articleSection":["Positions sur l'\u00e9cole publique et la formation professionnelle","R\u00e9formes des formations commerciales"],"inLanguage":"fr-FR"},{"@type":"WebPage","@id":"https:\/\/sud.svmep.ch\/svmep\/communique-de-presse-canton-defendre-culture-professionnelle-generale-apprenti-e-s-vaudois-es\/","url":"https:\/\/sud.svmep.ch\/svmep\/communique-de-presse-canton-defendre-culture-professionnelle-generale-apprenti-e-s-vaudois-es\/","name":"Apprentissages de la vente : le canton doit d\u00e9fendre la culture professionnelle et g\u00e9n\u00e9rale des apprenti.e.s vaudois.es - svmep.ch","isPartOf":{"@id":"https:\/\/sud.svmep.ch\/svmep\/#website"},"primaryImageOfPage":{"@id":"https:\/\/sud.svmep.ch\/svmep\/communique-de-presse-canton-defendre-culture-professionnelle-generale-apprenti-e-s-vaudois-es\/#primaryimage"},"image":{"@id":"https:\/\/sud.svmep.ch\/svmep\/communique-de-presse-canton-defendre-culture-professionnelle-generale-apprenti-e-s-vaudois-es\/#primaryimage"},"thumbnailUrl":"https:\/\/sud.svmep.ch\/svmep\/wp-content\/uploads\/2024\/09\/taylor_nb.png","datePublished":"2022-06-22T20:31:54+00:00","dateModified":"2025-05-20T21:32:01+00:00","description":"Nouvelles ordonnances f\u00e9d\u00e9rales sur la formation des assistant.e.s du commerce de d\u00e9tail AFP et des gestionnaires du commerce de d\u00e9tail CFC.","breadcrumb":{"@id":"https:\/\/sud.svmep.ch\/svmep\/communique-de-presse-canton-defendre-culture-professionnelle-generale-apprenti-e-s-vaudois-es\/#breadcrumb"},"inLanguage":"fr-FR","potentialAction":[{"@type":"ReadAction","target":["https:\/\/sud.svmep.ch\/svmep\/communique-de-presse-canton-defendre-culture-professionnelle-generale-apprenti-e-s-vaudois-es\/"]}]},{"@type":"ImageObject","inLanguage":"fr-FR","@id":"https:\/\/sud.svmep.ch\/svmep\/communique-de-presse-canton-defendre-culture-professionnelle-generale-apprenti-e-s-vaudois-es\/#primaryimage","url":"https:\/\/sud.svmep.ch\/svmep\/wp-content\/uploads\/2024\/09\/taylor_nb.png","contentUrl":"https:\/\/sud.svmep.ch\/svmep\/wp-content\/uploads\/2024\/09\/taylor_nb.png","width":245,"height":184},{"@type":"BreadcrumbList","@id":"https:\/\/sud.svmep.ch\/svmep\/communique-de-presse-canton-defendre-culture-professionnelle-generale-apprenti-e-s-vaudois-es\/#breadcrumb","itemListElement":[{"@type":"ListItem","position":1,"name":"Accueil","item":"https:\/\/sud.svmep.ch\/svmep\/"},{"@type":"ListItem","position":2,"name":"R\u00e9formes des formations commerciales","item":"https:\/\/sud.svmep.ch\/svmep\/category\/reformes-des-formations-commerciales\/"},{"@type":"ListItem","position":3,"name":"Apprentissages de la vente : le canton doit d\u00e9fendre la culture professionnelle et g\u00e9n\u00e9rale des apprenti.e.s vaudois.es"}]},{"@type":"WebSite","@id":"https:\/\/sud.svmep.ch\/svmep\/#website","url":"https:\/\/sud.svmep.ch\/svmep\/","name":"Syndicat vaudois des ma\u00eetres.ses de l'enseignement professionnel","description":"","publisher":{"@id":"https:\/\/sud.svmep.ch\/svmep\/#organization"},"alternateName":"SVMEP","potentialAction":[{"@type":"SearchAction","target":{"@type":"EntryPoint","urlTemplate":"https:\/\/sud.svmep.ch\/svmep\/?s={search_term_string}"},"query-input":{"@type":"PropertyValueSpecification","valueRequired":true,"valueName":"search_term_string"}}],"inLanguage":"fr-FR"},{"@type":"Organization","@id":"https:\/\/sud.svmep.ch\/svmep\/#organization","name":"Syndicat vaudois des ma\u00eetres.ses de l'enseignement professionnel SVMEP","alternateName":"SVMEP","url":"https:\/\/sud.svmep.ch\/svmep\/","logo":{"@type":"ImageObject","inLanguage":"fr-FR","@id":"https:\/\/sud.svmep.ch\/svmep\/#\/schema\/logo\/image\/","url":"https:\/\/sud.svmep.ch\/svmep\/wp-content\/uploads\/2024\/09\/svmep150x260.jpg","contentUrl":"https:\/\/sud.svmep.ch\/svmep\/wp-content\/uploads\/2024\/09\/svmep150x260.jpg","width":226,"height":127,"caption":"Syndicat vaudois des ma\u00eetres.ses de l'enseignement professionnel SVMEP"},"image":{"@id":"https:\/\/sud.svmep.ch\/svmep\/#\/schema\/logo\/image\/"}},{"@type":"Person","@id":"https:\/\/sud.svmep.ch\/svmep\/#\/schema\/person\/c89c46f48a039b5e5bc4a8eeeab1aece","name":"svmep-webmaster","image":{"@type":"ImageObject","inLanguage":"fr-FR","@id":"https:\/\/secure.gravatar.com\/avatar\/75b5925b5ca4f3df48f6bb05f81ad13dab8238efffb28bf26c5f1682dff96ea6?s=96&d=mm&r=g","url":"https:\/\/secure.gravatar.com\/avatar\/75b5925b5ca4f3df48f6bb05f81ad13dab8238efffb28bf26c5f1682dff96ea6?s=96&d=mm&r=g","contentUrl":"https:\/\/secure.gravatar.com\/avatar\/75b5925b5ca4f3df48f6bb05f81ad13dab8238efffb28bf26c5f1682dff96ea6?s=96&d=mm&r=g","caption":"svmep-webmaster"}}]}},"_links":{"self":[{"href":"https:\/\/sud.svmep.ch\/svmep\/wp-json\/wp\/v2\/posts\/790","targetHints":{"allow":["GET"]}}],"collection":[{"href":"https:\/\/sud.svmep.ch\/svmep\/wp-json\/wp\/v2\/posts"}],"about":[{"href":"https:\/\/sud.svmep.ch\/svmep\/wp-json\/wp\/v2\/types\/post"}],"author":[{"embeddable":true,"href":"https:\/\/sud.svmep.ch\/svmep\/wp-json\/wp\/v2\/users\/4"}],"replies":[{"embeddable":true,"href":"https:\/\/sud.svmep.ch\/svmep\/wp-json\/wp\/v2\/comments?post=790"}],"version-history":[{"count":0,"href":"https:\/\/sud.svmep.ch\/svmep\/wp-json\/wp\/v2\/posts\/790\/revisions"}],"wp:featuredmedia":[{"embeddable":true,"href":"https:\/\/sud.svmep.ch\/svmep\/wp-json\/wp\/v2\/media\/1087"}],"wp:attachment":[{"href":"https:\/\/sud.svmep.ch\/svmep\/wp-json\/wp\/v2\/media?parent=790"}],"wp:term":[{"taxonomy":"category","embeddable":true,"href":"https:\/\/sud.svmep.ch\/svmep\/wp-json\/wp\/v2\/categories?post=790"},{"taxonomy":"post_tag","embeddable":true,"href":"https:\/\/sud.svmep.ch\/svmep\/wp-json\/wp\/v2\/tags?post=790"}],"curies":[{"name":"wp","href":"https:\/\/api.w.org\/{rel}","templated":true}]}}