{"id":797,"date":"2022-05-12T11:13:24","date_gmt":"2022-05-12T10:13:24","guid":{"rendered":"http:\/\/sud.svmep.ch\/?p=797"},"modified":"2025-03-08T16:11:46","modified_gmt":"2025-03-08T15:11:46","slug":"prime-a-lexpertise-et-cliquet-pour-tou-te-s-au-bout-de-15-ans","status":"publish","type":"post","link":"https:\/\/sud.svmep.ch\/svmep\/prime-a-lexpertise-et-cliquet-pour-tou-te-s-au-bout-de-15-ans\/","title":{"rendered":"Prime \u00e0 l&rsquo;expertise et cliquet pour tou.te.s au bout de 15 ans !"},"content":{"rendered":"<div class=\"wp-block-post-date\"><time datetime=\"2022-05-12T11:13:24+02:00\">12 mai 2022<\/time><\/div>\n\n\n<p><strong>Prime \u00e0 l&rsquo;expertise pour les MEP poss\u00e9dant un bachelor HES (classification 144\/11) et cliquet pour tou.te.s au bout de 15 ans : comment ?<\/strong><\/p>\n<p><span style=\"color: #d91e0e;\"><em>Gazette SVMEP<\/em> sp\u00e9ciale cliquet \u00e0 t\u00e9l\u00e9charger ci-dessous<\/span><\/p>\n<blockquote>\n<p>D\u00e8s lors que la seule diff\u00e9rence entre les enseignant.e.s du professionnel r\u00e9side dans le fait d&rsquo;avoir un master ou non, le SVMEP demande \u00e0 ce que la cha\u00eene 144 disparaisse pour ne laisser la place \u00e0 une seule cha\u00eene dans le postobligatoire. Ainsi, tout le corps professoral a le droit au \u201ccliquet\u201d et le parcours des 144\/11 se termine en 145\/13A.<\/p>\n<\/blockquote>\n<p>\u00a0<\/p>\n\n\n\n<p>Aujourd&rsquo;hui, nous demandons au Conseil d\u2019\u00c9tat de valider la r\u00e9alit\u00e9 du terrain.<img loading=\"lazy\" decoding=\"async\" class=\"alignright wp-image-1768 size-thumbnail\" src=\"https:\/\/sud.svmep.ch\/svmep\/wp-content\/uploads\/2024\/11\/vis-tampon-150x150.png\" alt=\"\" width=\"150\" height=\"150\" srcset=\"https:\/\/sud.svmep.ch\/svmep\/wp-content\/uploads\/2024\/11\/vis-tampon-150x150.png 150w, https:\/\/sud.svmep.ch\/svmep\/wp-content\/uploads\/2024\/11\/vis-tampon-300x300.png 300w, https:\/\/sud.svmep.ch\/svmep\/wp-content\/uploads\/2024\/11\/vis-tampon.png 495w\" sizes=\"auto, (max-width: 150px) 100vw, 150px\" \/> Pour vous exposer notre proposition et en discuter ensemble, nous vous invitons \u00e0 une<\/p>\n<p style=\"text-align: center;\"><strong>Assembl\u00e9e g\u00e9n\u00e9rale le 31 mai 2022<\/strong>, \u00e0 18h00<br \/>\u00e0 la Maison du peuple, salle Rosa Luxemburg<\/p>\n<p><strong>Lutter ensemble, gagner ensemble<\/strong> !<\/p>\n\n\n\n<div data-wp-interactive=\"core\/file\" class=\"wp-block-file\"><object data-wp-bind--hidden=\"!state.hasPdfPreview\" hidden class=\"wp-block-file__embed\" data=\"https:\/\/sud.svmep.ch\/svmep\/wp-content\/uploads\/2022\/05\/20220509-gazette.pdf\" type=\"application\/pdf\" style=\"width:100%;height:800px\" aria-label=\"Contenu embarqu\u00e9 Gazette MEP mai 2022.\"><\/object><a id=\"wp-block-file--media-e114fa83-6a21-4481-8e6e-c67bebd3a2cf\" href=\"https:\/\/sud.svmep.ch\/svmep\/wp-content\/uploads\/2022\/05\/20220509-gazette.pdf\" target=\"_blank\" rel=\"noreferrer noopener\">Gazette MEP mai 2022<\/a><a href=\"https:\/\/sud.svmep.ch\/svmep\/wp-content\/uploads\/2022\/05\/20220509-gazette.pdf\" class=\"wp-block-file__button wp-element-button\" download aria-describedby=\"wp-block-file--media-e114fa83-6a21-4481-8e6e-c67bebd3a2cf\">T\u00e9l\u00e9charger<\/a><\/div>\n","protected":false},"excerpt":{"rendered":"<p>12 mai 2022 Prime \u00e0 l&rsquo;expertise pour les MEP poss\u00e9dant un bachelor HES (classification 144\/11) et cliquet pour tou.te.s au bout de 15 ans : comment ? Gazette SVMEP sp\u00e9ciale [&hellip;]<\/p>\n","protected":false},"author":4,"featured_media":354,"comment_status":"closed","ping_status":"closed","sticky":false,"template":"","format":"standard","meta":{"footnotes":""},"categories":[20,4],"tags":[39,32],"class_list":["post-797","post","type-post","status-publish","format-standard","has-post-thumbnail","hentry","category-classification-des-mep","category-gazette-svmep","tag-mep","tag-salaire"],"yoast_head":"<!-- This site is optimized with the Yoast SEO plugin v27.4 - https:\/\/yoast.com\/product\/yoast-seo-wordpress\/ -->\n<title>Prime \u00e0 l&#039;expertise et cliquet pour tou.te.s au bout de 15 ans ! - svmep.ch<\/title>\n<meta name=\"description\" content=\"Demande d&#039;une prime \u00e0 l&#039;expertise pour les MEP poss\u00e9dant un bachelor HES et le cliquet pour tou.te.s les enseignant.e.s au bout de 15 ans.\" \/>\n<meta name=\"robots\" content=\"index, follow, max-snippet:-1, max-image-preview:large, max-video-preview:-1\" \/>\n<link rel=\"canonical\" href=\"https:\/\/sud.svmep.ch\/svmep\/prime-a-lexpertise-et-cliquet-pour-tou-te-s-au-bout-de-15-ans\/\" \/>\n<meta property=\"og:locale\" content=\"fr_FR\" \/>\n<meta property=\"og:type\" content=\"article\" \/>\n<meta property=\"og:title\" content=\"Prime \u00e0 l&#039;expertise et cliquet pour tou.te.s au bout de 15 ans ! - svmep.ch\" \/>\n<meta property=\"og:description\" content=\"Demande d&#039;une prime \u00e0 l&#039;expertise pour les MEP poss\u00e9dant un bachelor HES et le cliquet pour tou.te.s les enseignant.e.s au bout de 15 ans.\" \/>\n<meta property=\"og:url\" content=\"https:\/\/sud.svmep.ch\/svmep\/prime-a-lexpertise-et-cliquet-pour-tou-te-s-au-bout-de-15-ans\/\" \/>\n<meta property=\"og:site_name\" content=\"svmep.ch\" \/>\n<meta property=\"article:published_time\" content=\"2022-05-12T10:13:24+00:00\" \/>\n<meta property=\"article:modified_time\" content=\"2025-03-08T15:11:46+00:00\" \/>\n<meta property=\"og:image\" content=\"https:\/\/sud.svmep.ch\/svmep\/wp-content\/uploads\/2005\/09\/jpg_logo2.jpg\" \/>\n\t<meta property=\"og:image:width\" content=\"100\" \/>\n\t<meta property=\"og:image:height\" content=\"100\" \/>\n\t<meta property=\"og:image:type\" content=\"image\/jpeg\" \/>\n<meta name=\"author\" content=\"svmep-webmaster\" \/>\n<meta name=\"twitter:card\" content=\"summary_large_image\" \/>\n<script type=\"application\/ld+json\" class=\"yoast-schema-graph\">{\"@context\":\"https:\\\/\\\/schema.org\",\"@graph\":[{\"@type\":\"Article\",\"@id\":\"https:\\\/\\\/sud.svmep.ch\\\/svmep\\\/prime-a-lexpertise-et-cliquet-pour-tou-te-s-au-bout-de-15-ans\\\/#article\",\"isPartOf\":{\"@id\":\"https:\\\/\\\/sud.svmep.ch\\\/svmep\\\/prime-a-lexpertise-et-cliquet-pour-tou-te-s-au-bout-de-15-ans\\\/\"},\"author\":{\"name\":\"svmep-webmaster\",\"@id\":\"https:\\\/\\\/sud.svmep.ch\\\/svmep\\\/#\\\/schema\\\/person\\\/c89c46f48a039b5e5bc4a8eeeab1aece\"},\"headline\":\"Prime \u00e0 l&rsquo;expertise et cliquet pour tou.te.s au bout de 15 ans !\",\"datePublished\":\"2022-05-12T10:13:24+00:00\",\"dateModified\":\"2025-03-08T15:11:46+00:00\",\"mainEntityOfPage\":{\"@id\":\"https:\\\/\\\/sud.svmep.ch\\\/svmep\\\/prime-a-lexpertise-et-cliquet-pour-tou-te-s-au-bout-de-15-ans\\\/\"},\"wordCount\":159,\"publisher\":{\"@id\":\"https:\\\/\\\/sud.svmep.ch\\\/svmep\\\/#organization\"},\"image\":{\"@id\":\"https:\\\/\\\/sud.svmep.ch\\\/svmep\\\/prime-a-lexpertise-et-cliquet-pour-tou-te-s-au-bout-de-15-ans\\\/#primaryimage\"},\"thumbnailUrl\":\"https:\\\/\\\/sud.svmep.ch\\\/svmep\\\/wp-content\\\/uploads\\\/2005\\\/09\\\/jpg_logo2.jpg\",\"keywords\":[\"classification des MEP\",\"salaire\"],\"articleSection\":[\"Classification des MEP\",\"Gazette SVMEP\"],\"inLanguage\":\"fr-FR\"},{\"@type\":\"WebPage\",\"@id\":\"https:\\\/\\\/sud.svmep.ch\\\/svmep\\\/prime-a-lexpertise-et-cliquet-pour-tou-te-s-au-bout-de-15-ans\\\/\",\"url\":\"https:\\\/\\\/sud.svmep.ch\\\/svmep\\\/prime-a-lexpertise-et-cliquet-pour-tou-te-s-au-bout-de-15-ans\\\/\",\"name\":\"Prime \u00e0 l'expertise et cliquet pour tou.te.s au bout de 15 ans ! - svmep.ch\",\"isPartOf\":{\"@id\":\"https:\\\/\\\/sud.svmep.ch\\\/svmep\\\/#website\"},\"primaryImageOfPage\":{\"@id\":\"https:\\\/\\\/sud.svmep.ch\\\/svmep\\\/prime-a-lexpertise-et-cliquet-pour-tou-te-s-au-bout-de-15-ans\\\/#primaryimage\"},\"image\":{\"@id\":\"https:\\\/\\\/sud.svmep.ch\\\/svmep\\\/prime-a-lexpertise-et-cliquet-pour-tou-te-s-au-bout-de-15-ans\\\/#primaryimage\"},\"thumbnailUrl\":\"https:\\\/\\\/sud.svmep.ch\\\/svmep\\\/wp-content\\\/uploads\\\/2005\\\/09\\\/jpg_logo2.jpg\",\"datePublished\":\"2022-05-12T10:13:24+00:00\",\"dateModified\":\"2025-03-08T15:11:46+00:00\",\"description\":\"Demande d'une prime \u00e0 l'expertise pour les MEP poss\u00e9dant un bachelor HES et le cliquet pour tou.te.s les enseignant.e.s au bout de 15 ans.\",\"breadcrumb\":{\"@id\":\"https:\\\/\\\/sud.svmep.ch\\\/svmep\\\/prime-a-lexpertise-et-cliquet-pour-tou-te-s-au-bout-de-15-ans\\\/#breadcrumb\"},\"inLanguage\":\"fr-FR\",\"potentialAction\":[{\"@type\":\"ReadAction\",\"target\":[\"https:\\\/\\\/sud.svmep.ch\\\/svmep\\\/prime-a-lexpertise-et-cliquet-pour-tou-te-s-au-bout-de-15-ans\\\/\"]}]},{\"@type\":\"ImageObject\",\"inLanguage\":\"fr-FR\",\"@id\":\"https:\\\/\\\/sud.svmep.ch\\\/svmep\\\/prime-a-lexpertise-et-cliquet-pour-tou-te-s-au-bout-de-15-ans\\\/#primaryimage\",\"url\":\"https:\\\/\\\/sud.svmep.ch\\\/svmep\\\/wp-content\\\/uploads\\\/2005\\\/09\\\/jpg_logo2.jpg\",\"contentUrl\":\"https:\\\/\\\/sud.svmep.ch\\\/svmep\\\/wp-content\\\/uploads\\\/2005\\\/09\\\/jpg_logo2.jpg\",\"width\":100,\"height\":100},{\"@type\":\"BreadcrumbList\",\"@id\":\"https:\\\/\\\/sud.svmep.ch\\\/svmep\\\/prime-a-lexpertise-et-cliquet-pour-tou-te-s-au-bout-de-15-ans\\\/#breadcrumb\",\"itemListElement\":[{\"@type\":\"ListItem\",\"position\":1,\"name\":\"Accueil\",\"item\":\"https:\\\/\\\/sud.svmep.ch\\\/svmep\\\/\"},{\"@type\":\"ListItem\",\"position\":2,\"name\":\"Gazette SVMEP\",\"item\":\"https:\\\/\\\/sud.svmep.ch\\\/svmep\\\/category\\\/gazette-svmep\\\/\"},{\"@type\":\"ListItem\",\"position\":3,\"name\":\"Prime \u00e0 l&rsquo;expertise et cliquet pour tou.te.s au bout de 15 ans !\"}]},{\"@type\":\"WebSite\",\"@id\":\"https:\\\/\\\/sud.svmep.ch\\\/svmep\\\/#website\",\"url\":\"https:\\\/\\\/sud.svmep.ch\\\/svmep\\\/\",\"name\":\"Syndicat vaudois des ma\u00eetres.ses de l'enseignement professionnel\",\"description\":\"\",\"publisher\":{\"@id\":\"https:\\\/\\\/sud.svmep.ch\\\/svmep\\\/#organization\"},\"alternateName\":\"SVMEP\",\"potentialAction\":[{\"@type\":\"SearchAction\",\"target\":{\"@type\":\"EntryPoint\",\"urlTemplate\":\"https:\\\/\\\/sud.svmep.ch\\\/svmep\\\/?s={search_term_string}\"},\"query-input\":{\"@type\":\"PropertyValueSpecification\",\"valueRequired\":true,\"valueName\":\"search_term_string\"}}],\"inLanguage\":\"fr-FR\"},{\"@type\":\"Organization\",\"@id\":\"https:\\\/\\\/sud.svmep.ch\\\/svmep\\\/#organization\",\"name\":\"Syndicat vaudois des ma\u00eetres.ses de l'enseignement professionnel SVMEP\",\"alternateName\":\"SVMEP\",\"url\":\"https:\\\/\\\/sud.svmep.ch\\\/svmep\\\/\",\"logo\":{\"@type\":\"ImageObject\",\"inLanguage\":\"fr-FR\",\"@id\":\"https:\\\/\\\/sud.svmep.ch\\\/svmep\\\/#\\\/schema\\\/logo\\\/image\\\/\",\"url\":\"https:\\\/\\\/sud.svmep.ch\\\/svmep\\\/wp-content\\\/uploads\\\/2024\\\/09\\\/svmep150x260.jpg\",\"contentUrl\":\"https:\\\/\\\/sud.svmep.ch\\\/svmep\\\/wp-content\\\/uploads\\\/2024\\\/09\\\/svmep150x260.jpg\",\"width\":226,\"height\":127,\"caption\":\"Syndicat vaudois des ma\u00eetres.ses de l'enseignement professionnel SVMEP\"},\"image\":{\"@id\":\"https:\\\/\\\/sud.svmep.ch\\\/svmep\\\/#\\\/schema\\\/logo\\\/image\\\/\"}},{\"@type\":\"Person\",\"@id\":\"https:\\\/\\\/sud.svmep.ch\\\/svmep\\\/#\\\/schema\\\/person\\\/c89c46f48a039b5e5bc4a8eeeab1aece\",\"name\":\"svmep-webmaster\",\"image\":{\"@type\":\"ImageObject\",\"inLanguage\":\"fr-FR\",\"@id\":\"https:\\\/\\\/secure.gravatar.com\\\/avatar\\\/75b5925b5ca4f3df48f6bb05f81ad13dab8238efffb28bf26c5f1682dff96ea6?s=96&d=mm&r=g\",\"url\":\"https:\\\/\\\/secure.gravatar.com\\\/avatar\\\/75b5925b5ca4f3df48f6bb05f81ad13dab8238efffb28bf26c5f1682dff96ea6?s=96&d=mm&r=g\",\"contentUrl\":\"https:\\\/\\\/secure.gravatar.com\\\/avatar\\\/75b5925b5ca4f3df48f6bb05f81ad13dab8238efffb28bf26c5f1682dff96ea6?s=96&d=mm&r=g\",\"caption\":\"svmep-webmaster\"}}]}<\/script>\n<!-- \/ Yoast SEO plugin. -->","yoast_head_json":{"title":"Prime \u00e0 l'expertise et cliquet pour tou.te.s au bout de 15 ans ! - svmep.ch","description":"Demande d'une prime \u00e0 l'expertise pour les MEP poss\u00e9dant un bachelor HES et le cliquet pour tou.te.s les enseignant.e.s au bout de 15 ans.","robots":{"index":"index","follow":"follow","max-snippet":"max-snippet:-1","max-image-preview":"max-image-preview:large","max-video-preview":"max-video-preview:-1"},"canonical":"https:\/\/sud.svmep.ch\/svmep\/prime-a-lexpertise-et-cliquet-pour-tou-te-s-au-bout-de-15-ans\/","og_locale":"fr_FR","og_type":"article","og_title":"Prime \u00e0 l'expertise et cliquet pour tou.te.s au bout de 15 ans ! - svmep.ch","og_description":"Demande d'une prime \u00e0 l'expertise pour les MEP poss\u00e9dant un bachelor HES et le cliquet pour tou.te.s les enseignant.e.s au bout de 15 ans.","og_url":"https:\/\/sud.svmep.ch\/svmep\/prime-a-lexpertise-et-cliquet-pour-tou-te-s-au-bout-de-15-ans\/","og_site_name":"svmep.ch","article_published_time":"2022-05-12T10:13:24+00:00","article_modified_time":"2025-03-08T15:11:46+00:00","og_image":[{"width":100,"height":100,"url":"https:\/\/sud.svmep.ch\/svmep\/wp-content\/uploads\/2005\/09\/jpg_logo2.jpg","type":"image\/jpeg"}],"author":"svmep-webmaster","twitter_card":"summary_large_image","schema":{"@context":"https:\/\/schema.org","@graph":[{"@type":"Article","@id":"https:\/\/sud.svmep.ch\/svmep\/prime-a-lexpertise-et-cliquet-pour-tou-te-s-au-bout-de-15-ans\/#article","isPartOf":{"@id":"https:\/\/sud.svmep.ch\/svmep\/prime-a-lexpertise-et-cliquet-pour-tou-te-s-au-bout-de-15-ans\/"},"author":{"name":"svmep-webmaster","@id":"https:\/\/sud.svmep.ch\/svmep\/#\/schema\/person\/c89c46f48a039b5e5bc4a8eeeab1aece"},"headline":"Prime \u00e0 l&rsquo;expertise et cliquet pour tou.te.s au bout de 15 ans !","datePublished":"2022-05-12T10:13:24+00:00","dateModified":"2025-03-08T15:11:46+00:00","mainEntityOfPage":{"@id":"https:\/\/sud.svmep.ch\/svmep\/prime-a-lexpertise-et-cliquet-pour-tou-te-s-au-bout-de-15-ans\/"},"wordCount":159,"publisher":{"@id":"https:\/\/sud.svmep.ch\/svmep\/#organization"},"image":{"@id":"https:\/\/sud.svmep.ch\/svmep\/prime-a-lexpertise-et-cliquet-pour-tou-te-s-au-bout-de-15-ans\/#primaryimage"},"thumbnailUrl":"https:\/\/sud.svmep.ch\/svmep\/wp-content\/uploads\/2005\/09\/jpg_logo2.jpg","keywords":["classification des MEP","salaire"],"articleSection":["Classification des MEP","Gazette SVMEP"],"inLanguage":"fr-FR"},{"@type":"WebPage","@id":"https:\/\/sud.svmep.ch\/svmep\/prime-a-lexpertise-et-cliquet-pour-tou-te-s-au-bout-de-15-ans\/","url":"https:\/\/sud.svmep.ch\/svmep\/prime-a-lexpertise-et-cliquet-pour-tou-te-s-au-bout-de-15-ans\/","name":"Prime \u00e0 l'expertise et cliquet pour tou.te.s au bout de 15 ans ! - svmep.ch","isPartOf":{"@id":"https:\/\/sud.svmep.ch\/svmep\/#website"},"primaryImageOfPage":{"@id":"https:\/\/sud.svmep.ch\/svmep\/prime-a-lexpertise-et-cliquet-pour-tou-te-s-au-bout-de-15-ans\/#primaryimage"},"image":{"@id":"https:\/\/sud.svmep.ch\/svmep\/prime-a-lexpertise-et-cliquet-pour-tou-te-s-au-bout-de-15-ans\/#primaryimage"},"thumbnailUrl":"https:\/\/sud.svmep.ch\/svmep\/wp-content\/uploads\/2005\/09\/jpg_logo2.jpg","datePublished":"2022-05-12T10:13:24+00:00","dateModified":"2025-03-08T15:11:46+00:00","description":"Demande d'une prime \u00e0 l'expertise pour les MEP poss\u00e9dant un bachelor HES et le cliquet pour tou.te.s les enseignant.e.s au bout de 15 ans.","breadcrumb":{"@id":"https:\/\/sud.svmep.ch\/svmep\/prime-a-lexpertise-et-cliquet-pour-tou-te-s-au-bout-de-15-ans\/#breadcrumb"},"inLanguage":"fr-FR","potentialAction":[{"@type":"ReadAction","target":["https:\/\/sud.svmep.ch\/svmep\/prime-a-lexpertise-et-cliquet-pour-tou-te-s-au-bout-de-15-ans\/"]}]},{"@type":"ImageObject","inLanguage":"fr-FR","@id":"https:\/\/sud.svmep.ch\/svmep\/prime-a-lexpertise-et-cliquet-pour-tou-te-s-au-bout-de-15-ans\/#primaryimage","url":"https:\/\/sud.svmep.ch\/svmep\/wp-content\/uploads\/2005\/09\/jpg_logo2.jpg","contentUrl":"https:\/\/sud.svmep.ch\/svmep\/wp-content\/uploads\/2005\/09\/jpg_logo2.jpg","width":100,"height":100},{"@type":"BreadcrumbList","@id":"https:\/\/sud.svmep.ch\/svmep\/prime-a-lexpertise-et-cliquet-pour-tou-te-s-au-bout-de-15-ans\/#breadcrumb","itemListElement":[{"@type":"ListItem","position":1,"name":"Accueil","item":"https:\/\/sud.svmep.ch\/svmep\/"},{"@type":"ListItem","position":2,"name":"Gazette SVMEP","item":"https:\/\/sud.svmep.ch\/svmep\/category\/gazette-svmep\/"},{"@type":"ListItem","position":3,"name":"Prime \u00e0 l&rsquo;expertise et cliquet pour tou.te.s au bout de 15 ans !"}]},{"@type":"WebSite","@id":"https:\/\/sud.svmep.ch\/svmep\/#website","url":"https:\/\/sud.svmep.ch\/svmep\/","name":"Syndicat vaudois des ma\u00eetres.ses de l'enseignement professionnel","description":"","publisher":{"@id":"https:\/\/sud.svmep.ch\/svmep\/#organization"},"alternateName":"SVMEP","potentialAction":[{"@type":"SearchAction","target":{"@type":"EntryPoint","urlTemplate":"https:\/\/sud.svmep.ch\/svmep\/?s={search_term_string}"},"query-input":{"@type":"PropertyValueSpecification","valueRequired":true,"valueName":"search_term_string"}}],"inLanguage":"fr-FR"},{"@type":"Organization","@id":"https:\/\/sud.svmep.ch\/svmep\/#organization","name":"Syndicat vaudois des ma\u00eetres.ses de l'enseignement professionnel SVMEP","alternateName":"SVMEP","url":"https:\/\/sud.svmep.ch\/svmep\/","logo":{"@type":"ImageObject","inLanguage":"fr-FR","@id":"https:\/\/sud.svmep.ch\/svmep\/#\/schema\/logo\/image\/","url":"https:\/\/sud.svmep.ch\/svmep\/wp-content\/uploads\/2024\/09\/svmep150x260.jpg","contentUrl":"https:\/\/sud.svmep.ch\/svmep\/wp-content\/uploads\/2024\/09\/svmep150x260.jpg","width":226,"height":127,"caption":"Syndicat vaudois des ma\u00eetres.ses de l'enseignement professionnel SVMEP"},"image":{"@id":"https:\/\/sud.svmep.ch\/svmep\/#\/schema\/logo\/image\/"}},{"@type":"Person","@id":"https:\/\/sud.svmep.ch\/svmep\/#\/schema\/person\/c89c46f48a039b5e5bc4a8eeeab1aece","name":"svmep-webmaster","image":{"@type":"ImageObject","inLanguage":"fr-FR","@id":"https:\/\/secure.gravatar.com\/avatar\/75b5925b5ca4f3df48f6bb05f81ad13dab8238efffb28bf26c5f1682dff96ea6?s=96&d=mm&r=g","url":"https:\/\/secure.gravatar.com\/avatar\/75b5925b5ca4f3df48f6bb05f81ad13dab8238efffb28bf26c5f1682dff96ea6?s=96&d=mm&r=g","contentUrl":"https:\/\/secure.gravatar.com\/avatar\/75b5925b5ca4f3df48f6bb05f81ad13dab8238efffb28bf26c5f1682dff96ea6?s=96&d=mm&r=g","caption":"svmep-webmaster"}}]}},"_links":{"self":[{"href":"https:\/\/sud.svmep.ch\/svmep\/wp-json\/wp\/v2\/posts\/797","targetHints":{"allow":["GET"]}}],"collection":[{"href":"https:\/\/sud.svmep.ch\/svmep\/wp-json\/wp\/v2\/posts"}],"about":[{"href":"https:\/\/sud.svmep.ch\/svmep\/wp-json\/wp\/v2\/types\/post"}],"author":[{"embeddable":true,"href":"https:\/\/sud.svmep.ch\/svmep\/wp-json\/wp\/v2\/users\/4"}],"replies":[{"embeddable":true,"href":"https:\/\/sud.svmep.ch\/svmep\/wp-json\/wp\/v2\/comments?post=797"}],"version-history":[{"count":0,"href":"https:\/\/sud.svmep.ch\/svmep\/wp-json\/wp\/v2\/posts\/797\/revisions"}],"wp:featuredmedia":[{"embeddable":true,"href":"https:\/\/sud.svmep.ch\/svmep\/wp-json\/wp\/v2\/media\/354"}],"wp:attachment":[{"href":"https:\/\/sud.svmep.ch\/svmep\/wp-json\/wp\/v2\/media?parent=797"}],"wp:term":[{"taxonomy":"category","embeddable":true,"href":"https:\/\/sud.svmep.ch\/svmep\/wp-json\/wp\/v2\/categories?post=797"},{"taxonomy":"post_tag","embeddable":true,"href":"https:\/\/sud.svmep.ch\/svmep\/wp-json\/wp\/v2\/tags?post=797"}],"curies":[{"name":"wp","href":"https:\/\/api.w.org\/{rel}","templated":true}]}}