{"id":800,"date":"2022-11-30T20:11:45","date_gmt":"2022-11-30T19:11:45","guid":{"rendered":"http:\/\/sud.svmep.ch\/?p=800"},"modified":"2025-09-13T18:00:07","modified_gmt":"2025-09-13T17:00:07","slug":"petition-pour-une-seule-chaine-et-fonction-pour-toutes-et-tous","status":"publish","type":"post","link":"https:\/\/sud.svmep.ch\/svmep\/petition-pour-une-seule-chaine-et-fonction-pour-toutes-et-tous\/","title":{"rendered":"P\u00e9tition pour une seule cha\u00eene et fonction pour toutes et tous !"},"content":{"rendered":"<div class=\"wp-block-post-date\"><time datetime=\"2022-11-30T20:11:45+01:00\">30 novembre 2022<\/time><\/div>\n\n<p><strong>Afin d\u2019arracher le cliquet pour les ma\u00eetres.ses d&rsquo;enseignement professionnel, par un rapport de force d\u00e9termin\u00e9 et puissant, le SVMEP a lanc\u00e9 une p\u00e9tition qui demande de mettre tout le monde dans la m\u00eame cha\u00eene et qui efface ainsi la diff\u00e9rence de traitement entre \u201ccliquet\u00e9.e.s\u00a0\u00bb et les \u00ab\u00a0non cliquet\u00e9.e.s\u00a0\u00bb : tout le monde le sera !<\/strong><\/p>\n<p>Pour avancer efficacement en ce sens et n\u00e9gocier avec le Conseil d\u2019\u00c9tat sur la base d\u2019un rapport de force solide, il nous faut pouvoir compter sur une d\u00e9cisive et cruciale mobilisation de toutes et tous les actrices et acteurs du monde professionnel en r\u00e9coltant le maximum de signatures !<\/p>\n<p style=\"text-align: center;\"><strong>P\u00e9tition \u00e0 remettre \u00e0 votre d\u00e9l\u00e9gu\u00e9.e syndical.e ou \u00e0 renvoyer, avant le 23 d\u00e9cembre 2022, \u00e0 : SVMEP, Place Chauderon 5, 1003 Lausanne<\/strong><\/p>\n<h6>T\u00e9l\u00e9chargez la p\u00e9tition \u00e0 faire signer <a href=\"https:\/\/sud.svmep.ch\/svmep\/wp-content\/uploads\/2022\/12\/petition_MEP-HES_v2-4-1.pdf\" target=\"_blank\" rel=\"noopener\">en cliquant ici<\/a><\/h6>\n<h2>\u00a0<\/h2>","protected":false},"excerpt":{"rendered":"<p>30 novembre 2022 Afin d\u2019arracher le cliquet pour les ma\u00eetres.ses d&rsquo;enseignement professionnel, par un rapport de force d\u00e9termin\u00e9 et puissant, le SVMEP a lanc\u00e9 une p\u00e9tition qui demande de mettre [&hellip;]<\/p>\n","protected":false},"author":4,"featured_media":1768,"comment_status":"closed","ping_status":"closed","sticky":false,"template":"","format":"standard","meta":{"footnotes":""},"categories":[20],"tags":[39,32],"class_list":["post-800","post","type-post","status-publish","format-standard","has-post-thumbnail","hentry","category-classification-des-mep","tag-mep","tag-salaire"],"yoast_head":"<!-- This site is optimized with the Yoast SEO plugin v27.4 - https:\/\/yoast.com\/product\/yoast-seo-wordpress\/ -->\n<title>P\u00e9tition pour une seule cha\u00eene et fonction pour toutes et tous ! - svmep.ch<\/title>\n<meta name=\"description\" content=\"Le SVMEP a lanc\u00e9 une p\u00e9tition qui demande de mettre tou.te.s les ma\u00eetres.ses de l&#039;enseignement professionnel dans la m\u00eame cha\u00eene.\" \/>\n<meta name=\"robots\" content=\"index, follow, max-snippet:-1, max-image-preview:large, max-video-preview:-1\" \/>\n<link rel=\"canonical\" href=\"https:\/\/sud.svmep.ch\/svmep\/signez-petition-collocation-equitable-lenseignement-professionnel-seule-chaine-fonction-toutes\/\" \/>\n<meta property=\"og:locale\" content=\"fr_FR\" \/>\n<meta property=\"og:type\" content=\"article\" \/>\n<meta property=\"og:title\" content=\"P\u00e9tition pour une seule cha\u00eene et fonction pour toutes et tous ! - svmep.ch\" \/>\n<meta property=\"og:description\" content=\"Le SVMEP a lanc\u00e9 une p\u00e9tition qui demande de mettre tou.te.s les ma\u00eetres.ses de l&#039;enseignement professionnel dans la m\u00eame cha\u00eene.\" \/>\n<meta property=\"og:url\" content=\"https:\/\/sud.svmep.ch\/svmep\/signez-petition-collocation-equitable-lenseignement-professionnel-seule-chaine-fonction-toutes\/\" \/>\n<meta property=\"og:site_name\" content=\"svmep.ch\" \/>\n<meta property=\"article:published_time\" content=\"2022-11-30T19:11:45+00:00\" \/>\n<meta property=\"article:modified_time\" content=\"2025-09-13T17:00:07+00:00\" \/>\n<meta property=\"og:image\" content=\"https:\/\/sud.svmep.ch\/svmep\/wp-content\/uploads\/2024\/11\/vis-tampon.png\" \/>\n\t<meta property=\"og:image:width\" content=\"495\" \/>\n\t<meta property=\"og:image:height\" content=\"495\" \/>\n\t<meta property=\"og:image:type\" content=\"image\/png\" \/>\n<meta name=\"author\" content=\"svmep-webmaster\" \/>\n<meta name=\"twitter:card\" content=\"summary_large_image\" \/>\n<script type=\"application\/ld+json\" class=\"yoast-schema-graph\">{\"@context\":\"https:\\\/\\\/schema.org\",\"@graph\":[{\"@type\":\"Article\",\"@id\":\"https:\\\/\\\/sud.svmep.ch\\\/svmep\\\/signez-petition-collocation-equitable-lenseignement-professionnel-seule-chaine-fonction-toutes\\\/#article\",\"isPartOf\":{\"@id\":\"https:\\\/\\\/sud.svmep.ch\\\/svmep\\\/petition-pour-une-seule-chaine-et-fonction-pour-toutes-et-tous\\\/\"},\"author\":{\"name\":\"svmep-webmaster\",\"@id\":\"https:\\\/\\\/sud.svmep.ch\\\/svmep\\\/#\\\/schema\\\/person\\\/c89c46f48a039b5e5bc4a8eeeab1aece\"},\"headline\":\"P\u00e9tition pour une seule cha\u00eene et fonction pour toutes et tous !\",\"datePublished\":\"2022-11-30T19:11:45+00:00\",\"dateModified\":\"2025-09-13T17:00:07+00:00\",\"mainEntityOfPage\":{\"@id\":\"https:\\\/\\\/sud.svmep.ch\\\/svmep\\\/petition-pour-une-seule-chaine-et-fonction-pour-toutes-et-tous\\\/\"},\"wordCount\":162,\"publisher\":{\"@id\":\"https:\\\/\\\/sud.svmep.ch\\\/svmep\\\/#organization\"},\"image\":{\"@id\":\"https:\\\/\\\/sud.svmep.ch\\\/svmep\\\/signez-petition-collocation-equitable-lenseignement-professionnel-seule-chaine-fonction-toutes\\\/#primaryimage\"},\"thumbnailUrl\":\"https:\\\/\\\/sud.svmep.ch\\\/svmep\\\/wp-content\\\/uploads\\\/2024\\\/11\\\/vis-tampon.png\",\"keywords\":[\"classification des MEP\",\"salaire\"],\"articleSection\":[\"Classification des MEP\"],\"inLanguage\":\"fr-FR\"},{\"@type\":\"WebPage\",\"@id\":\"https:\\\/\\\/sud.svmep.ch\\\/svmep\\\/petition-pour-une-seule-chaine-et-fonction-pour-toutes-et-tous\\\/\",\"url\":\"https:\\\/\\\/sud.svmep.ch\\\/svmep\\\/signez-petition-collocation-equitable-lenseignement-professionnel-seule-chaine-fonction-toutes\\\/\",\"name\":\"P\u00e9tition pour une seule cha\u00eene et fonction pour toutes et tous ! - svmep.ch\",\"isPartOf\":{\"@id\":\"https:\\\/\\\/sud.svmep.ch\\\/svmep\\\/#website\"},\"primaryImageOfPage\":{\"@id\":\"https:\\\/\\\/sud.svmep.ch\\\/svmep\\\/signez-petition-collocation-equitable-lenseignement-professionnel-seule-chaine-fonction-toutes\\\/#primaryimage\"},\"image\":{\"@id\":\"https:\\\/\\\/sud.svmep.ch\\\/svmep\\\/signez-petition-collocation-equitable-lenseignement-professionnel-seule-chaine-fonction-toutes\\\/#primaryimage\"},\"thumbnailUrl\":\"https:\\\/\\\/sud.svmep.ch\\\/svmep\\\/wp-content\\\/uploads\\\/2024\\\/11\\\/vis-tampon.png\",\"datePublished\":\"2022-11-30T19:11:45+00:00\",\"dateModified\":\"2025-09-13T17:00:07+00:00\",\"description\":\"Le SVMEP a lanc\u00e9 une p\u00e9tition qui demande de mettre tou.te.s les ma\u00eetres.ses de l'enseignement professionnel dans la m\u00eame cha\u00eene.\",\"breadcrumb\":{\"@id\":\"https:\\\/\\\/sud.svmep.ch\\\/svmep\\\/signez-petition-collocation-equitable-lenseignement-professionnel-seule-chaine-fonction-toutes\\\/#breadcrumb\"},\"inLanguage\":\"fr-FR\",\"potentialAction\":[{\"@type\":\"ReadAction\",\"target\":[\"https:\\\/\\\/sud.svmep.ch\\\/svmep\\\/signez-petition-collocation-equitable-lenseignement-professionnel-seule-chaine-fonction-toutes\\\/\"]}]},{\"@type\":\"ImageObject\",\"inLanguage\":\"fr-FR\",\"@id\":\"https:\\\/\\\/sud.svmep.ch\\\/svmep\\\/signez-petition-collocation-equitable-lenseignement-professionnel-seule-chaine-fonction-toutes\\\/#primaryimage\",\"url\":\"https:\\\/\\\/sud.svmep.ch\\\/svmep\\\/wp-content\\\/uploads\\\/2024\\\/11\\\/vis-tampon.png\",\"contentUrl\":\"https:\\\/\\\/sud.svmep.ch\\\/svmep\\\/wp-content\\\/uploads\\\/2024\\\/11\\\/vis-tampon.png\",\"width\":495,\"height\":495},{\"@type\":\"BreadcrumbList\",\"@id\":\"https:\\\/\\\/sud.svmep.ch\\\/svmep\\\/signez-petition-collocation-equitable-lenseignement-professionnel-seule-chaine-fonction-toutes\\\/#breadcrumb\",\"itemListElement\":[{\"@type\":\"ListItem\",\"position\":1,\"name\":\"Accueil\",\"item\":\"https:\\\/\\\/sud.svmep.ch\\\/svmep\\\/\"},{\"@type\":\"ListItem\",\"position\":2,\"name\":\"Classification des MEP\",\"item\":\"https:\\\/\\\/sud.svmep.ch\\\/svmep\\\/category\\\/classification-des-mep\\\/\"},{\"@type\":\"ListItem\",\"position\":3,\"name\":\"P\u00e9tition pour une seule cha\u00eene et fonction pour toutes et tous !\"}]},{\"@type\":\"WebSite\",\"@id\":\"https:\\\/\\\/sud.svmep.ch\\\/svmep\\\/#website\",\"url\":\"https:\\\/\\\/sud.svmep.ch\\\/svmep\\\/\",\"name\":\"Syndicat vaudois des ma\u00eetres.ses de l'enseignement professionnel\",\"description\":\"\",\"publisher\":{\"@id\":\"https:\\\/\\\/sud.svmep.ch\\\/svmep\\\/#organization\"},\"alternateName\":\"SVMEP\",\"potentialAction\":[{\"@type\":\"SearchAction\",\"target\":{\"@type\":\"EntryPoint\",\"urlTemplate\":\"https:\\\/\\\/sud.svmep.ch\\\/svmep\\\/?s={search_term_string}\"},\"query-input\":{\"@type\":\"PropertyValueSpecification\",\"valueRequired\":true,\"valueName\":\"search_term_string\"}}],\"inLanguage\":\"fr-FR\"},{\"@type\":\"Organization\",\"@id\":\"https:\\\/\\\/sud.svmep.ch\\\/svmep\\\/#organization\",\"name\":\"Syndicat vaudois des ma\u00eetres.ses de l'enseignement professionnel SVMEP\",\"alternateName\":\"SVMEP\",\"url\":\"https:\\\/\\\/sud.svmep.ch\\\/svmep\\\/\",\"logo\":{\"@type\":\"ImageObject\",\"inLanguage\":\"fr-FR\",\"@id\":\"https:\\\/\\\/sud.svmep.ch\\\/svmep\\\/#\\\/schema\\\/logo\\\/image\\\/\",\"url\":\"https:\\\/\\\/sud.svmep.ch\\\/svmep\\\/wp-content\\\/uploads\\\/2024\\\/09\\\/svmep150x260.jpg\",\"contentUrl\":\"https:\\\/\\\/sud.svmep.ch\\\/svmep\\\/wp-content\\\/uploads\\\/2024\\\/09\\\/svmep150x260.jpg\",\"width\":226,\"height\":127,\"caption\":\"Syndicat vaudois des ma\u00eetres.ses de l'enseignement professionnel SVMEP\"},\"image\":{\"@id\":\"https:\\\/\\\/sud.svmep.ch\\\/svmep\\\/#\\\/schema\\\/logo\\\/image\\\/\"}},{\"@type\":\"Person\",\"@id\":\"https:\\\/\\\/sud.svmep.ch\\\/svmep\\\/#\\\/schema\\\/person\\\/c89c46f48a039b5e5bc4a8eeeab1aece\",\"name\":\"svmep-webmaster\",\"image\":{\"@type\":\"ImageObject\",\"inLanguage\":\"fr-FR\",\"@id\":\"https:\\\/\\\/secure.gravatar.com\\\/avatar\\\/75b5925b5ca4f3df48f6bb05f81ad13dab8238efffb28bf26c5f1682dff96ea6?s=96&d=mm&r=g\",\"url\":\"https:\\\/\\\/secure.gravatar.com\\\/avatar\\\/75b5925b5ca4f3df48f6bb05f81ad13dab8238efffb28bf26c5f1682dff96ea6?s=96&d=mm&r=g\",\"contentUrl\":\"https:\\\/\\\/secure.gravatar.com\\\/avatar\\\/75b5925b5ca4f3df48f6bb05f81ad13dab8238efffb28bf26c5f1682dff96ea6?s=96&d=mm&r=g\",\"caption\":\"svmep-webmaster\"}}]}<\/script>\n<!-- \/ Yoast SEO plugin. -->","yoast_head_json":{"title":"P\u00e9tition pour une seule cha\u00eene et fonction pour toutes et tous ! - svmep.ch","description":"Le SVMEP a lanc\u00e9 une p\u00e9tition qui demande de mettre tou.te.s les ma\u00eetres.ses de l'enseignement professionnel dans la m\u00eame cha\u00eene.","robots":{"index":"index","follow":"follow","max-snippet":"max-snippet:-1","max-image-preview":"max-image-preview:large","max-video-preview":"max-video-preview:-1"},"canonical":"https:\/\/sud.svmep.ch\/svmep\/signez-petition-collocation-equitable-lenseignement-professionnel-seule-chaine-fonction-toutes\/","og_locale":"fr_FR","og_type":"article","og_title":"P\u00e9tition pour une seule cha\u00eene et fonction pour toutes et tous ! - svmep.ch","og_description":"Le SVMEP a lanc\u00e9 une p\u00e9tition qui demande de mettre tou.te.s les ma\u00eetres.ses de l'enseignement professionnel dans la m\u00eame cha\u00eene.","og_url":"https:\/\/sud.svmep.ch\/svmep\/signez-petition-collocation-equitable-lenseignement-professionnel-seule-chaine-fonction-toutes\/","og_site_name":"svmep.ch","article_published_time":"2022-11-30T19:11:45+00:00","article_modified_time":"2025-09-13T17:00:07+00:00","og_image":[{"width":495,"height":495,"url":"https:\/\/sud.svmep.ch\/svmep\/wp-content\/uploads\/2024\/11\/vis-tampon.png","type":"image\/png"}],"author":"svmep-webmaster","twitter_card":"summary_large_image","schema":{"@context":"https:\/\/schema.org","@graph":[{"@type":"Article","@id":"https:\/\/sud.svmep.ch\/svmep\/signez-petition-collocation-equitable-lenseignement-professionnel-seule-chaine-fonction-toutes\/#article","isPartOf":{"@id":"https:\/\/sud.svmep.ch\/svmep\/petition-pour-une-seule-chaine-et-fonction-pour-toutes-et-tous\/"},"author":{"name":"svmep-webmaster","@id":"https:\/\/sud.svmep.ch\/svmep\/#\/schema\/person\/c89c46f48a039b5e5bc4a8eeeab1aece"},"headline":"P\u00e9tition pour une seule cha\u00eene et fonction pour toutes et tous !","datePublished":"2022-11-30T19:11:45+00:00","dateModified":"2025-09-13T17:00:07+00:00","mainEntityOfPage":{"@id":"https:\/\/sud.svmep.ch\/svmep\/petition-pour-une-seule-chaine-et-fonction-pour-toutes-et-tous\/"},"wordCount":162,"publisher":{"@id":"https:\/\/sud.svmep.ch\/svmep\/#organization"},"image":{"@id":"https:\/\/sud.svmep.ch\/svmep\/signez-petition-collocation-equitable-lenseignement-professionnel-seule-chaine-fonction-toutes\/#primaryimage"},"thumbnailUrl":"https:\/\/sud.svmep.ch\/svmep\/wp-content\/uploads\/2024\/11\/vis-tampon.png","keywords":["classification des MEP","salaire"],"articleSection":["Classification des MEP"],"inLanguage":"fr-FR"},{"@type":"WebPage","@id":"https:\/\/sud.svmep.ch\/svmep\/petition-pour-une-seule-chaine-et-fonction-pour-toutes-et-tous\/","url":"https:\/\/sud.svmep.ch\/svmep\/signez-petition-collocation-equitable-lenseignement-professionnel-seule-chaine-fonction-toutes\/","name":"P\u00e9tition pour une seule cha\u00eene et fonction pour toutes et tous ! - svmep.ch","isPartOf":{"@id":"https:\/\/sud.svmep.ch\/svmep\/#website"},"primaryImageOfPage":{"@id":"https:\/\/sud.svmep.ch\/svmep\/signez-petition-collocation-equitable-lenseignement-professionnel-seule-chaine-fonction-toutes\/#primaryimage"},"image":{"@id":"https:\/\/sud.svmep.ch\/svmep\/signez-petition-collocation-equitable-lenseignement-professionnel-seule-chaine-fonction-toutes\/#primaryimage"},"thumbnailUrl":"https:\/\/sud.svmep.ch\/svmep\/wp-content\/uploads\/2024\/11\/vis-tampon.png","datePublished":"2022-11-30T19:11:45+00:00","dateModified":"2025-09-13T17:00:07+00:00","description":"Le SVMEP a lanc\u00e9 une p\u00e9tition qui demande de mettre tou.te.s les ma\u00eetres.ses de l'enseignement professionnel dans la m\u00eame cha\u00eene.","breadcrumb":{"@id":"https:\/\/sud.svmep.ch\/svmep\/signez-petition-collocation-equitable-lenseignement-professionnel-seule-chaine-fonction-toutes\/#breadcrumb"},"inLanguage":"fr-FR","potentialAction":[{"@type":"ReadAction","target":["https:\/\/sud.svmep.ch\/svmep\/signez-petition-collocation-equitable-lenseignement-professionnel-seule-chaine-fonction-toutes\/"]}]},{"@type":"ImageObject","inLanguage":"fr-FR","@id":"https:\/\/sud.svmep.ch\/svmep\/signez-petition-collocation-equitable-lenseignement-professionnel-seule-chaine-fonction-toutes\/#primaryimage","url":"https:\/\/sud.svmep.ch\/svmep\/wp-content\/uploads\/2024\/11\/vis-tampon.png","contentUrl":"https:\/\/sud.svmep.ch\/svmep\/wp-content\/uploads\/2024\/11\/vis-tampon.png","width":495,"height":495},{"@type":"BreadcrumbList","@id":"https:\/\/sud.svmep.ch\/svmep\/signez-petition-collocation-equitable-lenseignement-professionnel-seule-chaine-fonction-toutes\/#breadcrumb","itemListElement":[{"@type":"ListItem","position":1,"name":"Accueil","item":"https:\/\/sud.svmep.ch\/svmep\/"},{"@type":"ListItem","position":2,"name":"Classification des MEP","item":"https:\/\/sud.svmep.ch\/svmep\/category\/classification-des-mep\/"},{"@type":"ListItem","position":3,"name":"P\u00e9tition pour une seule cha\u00eene et fonction pour toutes et tous !"}]},{"@type":"WebSite","@id":"https:\/\/sud.svmep.ch\/svmep\/#website","url":"https:\/\/sud.svmep.ch\/svmep\/","name":"Syndicat vaudois des ma\u00eetres.ses de l'enseignement professionnel","description":"","publisher":{"@id":"https:\/\/sud.svmep.ch\/svmep\/#organization"},"alternateName":"SVMEP","potentialAction":[{"@type":"SearchAction","target":{"@type":"EntryPoint","urlTemplate":"https:\/\/sud.svmep.ch\/svmep\/?s={search_term_string}"},"query-input":{"@type":"PropertyValueSpecification","valueRequired":true,"valueName":"search_term_string"}}],"inLanguage":"fr-FR"},{"@type":"Organization","@id":"https:\/\/sud.svmep.ch\/svmep\/#organization","name":"Syndicat vaudois des ma\u00eetres.ses de l'enseignement professionnel SVMEP","alternateName":"SVMEP","url":"https:\/\/sud.svmep.ch\/svmep\/","logo":{"@type":"ImageObject","inLanguage":"fr-FR","@id":"https:\/\/sud.svmep.ch\/svmep\/#\/schema\/logo\/image\/","url":"https:\/\/sud.svmep.ch\/svmep\/wp-content\/uploads\/2024\/09\/svmep150x260.jpg","contentUrl":"https:\/\/sud.svmep.ch\/svmep\/wp-content\/uploads\/2024\/09\/svmep150x260.jpg","width":226,"height":127,"caption":"Syndicat vaudois des ma\u00eetres.ses de l'enseignement professionnel SVMEP"},"image":{"@id":"https:\/\/sud.svmep.ch\/svmep\/#\/schema\/logo\/image\/"}},{"@type":"Person","@id":"https:\/\/sud.svmep.ch\/svmep\/#\/schema\/person\/c89c46f48a039b5e5bc4a8eeeab1aece","name":"svmep-webmaster","image":{"@type":"ImageObject","inLanguage":"fr-FR","@id":"https:\/\/secure.gravatar.com\/avatar\/75b5925b5ca4f3df48f6bb05f81ad13dab8238efffb28bf26c5f1682dff96ea6?s=96&d=mm&r=g","url":"https:\/\/secure.gravatar.com\/avatar\/75b5925b5ca4f3df48f6bb05f81ad13dab8238efffb28bf26c5f1682dff96ea6?s=96&d=mm&r=g","contentUrl":"https:\/\/secure.gravatar.com\/avatar\/75b5925b5ca4f3df48f6bb05f81ad13dab8238efffb28bf26c5f1682dff96ea6?s=96&d=mm&r=g","caption":"svmep-webmaster"}}]}},"_links":{"self":[{"href":"https:\/\/sud.svmep.ch\/svmep\/wp-json\/wp\/v2\/posts\/800","targetHints":{"allow":["GET"]}}],"collection":[{"href":"https:\/\/sud.svmep.ch\/svmep\/wp-json\/wp\/v2\/posts"}],"about":[{"href":"https:\/\/sud.svmep.ch\/svmep\/wp-json\/wp\/v2\/types\/post"}],"author":[{"embeddable":true,"href":"https:\/\/sud.svmep.ch\/svmep\/wp-json\/wp\/v2\/users\/4"}],"replies":[{"embeddable":true,"href":"https:\/\/sud.svmep.ch\/svmep\/wp-json\/wp\/v2\/comments?post=800"}],"version-history":[{"count":0,"href":"https:\/\/sud.svmep.ch\/svmep\/wp-json\/wp\/v2\/posts\/800\/revisions"}],"wp:featuredmedia":[{"embeddable":true,"href":"https:\/\/sud.svmep.ch\/svmep\/wp-json\/wp\/v2\/media\/1768"}],"wp:attachment":[{"href":"https:\/\/sud.svmep.ch\/svmep\/wp-json\/wp\/v2\/media?parent=800"}],"wp:term":[{"taxonomy":"category","embeddable":true,"href":"https:\/\/sud.svmep.ch\/svmep\/wp-json\/wp\/v2\/categories?post=800"},{"taxonomy":"post_tag","embeddable":true,"href":"https:\/\/sud.svmep.ch\/svmep\/wp-json\/wp\/v2\/tags?post=800"}],"curies":[{"name":"wp","href":"https:\/\/api.w.org\/{rel}","templated":true}]}}