{"id":816,"date":"2023-01-29T14:55:05","date_gmt":"2023-01-29T13:55:05","guid":{"rendered":"http:\/\/sud.svmep.ch\/?p=816"},"modified":"2025-10-31T21:08:34","modified_gmt":"2025-10-31T20:08:34","slug":"indexation-salaires-services-publics-parapublics-vaudois-contreverites-gouvernement-luisier","status":"publish","type":"post","link":"https:\/\/sud.svmep.ch\/svmep\/indexation-salaires-services-publics-parapublics-vaudois-contreverites-gouvernement-luisier\/","title":{"rendered":"Indexation des salaires des services publics et parapublics : les contrev\u00e9rit\u00e9s du Gouvernement Luisier"},"content":{"rendered":"<div class=\"wp-block-post-date\"><time datetime=\"2023-01-29T14:55:05+01:00\">29 janvier 2023<\/time><\/div>\n\n<p><strong>Les trois fa\u00eeti\u00e8res des syndicats du personnel vaudois publient un brillant fact-checking li\u00e9 au conflit sur l&rsquo;indexation des salaires<\/strong><\/p>\n<p>\u00c0 la suite de la journ\u00e9e de gr\u00e8ve et de mobilisation massive des salari\u00e9\u00b7e\u00b7s des services publics et parapublics vaudois du lundi 23 janvier, la Pr\u00e9sidente du gouvernement vaudois, Christelle Luisier, a exprim\u00e9 l\u2019appr\u00e9ciation de la situation du Conseil d\u2019\u00c9tat, qui a choisi de ne pas consulter les organisations syndicales et de fixer un taux d&rsquo;indexation de 1,4 %, largement plus bas que les taux adopt\u00e9s par l&rsquo;\u00e9crasante majorit\u00e9 des autres cantons.<\/p>\n<p>S&rsquo;il est \u00e9vident qu&rsquo;un d\u00e9bat d\u00e9mocratique doit avoir lieu, rien n&rsquo;autorise Mme Luisier et le Conseil d&rsquo;\u00c9tat \u00e0 transformer la r\u00e9alit\u00e9. Nous ne laisserons pas la communication de faits erron\u00e9s semer le doute sur la r\u00e9alit\u00e9 de la politique de d\u00e9valorisation du travail des salari\u00e9\u00b7e\u00b7s du service public mise en \u0153uvre par le Gouvernement Luisier. <strong>Nous nous permettons ainsi, dans les lignes qui suivent, de r\u00e9tablir quelques simples faits.<\/strong><\/p>\n\n\n<div class=\"wp-block-buttons is-content-justification-center is-layout-flex wp-container-core-buttons-is-layout-16018d1d wp-block-buttons-is-layout-flex\">\n<div class=\"wp-block-button has-custom-width wp-block-button__width-50 has-custom-font-size is-style-fill has-small-font-size\"><a class=\"wp-block-button__link has-white-color has-text-color has-background has-link-color wp-element-button\" style=\"background-color:#d91e0e\">Lire la suite dans le document ci-dessous<\/a><\/div>\n<\/div>\n\n\n\n<div data-wp-interactive=\"core\/file\" class=\"wp-block-file\"><object data-wp-bind--hidden=\"!state.hasPdfPreview\" hidden class=\"wp-block-file__embed\" data=\"https:\/\/sud.svmep.ch\/svmep\/wp-content\/uploads\/2024\/10\/indexation-des-salaires-des-services-publics-et-parapublics-vaudois-les-contreverites-du-gouvernement-luisier.pdf\" type=\"application\/pdf\" style=\"width:100%;height:800px\" aria-label=\"Contenu embarqu\u00e9 Indexation des salaires : les contreverit\u00e9s du gouvernement Luisier.\"><\/object><a id=\"wp-block-file--media-b7958b56-a4ab-4ad2-9a58-3b9dc007cd44\" href=\"https:\/\/sud.svmep.ch\/svmep\/wp-content\/uploads\/2024\/10\/indexation-des-salaires-des-services-publics-et-parapublics-vaudois-les-contreverites-du-gouvernement-luisier.pdf\" target=\"_blank\" rel=\"noreferrer noopener\">Indexation des salaires : les contreverit\u00e9s du gouvernement Luisier<\/a><a href=\"https:\/\/sud.svmep.ch\/svmep\/wp-content\/uploads\/2024\/10\/indexation-des-salaires-des-services-publics-et-parapublics-vaudois-les-contreverites-du-gouvernement-luisier.pdf\" class=\"wp-block-file__button wp-element-button\" download aria-describedby=\"wp-block-file--media-b7958b56-a4ab-4ad2-9a58-3b9dc007cd44\">T\u00e9l\u00e9charger<\/a><\/div>\n\n\n\n<ul class=\"wp-block-social-links alignright has-visible-labels has-icon-background-color is-nowrap is-layout-flex wp-container-core-social-links-is-layout-ad2f72ca wp-block-social-links-is-layout-flex\"><li style=\"background-color: #cf2e2e; \" class=\"wp-social-link wp-social-link-facebook has-vivid-red-background-color wp-block-social-link\"><a rel=\"noopener nofollow\" target=\"_blank\" href=\"https:\/\/www.facebook.com\/sudresiste\/\" class=\"wp-block-social-link-anchor\"><svg width=\"24\" height=\"24\" viewBox=\"0 0 24 24\" version=\"1.1\" xmlns=\"http:\/\/www.w3.org\/2000\/svg\" aria-hidden=\"true\" focusable=\"false\"><path d=\"M12 2C6.5 2 2 6.5 2 12c0 5 3.7 9.1 8.4 9.9v-7H7.9V12h2.5V9.8c0-2.5 1.5-3.9 3.8-3.9 1.1 0 2.2.2 2.2.2v2.5h-1.3c-1.2 0-1.6.8-1.6 1.6V12h2.8l-.4 2.9h-2.3v7C18.3 21.1 22 17 22 12c0-5.5-4.5-10-10-10z\"><\/path><\/svg><span class=\"wp-block-social-link-label\">SUD<\/span><\/a><\/li><\/ul>\n","protected":false},"excerpt":{"rendered":"<p>29 janvier 2023 Les trois fa\u00eeti\u00e8res des syndicats du personnel vaudois publient un brillant fact-checking li\u00e9 au conflit sur l&rsquo;indexation des salaires \u00c0 la suite de la journ\u00e9e de gr\u00e8ve [&hellip;]<\/p>\n","protected":false},"author":4,"featured_media":1042,"comment_status":"closed","ping_status":"closed","sticky":false,"template":"","format":"standard","meta":{"footnotes":""},"categories":[49],"tags":[32],"class_list":["post-816","post","type-post","status-publish","format-standard","has-post-thumbnail","hentry","category-dossiers-generaux-sud","tag-salaire"],"yoast_head":"<!-- This site is optimized with the Yoast SEO plugin v27.4 - https:\/\/yoast.com\/product\/yoast-seo-wordpress\/ -->\n<title>Indexation des salaires des services publics et parapublics : les contrev\u00e9rit\u00e9s du Gouvernement Luisier - svmep.ch<\/title>\n<meta name=\"description\" content=\"Les trois syndicats des services publics et parapublics vaudois publient un fact-checking li\u00e9 au conflit sur l&#039;indexation des salaires.\" \/>\n<meta name=\"robots\" content=\"index, follow, max-snippet:-1, max-image-preview:large, max-video-preview:-1\" \/>\n<link rel=\"canonical\" href=\"https:\/\/sud.svmep.ch\/svmep\/indexation-salaires-services-publics-parapublics-vaudois-contreverites-gouvernement-luisier\/\" \/>\n<meta property=\"og:locale\" content=\"fr_FR\" \/>\n<meta property=\"og:type\" content=\"article\" \/>\n<meta property=\"og:title\" content=\"Indexation des salaires des services publics et parapublics : les contrev\u00e9rit\u00e9s du Gouvernement Luisier - svmep.ch\" \/>\n<meta property=\"og:description\" content=\"Les trois syndicats des services publics et parapublics vaudois publient un fact-checking li\u00e9 au conflit sur l&#039;indexation des salaires.\" \/>\n<meta property=\"og:url\" content=\"https:\/\/sud.svmep.ch\/svmep\/indexation-salaires-services-publics-parapublics-vaudois-contreverites-gouvernement-luisier\/\" \/>\n<meta property=\"og:site_name\" content=\"svmep.ch\" \/>\n<meta property=\"article:published_time\" content=\"2023-01-29T13:55:05+00:00\" \/>\n<meta property=\"article:modified_time\" content=\"2025-10-31T20:08:34+00:00\" \/>\n<meta property=\"og:image\" content=\"https:\/\/sud.svmep.ch\/svmep\/wp-content\/uploads\/2024\/06\/Sud-logo-couleur-IG-e1730883388694.png\" \/>\n\t<meta property=\"og:image:width\" content=\"1113\" \/>\n\t<meta property=\"og:image:height\" content=\"1113\" \/>\n\t<meta property=\"og:image:type\" content=\"image\/png\" \/>\n<meta name=\"author\" content=\"svmep-webmaster\" \/>\n<meta name=\"twitter:card\" content=\"summary_large_image\" \/>\n<script type=\"application\/ld+json\" class=\"yoast-schema-graph\">{\"@context\":\"https:\\\/\\\/schema.org\",\"@graph\":[{\"@type\":\"Article\",\"@id\":\"https:\\\/\\\/sud.svmep.ch\\\/svmep\\\/indexation-salaires-services-publics-parapublics-vaudois-contreverites-gouvernement-luisier\\\/#article\",\"isPartOf\":{\"@id\":\"https:\\\/\\\/sud.svmep.ch\\\/svmep\\\/indexation-salaires-services-publics-parapublics-vaudois-contreverites-gouvernement-luisier\\\/\"},\"author\":{\"name\":\"svmep-webmaster\",\"@id\":\"https:\\\/\\\/sud.svmep.ch\\\/svmep\\\/#\\\/schema\\\/person\\\/c89c46f48a039b5e5bc4a8eeeab1aece\"},\"headline\":\"Indexation des salaires des services publics et parapublics : les contrev\u00e9rit\u00e9s du Gouvernement Luisier\",\"datePublished\":\"2023-01-29T13:55:05+00:00\",\"dateModified\":\"2025-10-31T20:08:34+00:00\",\"mainEntityOfPage\":{\"@id\":\"https:\\\/\\\/sud.svmep.ch\\\/svmep\\\/indexation-salaires-services-publics-parapublics-vaudois-contreverites-gouvernement-luisier\\\/\"},\"wordCount\":211,\"publisher\":{\"@id\":\"https:\\\/\\\/sud.svmep.ch\\\/svmep\\\/#organization\"},\"image\":{\"@id\":\"https:\\\/\\\/sud.svmep.ch\\\/svmep\\\/indexation-salaires-services-publics-parapublics-vaudois-contreverites-gouvernement-luisier\\\/#primaryimage\"},\"thumbnailUrl\":\"https:\\\/\\\/sud.svmep.ch\\\/svmep\\\/wp-content\\\/uploads\\\/2024\\\/06\\\/Sud-logo-couleur-IG-e1730883388694.png\",\"keywords\":[\"salaire\"],\"articleSection\":[\"Dossiers g\u00e9n\u00e9raux SUD\"],\"inLanguage\":\"fr-FR\"},{\"@type\":\"WebPage\",\"@id\":\"https:\\\/\\\/sud.svmep.ch\\\/svmep\\\/indexation-salaires-services-publics-parapublics-vaudois-contreverites-gouvernement-luisier\\\/\",\"url\":\"https:\\\/\\\/sud.svmep.ch\\\/svmep\\\/indexation-salaires-services-publics-parapublics-vaudois-contreverites-gouvernement-luisier\\\/\",\"name\":\"Indexation des salaires des services publics et parapublics : les contrev\u00e9rit\u00e9s du Gouvernement Luisier - svmep.ch\",\"isPartOf\":{\"@id\":\"https:\\\/\\\/sud.svmep.ch\\\/svmep\\\/#website\"},\"primaryImageOfPage\":{\"@id\":\"https:\\\/\\\/sud.svmep.ch\\\/svmep\\\/indexation-salaires-services-publics-parapublics-vaudois-contreverites-gouvernement-luisier\\\/#primaryimage\"},\"image\":{\"@id\":\"https:\\\/\\\/sud.svmep.ch\\\/svmep\\\/indexation-salaires-services-publics-parapublics-vaudois-contreverites-gouvernement-luisier\\\/#primaryimage\"},\"thumbnailUrl\":\"https:\\\/\\\/sud.svmep.ch\\\/svmep\\\/wp-content\\\/uploads\\\/2024\\\/06\\\/Sud-logo-couleur-IG-e1730883388694.png\",\"datePublished\":\"2023-01-29T13:55:05+00:00\",\"dateModified\":\"2025-10-31T20:08:34+00:00\",\"description\":\"Les trois syndicats des services publics et parapublics vaudois publient un fact-checking li\u00e9 au conflit sur l'indexation des salaires.\",\"breadcrumb\":{\"@id\":\"https:\\\/\\\/sud.svmep.ch\\\/svmep\\\/indexation-salaires-services-publics-parapublics-vaudois-contreverites-gouvernement-luisier\\\/#breadcrumb\"},\"inLanguage\":\"fr-FR\",\"potentialAction\":[{\"@type\":\"ReadAction\",\"target\":[\"https:\\\/\\\/sud.svmep.ch\\\/svmep\\\/indexation-salaires-services-publics-parapublics-vaudois-contreverites-gouvernement-luisier\\\/\"]}]},{\"@type\":\"ImageObject\",\"inLanguage\":\"fr-FR\",\"@id\":\"https:\\\/\\\/sud.svmep.ch\\\/svmep\\\/indexation-salaires-services-publics-parapublics-vaudois-contreverites-gouvernement-luisier\\\/#primaryimage\",\"url\":\"https:\\\/\\\/sud.svmep.ch\\\/svmep\\\/wp-content\\\/uploads\\\/2024\\\/06\\\/Sud-logo-couleur-IG-e1730883388694.png\",\"contentUrl\":\"https:\\\/\\\/sud.svmep.ch\\\/svmep\\\/wp-content\\\/uploads\\\/2024\\\/06\\\/Sud-logo-couleur-IG-e1730883388694.png\",\"width\":1113,\"height\":1113},{\"@type\":\"BreadcrumbList\",\"@id\":\"https:\\\/\\\/sud.svmep.ch\\\/svmep\\\/indexation-salaires-services-publics-parapublics-vaudois-contreverites-gouvernement-luisier\\\/#breadcrumb\",\"itemListElement\":[{\"@type\":\"ListItem\",\"position\":1,\"name\":\"Accueil\",\"item\":\"https:\\\/\\\/sud.svmep.ch\\\/svmep\\\/\"},{\"@type\":\"ListItem\",\"position\":2,\"name\":\"Dossiers g\u00e9n\u00e9raux SUD\",\"item\":\"https:\\\/\\\/sud.svmep.ch\\\/svmep\\\/category\\\/dossiers-generaux-sud\\\/\"},{\"@type\":\"ListItem\",\"position\":3,\"name\":\"Indexation des salaires des services publics et parapublics : les contrev\u00e9rit\u00e9s du Gouvernement Luisier\"}]},{\"@type\":\"WebSite\",\"@id\":\"https:\\\/\\\/sud.svmep.ch\\\/svmep\\\/#website\",\"url\":\"https:\\\/\\\/sud.svmep.ch\\\/svmep\\\/\",\"name\":\"Syndicat vaudois des ma\u00eetres.ses de l'enseignement professionnel\",\"description\":\"\",\"publisher\":{\"@id\":\"https:\\\/\\\/sud.svmep.ch\\\/svmep\\\/#organization\"},\"alternateName\":\"SVMEP\",\"potentialAction\":[{\"@type\":\"SearchAction\",\"target\":{\"@type\":\"EntryPoint\",\"urlTemplate\":\"https:\\\/\\\/sud.svmep.ch\\\/svmep\\\/?s={search_term_string}\"},\"query-input\":{\"@type\":\"PropertyValueSpecification\",\"valueRequired\":true,\"valueName\":\"search_term_string\"}}],\"inLanguage\":\"fr-FR\"},{\"@type\":\"Organization\",\"@id\":\"https:\\\/\\\/sud.svmep.ch\\\/svmep\\\/#organization\",\"name\":\"Syndicat vaudois des ma\u00eetres.ses de l'enseignement professionnel SVMEP\",\"alternateName\":\"SVMEP\",\"url\":\"https:\\\/\\\/sud.svmep.ch\\\/svmep\\\/\",\"logo\":{\"@type\":\"ImageObject\",\"inLanguage\":\"fr-FR\",\"@id\":\"https:\\\/\\\/sud.svmep.ch\\\/svmep\\\/#\\\/schema\\\/logo\\\/image\\\/\",\"url\":\"https:\\\/\\\/sud.svmep.ch\\\/svmep\\\/wp-content\\\/uploads\\\/2024\\\/09\\\/svmep150x260.jpg\",\"contentUrl\":\"https:\\\/\\\/sud.svmep.ch\\\/svmep\\\/wp-content\\\/uploads\\\/2024\\\/09\\\/svmep150x260.jpg\",\"width\":226,\"height\":127,\"caption\":\"Syndicat vaudois des ma\u00eetres.ses de l'enseignement professionnel SVMEP\"},\"image\":{\"@id\":\"https:\\\/\\\/sud.svmep.ch\\\/svmep\\\/#\\\/schema\\\/logo\\\/image\\\/\"}},{\"@type\":\"Person\",\"@id\":\"https:\\\/\\\/sud.svmep.ch\\\/svmep\\\/#\\\/schema\\\/person\\\/c89c46f48a039b5e5bc4a8eeeab1aece\",\"name\":\"svmep-webmaster\",\"image\":{\"@type\":\"ImageObject\",\"inLanguage\":\"fr-FR\",\"@id\":\"https:\\\/\\\/secure.gravatar.com\\\/avatar\\\/75b5925b5ca4f3df48f6bb05f81ad13dab8238efffb28bf26c5f1682dff96ea6?s=96&d=mm&r=g\",\"url\":\"https:\\\/\\\/secure.gravatar.com\\\/avatar\\\/75b5925b5ca4f3df48f6bb05f81ad13dab8238efffb28bf26c5f1682dff96ea6?s=96&d=mm&r=g\",\"contentUrl\":\"https:\\\/\\\/secure.gravatar.com\\\/avatar\\\/75b5925b5ca4f3df48f6bb05f81ad13dab8238efffb28bf26c5f1682dff96ea6?s=96&d=mm&r=g\",\"caption\":\"svmep-webmaster\"}}]}<\/script>\n<!-- \/ Yoast SEO plugin. -->","yoast_head_json":{"title":"Indexation des salaires des services publics et parapublics : les contrev\u00e9rit\u00e9s du Gouvernement Luisier - svmep.ch","description":"Les trois syndicats des services publics et parapublics vaudois publient un fact-checking li\u00e9 au conflit sur l'indexation des salaires.","robots":{"index":"index","follow":"follow","max-snippet":"max-snippet:-1","max-image-preview":"max-image-preview:large","max-video-preview":"max-video-preview:-1"},"canonical":"https:\/\/sud.svmep.ch\/svmep\/indexation-salaires-services-publics-parapublics-vaudois-contreverites-gouvernement-luisier\/","og_locale":"fr_FR","og_type":"article","og_title":"Indexation des salaires des services publics et parapublics : les contrev\u00e9rit\u00e9s du Gouvernement Luisier - svmep.ch","og_description":"Les trois syndicats des services publics et parapublics vaudois publient un fact-checking li\u00e9 au conflit sur l'indexation des salaires.","og_url":"https:\/\/sud.svmep.ch\/svmep\/indexation-salaires-services-publics-parapublics-vaudois-contreverites-gouvernement-luisier\/","og_site_name":"svmep.ch","article_published_time":"2023-01-29T13:55:05+00:00","article_modified_time":"2025-10-31T20:08:34+00:00","og_image":[{"width":1113,"height":1113,"url":"https:\/\/sud.svmep.ch\/svmep\/wp-content\/uploads\/2024\/06\/Sud-logo-couleur-IG-e1730883388694.png","type":"image\/png"}],"author":"svmep-webmaster","twitter_card":"summary_large_image","schema":{"@context":"https:\/\/schema.org","@graph":[{"@type":"Article","@id":"https:\/\/sud.svmep.ch\/svmep\/indexation-salaires-services-publics-parapublics-vaudois-contreverites-gouvernement-luisier\/#article","isPartOf":{"@id":"https:\/\/sud.svmep.ch\/svmep\/indexation-salaires-services-publics-parapublics-vaudois-contreverites-gouvernement-luisier\/"},"author":{"name":"svmep-webmaster","@id":"https:\/\/sud.svmep.ch\/svmep\/#\/schema\/person\/c89c46f48a039b5e5bc4a8eeeab1aece"},"headline":"Indexation des salaires des services publics et parapublics : les contrev\u00e9rit\u00e9s du Gouvernement Luisier","datePublished":"2023-01-29T13:55:05+00:00","dateModified":"2025-10-31T20:08:34+00:00","mainEntityOfPage":{"@id":"https:\/\/sud.svmep.ch\/svmep\/indexation-salaires-services-publics-parapublics-vaudois-contreverites-gouvernement-luisier\/"},"wordCount":211,"publisher":{"@id":"https:\/\/sud.svmep.ch\/svmep\/#organization"},"image":{"@id":"https:\/\/sud.svmep.ch\/svmep\/indexation-salaires-services-publics-parapublics-vaudois-contreverites-gouvernement-luisier\/#primaryimage"},"thumbnailUrl":"https:\/\/sud.svmep.ch\/svmep\/wp-content\/uploads\/2024\/06\/Sud-logo-couleur-IG-e1730883388694.png","keywords":["salaire"],"articleSection":["Dossiers g\u00e9n\u00e9raux SUD"],"inLanguage":"fr-FR"},{"@type":"WebPage","@id":"https:\/\/sud.svmep.ch\/svmep\/indexation-salaires-services-publics-parapublics-vaudois-contreverites-gouvernement-luisier\/","url":"https:\/\/sud.svmep.ch\/svmep\/indexation-salaires-services-publics-parapublics-vaudois-contreverites-gouvernement-luisier\/","name":"Indexation des salaires des services publics et parapublics : les contrev\u00e9rit\u00e9s du Gouvernement Luisier - svmep.ch","isPartOf":{"@id":"https:\/\/sud.svmep.ch\/svmep\/#website"},"primaryImageOfPage":{"@id":"https:\/\/sud.svmep.ch\/svmep\/indexation-salaires-services-publics-parapublics-vaudois-contreverites-gouvernement-luisier\/#primaryimage"},"image":{"@id":"https:\/\/sud.svmep.ch\/svmep\/indexation-salaires-services-publics-parapublics-vaudois-contreverites-gouvernement-luisier\/#primaryimage"},"thumbnailUrl":"https:\/\/sud.svmep.ch\/svmep\/wp-content\/uploads\/2024\/06\/Sud-logo-couleur-IG-e1730883388694.png","datePublished":"2023-01-29T13:55:05+00:00","dateModified":"2025-10-31T20:08:34+00:00","description":"Les trois syndicats des services publics et parapublics vaudois publient un fact-checking li\u00e9 au conflit sur l'indexation des salaires.","breadcrumb":{"@id":"https:\/\/sud.svmep.ch\/svmep\/indexation-salaires-services-publics-parapublics-vaudois-contreverites-gouvernement-luisier\/#breadcrumb"},"inLanguage":"fr-FR","potentialAction":[{"@type":"ReadAction","target":["https:\/\/sud.svmep.ch\/svmep\/indexation-salaires-services-publics-parapublics-vaudois-contreverites-gouvernement-luisier\/"]}]},{"@type":"ImageObject","inLanguage":"fr-FR","@id":"https:\/\/sud.svmep.ch\/svmep\/indexation-salaires-services-publics-parapublics-vaudois-contreverites-gouvernement-luisier\/#primaryimage","url":"https:\/\/sud.svmep.ch\/svmep\/wp-content\/uploads\/2024\/06\/Sud-logo-couleur-IG-e1730883388694.png","contentUrl":"https:\/\/sud.svmep.ch\/svmep\/wp-content\/uploads\/2024\/06\/Sud-logo-couleur-IG-e1730883388694.png","width":1113,"height":1113},{"@type":"BreadcrumbList","@id":"https:\/\/sud.svmep.ch\/svmep\/indexation-salaires-services-publics-parapublics-vaudois-contreverites-gouvernement-luisier\/#breadcrumb","itemListElement":[{"@type":"ListItem","position":1,"name":"Accueil","item":"https:\/\/sud.svmep.ch\/svmep\/"},{"@type":"ListItem","position":2,"name":"Dossiers g\u00e9n\u00e9raux SUD","item":"https:\/\/sud.svmep.ch\/svmep\/category\/dossiers-generaux-sud\/"},{"@type":"ListItem","position":3,"name":"Indexation des salaires des services publics et parapublics : les contrev\u00e9rit\u00e9s du Gouvernement Luisier"}]},{"@type":"WebSite","@id":"https:\/\/sud.svmep.ch\/svmep\/#website","url":"https:\/\/sud.svmep.ch\/svmep\/","name":"Syndicat vaudois des ma\u00eetres.ses de l'enseignement professionnel","description":"","publisher":{"@id":"https:\/\/sud.svmep.ch\/svmep\/#organization"},"alternateName":"SVMEP","potentialAction":[{"@type":"SearchAction","target":{"@type":"EntryPoint","urlTemplate":"https:\/\/sud.svmep.ch\/svmep\/?s={search_term_string}"},"query-input":{"@type":"PropertyValueSpecification","valueRequired":true,"valueName":"search_term_string"}}],"inLanguage":"fr-FR"},{"@type":"Organization","@id":"https:\/\/sud.svmep.ch\/svmep\/#organization","name":"Syndicat vaudois des ma\u00eetres.ses de l'enseignement professionnel SVMEP","alternateName":"SVMEP","url":"https:\/\/sud.svmep.ch\/svmep\/","logo":{"@type":"ImageObject","inLanguage":"fr-FR","@id":"https:\/\/sud.svmep.ch\/svmep\/#\/schema\/logo\/image\/","url":"https:\/\/sud.svmep.ch\/svmep\/wp-content\/uploads\/2024\/09\/svmep150x260.jpg","contentUrl":"https:\/\/sud.svmep.ch\/svmep\/wp-content\/uploads\/2024\/09\/svmep150x260.jpg","width":226,"height":127,"caption":"Syndicat vaudois des ma\u00eetres.ses de l'enseignement professionnel SVMEP"},"image":{"@id":"https:\/\/sud.svmep.ch\/svmep\/#\/schema\/logo\/image\/"}},{"@type":"Person","@id":"https:\/\/sud.svmep.ch\/svmep\/#\/schema\/person\/c89c46f48a039b5e5bc4a8eeeab1aece","name":"svmep-webmaster","image":{"@type":"ImageObject","inLanguage":"fr-FR","@id":"https:\/\/secure.gravatar.com\/avatar\/75b5925b5ca4f3df48f6bb05f81ad13dab8238efffb28bf26c5f1682dff96ea6?s=96&d=mm&r=g","url":"https:\/\/secure.gravatar.com\/avatar\/75b5925b5ca4f3df48f6bb05f81ad13dab8238efffb28bf26c5f1682dff96ea6?s=96&d=mm&r=g","contentUrl":"https:\/\/secure.gravatar.com\/avatar\/75b5925b5ca4f3df48f6bb05f81ad13dab8238efffb28bf26c5f1682dff96ea6?s=96&d=mm&r=g","caption":"svmep-webmaster"}}]}},"_links":{"self":[{"href":"https:\/\/sud.svmep.ch\/svmep\/wp-json\/wp\/v2\/posts\/816","targetHints":{"allow":["GET"]}}],"collection":[{"href":"https:\/\/sud.svmep.ch\/svmep\/wp-json\/wp\/v2\/posts"}],"about":[{"href":"https:\/\/sud.svmep.ch\/svmep\/wp-json\/wp\/v2\/types\/post"}],"author":[{"embeddable":true,"href":"https:\/\/sud.svmep.ch\/svmep\/wp-json\/wp\/v2\/users\/4"}],"replies":[{"embeddable":true,"href":"https:\/\/sud.svmep.ch\/svmep\/wp-json\/wp\/v2\/comments?post=816"}],"version-history":[{"count":0,"href":"https:\/\/sud.svmep.ch\/svmep\/wp-json\/wp\/v2\/posts\/816\/revisions"}],"wp:featuredmedia":[{"embeddable":true,"href":"https:\/\/sud.svmep.ch\/svmep\/wp-json\/wp\/v2\/media\/1042"}],"wp:attachment":[{"href":"https:\/\/sud.svmep.ch\/svmep\/wp-json\/wp\/v2\/media?parent=816"}],"wp:term":[{"taxonomy":"category","embeddable":true,"href":"https:\/\/sud.svmep.ch\/svmep\/wp-json\/wp\/v2\/categories?post=816"},{"taxonomy":"post_tag","embeddable":true,"href":"https:\/\/sud.svmep.ch\/svmep\/wp-json\/wp\/v2\/tags?post=816"}],"curies":[{"name":"wp","href":"https:\/\/api.w.org\/{rel}","templated":true}]}}