{"id":845,"date":"2023-03-25T23:00:54","date_gmt":"2023-03-25T22:00:54","guid":{"rendered":"http:\/\/sud.svmep.ch\/?p=845"},"modified":"2025-10-31T21:08:23","modified_gmt":"2025-10-31T20:08:23","slug":"indexation-des-salaires-lutte-et-determination-face-au-conseil-detat","status":"publish","type":"post","link":"https:\/\/sud.svmep.ch\/svmep\/indexation-des-salaires-lutte-et-determination-face-au-conseil-detat\/","title":{"rendered":"Indexation des salaires : lutte et d\u00e9termination face au Conseil d\u2019\u00c9tat !"},"content":{"rendered":"<div class=\"wp-block-post-date\"><time datetime=\"2023-03-25T23:00:54+01:00\">25 mars 2023<\/time><\/div>\n\n<p>La force de notre mouvement pour la pleine indexation des salaires, qui est devenu historique dans ce coin du monde, et l\u2019unit\u00e9 du personnel de l\u2019\u00c9tat ont fait passer le budget \u00ab\u00a0compensations salariales\u00a0\u00bb du Conseil d&rsquo;\u00c9tat (CE) de 0.- en f\u00e9vrier \u00e0 15 millions en mars. Cela reste des miettes ! En effet, ce que propose le CE repr\u00e9sente une prime de 200.- qui serait vers\u00e9e en 2024, en une fois, sans p\u00e9rennit\u00e9 !<\/p>\n<p>Cela n\u2019est pas suffisant ! Tous les signes, absolument concrets lors de nos comptes, montrent une augmentation r\u00e9elle du co\u00fbt de la vie: taux hypoth\u00e9caires, loyers, l\u00e9gumes\u2026 En cons\u00e9quence, notre pouvoir d\u2019acquisition diminue pour cause de r\u00e9elle inflation en 2023\u2026<\/p>\n<p style=\"text-align: left;\">Le gouvernement \u00e9crit qu&rsquo;il \u00abdemeure ouvert au dialogue\u00bb (communiqu\u00e9 de presse du CE du 22 mars 2023). Cela tombe bien, nous aussi ! Poursuivons les n\u00e9gociations avec un rapport de forces maximal :<\/p>\n<p style=\"text-align: center;\">rendez-vous <strong>mardi 28 mars 2023<\/strong> pour une grande journ\u00e9e de gr\u00e8ve et de mobilisation et pour une manifestation de grande ampleur en fin de journ\u00e9e ;<\/p>\n<p style=\"text-align: center;\"><strong>rassemblement \u00e0 17h45, Esplanade de Montbenon, Lausanne.<\/strong><\/p>\n<p style=\"text-align: left;\">Du lundi 27 au vendredi 31 mars : semaine de lutte pr\u00e9avis\u00e9e le 1er mars et confirm\u00e9e par <a href=\"https:\/\/svms.ch\/wp-content\/uploads\/2023\/03\/Resolution-AG-22-mars-2023.pdf\" data-wplink-edit=\"true\">la r\u00e9solution vot\u00e9e par l&rsquo;Assembl\u00e9e unitaire du 22 mars<\/a>. Des \u00e9coles ont d\u00e9j\u00e0 discut\u00e9 ou discutent ces jours d&rsquo;ajouter la gr\u00e8ve administrative aux arr\u00eats de travail : cela d\u00e9marre d\u00e9j\u00e0 le 27 mars !<\/p>\n\n\n<ul class=\"wp-block-social-links alignright has-visible-labels has-icon-background-color is-layout-flex wp-block-social-links-is-layout-flex\"><li style=\"background-color: #cf2e2e; \" class=\"wp-social-link wp-social-link-facebook has-vivid-red-background-color wp-block-social-link\"><a rel=\"noopener nofollow\" target=\"_blank\" href=\"https:\/\/www.facebook.com\/sudresiste\/\" class=\"wp-block-social-link-anchor\"><svg width=\"24\" height=\"24\" viewBox=\"0 0 24 24\" version=\"1.1\" xmlns=\"http:\/\/www.w3.org\/2000\/svg\" aria-hidden=\"true\" focusable=\"false\"><path d=\"M12 2C6.5 2 2 6.5 2 12c0 5 3.7 9.1 8.4 9.9v-7H7.9V12h2.5V9.8c0-2.5 1.5-3.9 3.8-3.9 1.1 0 2.2.2 2.2.2v2.5h-1.3c-1.2 0-1.6.8-1.6 1.6V12h2.8l-.4 2.9h-2.3v7C18.3 21.1 22 17 22 12c0-5.5-4.5-10-10-10z\"><\/path><\/svg><span class=\"wp-block-social-link-label\">SUD<\/span><\/a><\/li><\/ul>\n\n\n","protected":false},"excerpt":{"rendered":"<p>25 mars 2023 La force de notre mouvement pour la pleine indexation des salaires, qui est devenu historique dans ce coin du monde, et l\u2019unit\u00e9 du personnel de l\u2019\u00c9tat ont [&hellip;]<\/p>\n","protected":false},"author":4,"featured_media":1562,"comment_status":"closed","ping_status":"closed","sticky":false,"template":"","format":"standard","meta":{"footnotes":""},"categories":[49],"tags":[31,32],"class_list":["post-845","post","type-post","status-publish","format-standard","has-post-thumbnail","hentry","category-dossiers-generaux-sud","tag-mobilisation","tag-salaire"],"yoast_head":"<!-- This site is optimized with the Yoast SEO plugin v27.4 - https:\/\/yoast.com\/product\/yoast-seo-wordpress\/ -->\n<title>Indexation des salaires : lutte et d\u00e9termination face au Conseil d\u2019\u00c9tat ! - svmep.ch<\/title>\n<meta name=\"description\" content=\"La mobilisation pour l&#039;indexation des salaires 2023 continue : gr\u00e8ve et manifestation du personnel de l&#039;\u00c9tat le 28 mars 2023.\" \/>\n<meta name=\"robots\" content=\"index, follow, max-snippet:-1, max-image-preview:large, max-video-preview:-1\" \/>\n<link rel=\"canonical\" href=\"https:\/\/sud.svmep.ch\/svmep\/lutte-determination-face-conseil-detat-mobilisation-28-mars\/\" \/>\n<meta property=\"og:locale\" content=\"fr_FR\" \/>\n<meta property=\"og:type\" content=\"article\" \/>\n<meta property=\"og:title\" content=\"Indexation des salaires : lutte et d\u00e9termination face au Conseil d\u2019\u00c9tat ! - svmep.ch\" \/>\n<meta property=\"og:description\" content=\"La mobilisation pour l&#039;indexation des salaires 2023 continue : gr\u00e8ve et manifestation du personnel de l&#039;\u00c9tat le 28 mars 2023.\" \/>\n<meta property=\"og:url\" content=\"https:\/\/sud.svmep.ch\/svmep\/lutte-determination-face-conseil-detat-mobilisation-28-mars\/\" \/>\n<meta property=\"og:site_name\" content=\"svmep.ch\" \/>\n<meta property=\"article:published_time\" content=\"2023-03-25T22:00:54+00:00\" \/>\n<meta property=\"article:modified_time\" content=\"2025-10-31T20:08:23+00:00\" \/>\n<meta property=\"og:image\" content=\"https:\/\/sud.svmep.ch\/svmep\/wp-content\/uploads\/2024\/11\/sud_ballons.jpg\" \/>\n\t<meta property=\"og:image:width\" content=\"1476\" \/>\n\t<meta property=\"og:image:height\" content=\"984\" \/>\n\t<meta property=\"og:image:type\" content=\"image\/jpeg\" \/>\n<meta name=\"author\" content=\"svmep-webmaster\" \/>\n<meta name=\"twitter:card\" content=\"summary_large_image\" \/>\n<script type=\"application\/ld+json\" class=\"yoast-schema-graph\">{\"@context\":\"https:\\\/\\\/schema.org\",\"@graph\":[{\"@type\":\"Article\",\"@id\":\"https:\\\/\\\/sud.svmep.ch\\\/svmep\\\/lutte-determination-face-conseil-detat-mobilisation-28-mars\\\/#article\",\"isPartOf\":{\"@id\":\"https:\\\/\\\/sud.svmep.ch\\\/svmep\\\/indexation-des-salaires-lutte-et-determination-face-au-conseil-detat\\\/\"},\"author\":{\"name\":\"svmep-webmaster\",\"@id\":\"https:\\\/\\\/sud.svmep.ch\\\/svmep\\\/#\\\/schema\\\/person\\\/c89c46f48a039b5e5bc4a8eeeab1aece\"},\"headline\":\"Indexation des salaires : lutte et d\u00e9termination face au Conseil d\u2019\u00c9tat !\",\"datePublished\":\"2023-03-25T22:00:54+00:00\",\"dateModified\":\"2025-10-31T20:08:23+00:00\",\"mainEntityOfPage\":{\"@id\":\"https:\\\/\\\/sud.svmep.ch\\\/svmep\\\/indexation-des-salaires-lutte-et-determination-face-au-conseil-detat\\\/\"},\"wordCount\":252,\"publisher\":{\"@id\":\"https:\\\/\\\/sud.svmep.ch\\\/svmep\\\/#organization\"},\"image\":{\"@id\":\"https:\\\/\\\/sud.svmep.ch\\\/svmep\\\/lutte-determination-face-conseil-detat-mobilisation-28-mars\\\/#primaryimage\"},\"thumbnailUrl\":\"https:\\\/\\\/sud.svmep.ch\\\/svmep\\\/wp-content\\\/uploads\\\/2024\\\/11\\\/sud_ballons.jpg\",\"keywords\":[\"mobilisation\",\"salaire\"],\"articleSection\":[\"Dossiers g\u00e9n\u00e9raux SUD\"],\"inLanguage\":\"fr-FR\"},{\"@type\":\"WebPage\",\"@id\":\"https:\\\/\\\/sud.svmep.ch\\\/svmep\\\/indexation-des-salaires-lutte-et-determination-face-au-conseil-detat\\\/\",\"url\":\"https:\\\/\\\/sud.svmep.ch\\\/svmep\\\/lutte-determination-face-conseil-detat-mobilisation-28-mars\\\/\",\"name\":\"Indexation des salaires : lutte et d\u00e9termination face au Conseil d\u2019\u00c9tat ! - svmep.ch\",\"isPartOf\":{\"@id\":\"https:\\\/\\\/sud.svmep.ch\\\/svmep\\\/#website\"},\"primaryImageOfPage\":{\"@id\":\"https:\\\/\\\/sud.svmep.ch\\\/svmep\\\/lutte-determination-face-conseil-detat-mobilisation-28-mars\\\/#primaryimage\"},\"image\":{\"@id\":\"https:\\\/\\\/sud.svmep.ch\\\/svmep\\\/lutte-determination-face-conseil-detat-mobilisation-28-mars\\\/#primaryimage\"},\"thumbnailUrl\":\"https:\\\/\\\/sud.svmep.ch\\\/svmep\\\/wp-content\\\/uploads\\\/2024\\\/11\\\/sud_ballons.jpg\",\"datePublished\":\"2023-03-25T22:00:54+00:00\",\"dateModified\":\"2025-10-31T20:08:23+00:00\",\"description\":\"La mobilisation pour l'indexation des salaires 2023 continue : gr\u00e8ve et manifestation du personnel de l'\u00c9tat le 28 mars 2023.\",\"breadcrumb\":{\"@id\":\"https:\\\/\\\/sud.svmep.ch\\\/svmep\\\/lutte-determination-face-conseil-detat-mobilisation-28-mars\\\/#breadcrumb\"},\"inLanguage\":\"fr-FR\",\"potentialAction\":[{\"@type\":\"ReadAction\",\"target\":[\"https:\\\/\\\/sud.svmep.ch\\\/svmep\\\/lutte-determination-face-conseil-detat-mobilisation-28-mars\\\/\"]}]},{\"@type\":\"ImageObject\",\"inLanguage\":\"fr-FR\",\"@id\":\"https:\\\/\\\/sud.svmep.ch\\\/svmep\\\/lutte-determination-face-conseil-detat-mobilisation-28-mars\\\/#primaryimage\",\"url\":\"https:\\\/\\\/sud.svmep.ch\\\/svmep\\\/wp-content\\\/uploads\\\/2024\\\/11\\\/sud_ballons.jpg\",\"contentUrl\":\"https:\\\/\\\/sud.svmep.ch\\\/svmep\\\/wp-content\\\/uploads\\\/2024\\\/11\\\/sud_ballons.jpg\",\"width\":1476,\"height\":984},{\"@type\":\"BreadcrumbList\",\"@id\":\"https:\\\/\\\/sud.svmep.ch\\\/svmep\\\/lutte-determination-face-conseil-detat-mobilisation-28-mars\\\/#breadcrumb\",\"itemListElement\":[{\"@type\":\"ListItem\",\"position\":1,\"name\":\"Accueil\",\"item\":\"https:\\\/\\\/sud.svmep.ch\\\/svmep\\\/\"},{\"@type\":\"ListItem\",\"position\":2,\"name\":\"Dossiers g\u00e9n\u00e9raux SUD\",\"item\":\"https:\\\/\\\/sud.svmep.ch\\\/svmep\\\/category\\\/dossiers-generaux-sud\\\/\"},{\"@type\":\"ListItem\",\"position\":3,\"name\":\"Indexation des salaires : lutte et d\u00e9termination face au Conseil d\u2019\u00c9tat !\"}]},{\"@type\":\"WebSite\",\"@id\":\"https:\\\/\\\/sud.svmep.ch\\\/svmep\\\/#website\",\"url\":\"https:\\\/\\\/sud.svmep.ch\\\/svmep\\\/\",\"name\":\"Syndicat vaudois des ma\u00eetres.ses de l'enseignement professionnel\",\"description\":\"\",\"publisher\":{\"@id\":\"https:\\\/\\\/sud.svmep.ch\\\/svmep\\\/#organization\"},\"alternateName\":\"SVMEP\",\"potentialAction\":[{\"@type\":\"SearchAction\",\"target\":{\"@type\":\"EntryPoint\",\"urlTemplate\":\"https:\\\/\\\/sud.svmep.ch\\\/svmep\\\/?s={search_term_string}\"},\"query-input\":{\"@type\":\"PropertyValueSpecification\",\"valueRequired\":true,\"valueName\":\"search_term_string\"}}],\"inLanguage\":\"fr-FR\"},{\"@type\":\"Organization\",\"@id\":\"https:\\\/\\\/sud.svmep.ch\\\/svmep\\\/#organization\",\"name\":\"Syndicat vaudois des ma\u00eetres.ses de l'enseignement professionnel SVMEP\",\"alternateName\":\"SVMEP\",\"url\":\"https:\\\/\\\/sud.svmep.ch\\\/svmep\\\/\",\"logo\":{\"@type\":\"ImageObject\",\"inLanguage\":\"fr-FR\",\"@id\":\"https:\\\/\\\/sud.svmep.ch\\\/svmep\\\/#\\\/schema\\\/logo\\\/image\\\/\",\"url\":\"https:\\\/\\\/sud.svmep.ch\\\/svmep\\\/wp-content\\\/uploads\\\/2024\\\/09\\\/svmep150x260.jpg\",\"contentUrl\":\"https:\\\/\\\/sud.svmep.ch\\\/svmep\\\/wp-content\\\/uploads\\\/2024\\\/09\\\/svmep150x260.jpg\",\"width\":226,\"height\":127,\"caption\":\"Syndicat vaudois des ma\u00eetres.ses de l'enseignement professionnel SVMEP\"},\"image\":{\"@id\":\"https:\\\/\\\/sud.svmep.ch\\\/svmep\\\/#\\\/schema\\\/logo\\\/image\\\/\"}},{\"@type\":\"Person\",\"@id\":\"https:\\\/\\\/sud.svmep.ch\\\/svmep\\\/#\\\/schema\\\/person\\\/c89c46f48a039b5e5bc4a8eeeab1aece\",\"name\":\"svmep-webmaster\",\"image\":{\"@type\":\"ImageObject\",\"inLanguage\":\"fr-FR\",\"@id\":\"https:\\\/\\\/secure.gravatar.com\\\/avatar\\\/75b5925b5ca4f3df48f6bb05f81ad13dab8238efffb28bf26c5f1682dff96ea6?s=96&d=mm&r=g\",\"url\":\"https:\\\/\\\/secure.gravatar.com\\\/avatar\\\/75b5925b5ca4f3df48f6bb05f81ad13dab8238efffb28bf26c5f1682dff96ea6?s=96&d=mm&r=g\",\"contentUrl\":\"https:\\\/\\\/secure.gravatar.com\\\/avatar\\\/75b5925b5ca4f3df48f6bb05f81ad13dab8238efffb28bf26c5f1682dff96ea6?s=96&d=mm&r=g\",\"caption\":\"svmep-webmaster\"}}]}<\/script>\n<!-- \/ Yoast SEO plugin. -->","yoast_head_json":{"title":"Indexation des salaires : lutte et d\u00e9termination face au Conseil d\u2019\u00c9tat ! - svmep.ch","description":"La mobilisation pour l'indexation des salaires 2023 continue : gr\u00e8ve et manifestation du personnel de l'\u00c9tat le 28 mars 2023.","robots":{"index":"index","follow":"follow","max-snippet":"max-snippet:-1","max-image-preview":"max-image-preview:large","max-video-preview":"max-video-preview:-1"},"canonical":"https:\/\/sud.svmep.ch\/svmep\/lutte-determination-face-conseil-detat-mobilisation-28-mars\/","og_locale":"fr_FR","og_type":"article","og_title":"Indexation des salaires : lutte et d\u00e9termination face au Conseil d\u2019\u00c9tat ! - svmep.ch","og_description":"La mobilisation pour l'indexation des salaires 2023 continue : gr\u00e8ve et manifestation du personnel de l'\u00c9tat le 28 mars 2023.","og_url":"https:\/\/sud.svmep.ch\/svmep\/lutte-determination-face-conseil-detat-mobilisation-28-mars\/","og_site_name":"svmep.ch","article_published_time":"2023-03-25T22:00:54+00:00","article_modified_time":"2025-10-31T20:08:23+00:00","og_image":[{"width":1476,"height":984,"url":"https:\/\/sud.svmep.ch\/svmep\/wp-content\/uploads\/2024\/11\/sud_ballons.jpg","type":"image\/jpeg"}],"author":"svmep-webmaster","twitter_card":"summary_large_image","schema":{"@context":"https:\/\/schema.org","@graph":[{"@type":"Article","@id":"https:\/\/sud.svmep.ch\/svmep\/lutte-determination-face-conseil-detat-mobilisation-28-mars\/#article","isPartOf":{"@id":"https:\/\/sud.svmep.ch\/svmep\/indexation-des-salaires-lutte-et-determination-face-au-conseil-detat\/"},"author":{"name":"svmep-webmaster","@id":"https:\/\/sud.svmep.ch\/svmep\/#\/schema\/person\/c89c46f48a039b5e5bc4a8eeeab1aece"},"headline":"Indexation des salaires : lutte et d\u00e9termination face au Conseil d\u2019\u00c9tat !","datePublished":"2023-03-25T22:00:54+00:00","dateModified":"2025-10-31T20:08:23+00:00","mainEntityOfPage":{"@id":"https:\/\/sud.svmep.ch\/svmep\/indexation-des-salaires-lutte-et-determination-face-au-conseil-detat\/"},"wordCount":252,"publisher":{"@id":"https:\/\/sud.svmep.ch\/svmep\/#organization"},"image":{"@id":"https:\/\/sud.svmep.ch\/svmep\/lutte-determination-face-conseil-detat-mobilisation-28-mars\/#primaryimage"},"thumbnailUrl":"https:\/\/sud.svmep.ch\/svmep\/wp-content\/uploads\/2024\/11\/sud_ballons.jpg","keywords":["mobilisation","salaire"],"articleSection":["Dossiers g\u00e9n\u00e9raux SUD"],"inLanguage":"fr-FR"},{"@type":"WebPage","@id":"https:\/\/sud.svmep.ch\/svmep\/indexation-des-salaires-lutte-et-determination-face-au-conseil-detat\/","url":"https:\/\/sud.svmep.ch\/svmep\/lutte-determination-face-conseil-detat-mobilisation-28-mars\/","name":"Indexation des salaires : lutte et d\u00e9termination face au Conseil d\u2019\u00c9tat ! - svmep.ch","isPartOf":{"@id":"https:\/\/sud.svmep.ch\/svmep\/#website"},"primaryImageOfPage":{"@id":"https:\/\/sud.svmep.ch\/svmep\/lutte-determination-face-conseil-detat-mobilisation-28-mars\/#primaryimage"},"image":{"@id":"https:\/\/sud.svmep.ch\/svmep\/lutte-determination-face-conseil-detat-mobilisation-28-mars\/#primaryimage"},"thumbnailUrl":"https:\/\/sud.svmep.ch\/svmep\/wp-content\/uploads\/2024\/11\/sud_ballons.jpg","datePublished":"2023-03-25T22:00:54+00:00","dateModified":"2025-10-31T20:08:23+00:00","description":"La mobilisation pour l'indexation des salaires 2023 continue : gr\u00e8ve et manifestation du personnel de l'\u00c9tat le 28 mars 2023.","breadcrumb":{"@id":"https:\/\/sud.svmep.ch\/svmep\/lutte-determination-face-conseil-detat-mobilisation-28-mars\/#breadcrumb"},"inLanguage":"fr-FR","potentialAction":[{"@type":"ReadAction","target":["https:\/\/sud.svmep.ch\/svmep\/lutte-determination-face-conseil-detat-mobilisation-28-mars\/"]}]},{"@type":"ImageObject","inLanguage":"fr-FR","@id":"https:\/\/sud.svmep.ch\/svmep\/lutte-determination-face-conseil-detat-mobilisation-28-mars\/#primaryimage","url":"https:\/\/sud.svmep.ch\/svmep\/wp-content\/uploads\/2024\/11\/sud_ballons.jpg","contentUrl":"https:\/\/sud.svmep.ch\/svmep\/wp-content\/uploads\/2024\/11\/sud_ballons.jpg","width":1476,"height":984},{"@type":"BreadcrumbList","@id":"https:\/\/sud.svmep.ch\/svmep\/lutte-determination-face-conseil-detat-mobilisation-28-mars\/#breadcrumb","itemListElement":[{"@type":"ListItem","position":1,"name":"Accueil","item":"https:\/\/sud.svmep.ch\/svmep\/"},{"@type":"ListItem","position":2,"name":"Dossiers g\u00e9n\u00e9raux SUD","item":"https:\/\/sud.svmep.ch\/svmep\/category\/dossiers-generaux-sud\/"},{"@type":"ListItem","position":3,"name":"Indexation des salaires : lutte et d\u00e9termination face au Conseil d\u2019\u00c9tat !"}]},{"@type":"WebSite","@id":"https:\/\/sud.svmep.ch\/svmep\/#website","url":"https:\/\/sud.svmep.ch\/svmep\/","name":"Syndicat vaudois des ma\u00eetres.ses de l'enseignement professionnel","description":"","publisher":{"@id":"https:\/\/sud.svmep.ch\/svmep\/#organization"},"alternateName":"SVMEP","potentialAction":[{"@type":"SearchAction","target":{"@type":"EntryPoint","urlTemplate":"https:\/\/sud.svmep.ch\/svmep\/?s={search_term_string}"},"query-input":{"@type":"PropertyValueSpecification","valueRequired":true,"valueName":"search_term_string"}}],"inLanguage":"fr-FR"},{"@type":"Organization","@id":"https:\/\/sud.svmep.ch\/svmep\/#organization","name":"Syndicat vaudois des ma\u00eetres.ses de l'enseignement professionnel SVMEP","alternateName":"SVMEP","url":"https:\/\/sud.svmep.ch\/svmep\/","logo":{"@type":"ImageObject","inLanguage":"fr-FR","@id":"https:\/\/sud.svmep.ch\/svmep\/#\/schema\/logo\/image\/","url":"https:\/\/sud.svmep.ch\/svmep\/wp-content\/uploads\/2024\/09\/svmep150x260.jpg","contentUrl":"https:\/\/sud.svmep.ch\/svmep\/wp-content\/uploads\/2024\/09\/svmep150x260.jpg","width":226,"height":127,"caption":"Syndicat vaudois des ma\u00eetres.ses de l'enseignement professionnel SVMEP"},"image":{"@id":"https:\/\/sud.svmep.ch\/svmep\/#\/schema\/logo\/image\/"}},{"@type":"Person","@id":"https:\/\/sud.svmep.ch\/svmep\/#\/schema\/person\/c89c46f48a039b5e5bc4a8eeeab1aece","name":"svmep-webmaster","image":{"@type":"ImageObject","inLanguage":"fr-FR","@id":"https:\/\/secure.gravatar.com\/avatar\/75b5925b5ca4f3df48f6bb05f81ad13dab8238efffb28bf26c5f1682dff96ea6?s=96&d=mm&r=g","url":"https:\/\/secure.gravatar.com\/avatar\/75b5925b5ca4f3df48f6bb05f81ad13dab8238efffb28bf26c5f1682dff96ea6?s=96&d=mm&r=g","contentUrl":"https:\/\/secure.gravatar.com\/avatar\/75b5925b5ca4f3df48f6bb05f81ad13dab8238efffb28bf26c5f1682dff96ea6?s=96&d=mm&r=g","caption":"svmep-webmaster"}}]}},"_links":{"self":[{"href":"https:\/\/sud.svmep.ch\/svmep\/wp-json\/wp\/v2\/posts\/845","targetHints":{"allow":["GET"]}}],"collection":[{"href":"https:\/\/sud.svmep.ch\/svmep\/wp-json\/wp\/v2\/posts"}],"about":[{"href":"https:\/\/sud.svmep.ch\/svmep\/wp-json\/wp\/v2\/types\/post"}],"author":[{"embeddable":true,"href":"https:\/\/sud.svmep.ch\/svmep\/wp-json\/wp\/v2\/users\/4"}],"replies":[{"embeddable":true,"href":"https:\/\/sud.svmep.ch\/svmep\/wp-json\/wp\/v2\/comments?post=845"}],"version-history":[{"count":0,"href":"https:\/\/sud.svmep.ch\/svmep\/wp-json\/wp\/v2\/posts\/845\/revisions"}],"wp:featuredmedia":[{"embeddable":true,"href":"https:\/\/sud.svmep.ch\/svmep\/wp-json\/wp\/v2\/media\/1562"}],"wp:attachment":[{"href":"https:\/\/sud.svmep.ch\/svmep\/wp-json\/wp\/v2\/media?parent=845"}],"wp:term":[{"taxonomy":"category","embeddable":true,"href":"https:\/\/sud.svmep.ch\/svmep\/wp-json\/wp\/v2\/categories?post=845"},{"taxonomy":"post_tag","embeddable":true,"href":"https:\/\/sud.svmep.ch\/svmep\/wp-json\/wp\/v2\/tags?post=845"}],"curies":[{"name":"wp","href":"https:\/\/api.w.org\/{rel}","templated":true}]}}