{"id":857,"date":"2023-05-23T20:23:19","date_gmt":"2023-05-23T19:23:19","guid":{"rendered":"http:\/\/sud.svmep.ch\/?p=857"},"modified":"2024-12-22T16:44:00","modified_gmt":"2024-12-22T15:44:00","slug":"remise-de-petition-toutes-145-cliquet-toutes","status":"publish","type":"post","link":"https:\/\/sud.svmep.ch\/svmep\/remise-de-petition-toutes-145-cliquet-toutes\/","title":{"rendered":"Remise de la p\u00e9tition \u00ab\u00a0Cliquet pour toutes et tous !\u00a0\u00bb"},"content":{"rendered":"<div class=\"wp-block-post-date has-small-font-size\"><time datetime=\"2023-05-23T20:23:19+02:00\">23 mai 2023<\/time><\/div>\n\n<p>Ch\u00e8res et chers coll\u00e8gues,<br \/>Ch\u00e8res et Chers ami.e.s,<br \/>Camarades,<\/p>\n<p><strong>Le temps est venu d\u2019aller chercher <a href=\"https:\/\/sud.svmep.ch\/svmep\/gazette-svmep-prime-a-lexpertise-cliquet-bout-de-15-ans-2\/\" target=\"_blank\" rel=\"noopener\">le cliquet pour toutes et tous les MEP !<\/a><\/strong> La <a href=\"https:\/\/sud.svmep.ch\/svmep\/signez-petition-collocation-equitable-lenseignement-professionnel-seule-chaine-fonction-toutes\/\" target=\"_blank\" rel=\"noopener\">p\u00e9tition<\/a> qui demande l\u2019abolition de la cha\u00eene 144 est pr\u00eate \u00e0 \u00eatre d\u00e9pos\u00e9e au DEF ! Allons l\u2019amener nombreuses et nombreux au Conseiller d\u2019\u00c9tat en charge du DEF, afin de montrer notre grande d\u00e9termination !<\/p>\n<h4 style=\"text-align: center;\">Mardi 6 juin 2023, \u00e0 17h30, \u00e0 la rue de la Barre 8, \u00e0 Lausanne<br \/>Remise de la p\u00e9tition forte de 650 signatures !<\/h4>\n<p>Nous avons d\u00e9j\u00e0 connu la victoire dans les <a href=\"https:\/\/sud.svmep.ch\/svmep\/gazette-mep-i-ii-reponse-a-cesla-amarelle\/\" target=\"_blank\" rel=\"noopener\">n\u00e9gociations qui ont men\u00e9 les ancien.ne.s MEP I, class\u00e9.e.s en 144\/10, au passage en 144\/11<\/a> ! <strong>Cela a \u00e9t\u00e9 possible gr\u00e2ce \u00e0 notre unit\u00e9 et \u00e0 la grande mobilisation qui a port\u00e9 les n\u00e9gociations !<\/strong><\/p>\n<p>Avec l\u2019action, ap\u00e9ro ! D\u00e9termin\u00e9.e.s et festif.ve.s !<br \/><strong>Venez ! Faites Venir !<\/strong><\/p>\n<p>Salutations solidaires et combatives,<br \/>le comit\u00e9 du SVMEP<\/p>","protected":false},"excerpt":{"rendered":"<p>23 mai 2023 Ch\u00e8res et chers coll\u00e8gues,Ch\u00e8res et Chers ami.e.s,Camarades, Le temps est venu d\u2019aller chercher le cliquet pour toutes et tous les MEP ! La p\u00e9tition qui demande l\u2019abolition [&hellip;]<\/p>\n","protected":false},"author":4,"featured_media":1768,"comment_status":"closed","ping_status":"closed","sticky":false,"template":"","format":"standard","meta":{"footnotes":""},"categories":[20],"tags":[39,31],"class_list":["post-857","post","type-post","status-publish","format-standard","has-post-thumbnail","hentry","category-classification-des-mep","tag-mep","tag-mobilisation"],"yoast_head":"<!-- This site is optimized with the Yoast SEO plugin v27.4 - https:\/\/yoast.com\/product\/yoast-seo-wordpress\/ -->\n<title>Remise de la p\u00e9tition &quot;Cliquet pour toutes et tous !&quot; - svmep.ch<\/title>\n<meta name=\"description\" content=\"Remise au DEF de la p\u00e9tition qui demande l\u2019abolition de la cha\u00eene 144 et le cliquet pour toutes et tous les MEP !\" \/>\n<meta name=\"robots\" content=\"index, follow, max-snippet:-1, max-image-preview:large, max-video-preview:-1\" \/>\n<link rel=\"canonical\" href=\"https:\/\/sud.svmep.ch\/svmep\/remise-de-petition-toutes-145-cliquet-toutes\/\" \/>\n<meta property=\"og:locale\" content=\"fr_FR\" \/>\n<meta property=\"og:type\" content=\"article\" \/>\n<meta property=\"og:title\" content=\"Remise de la p\u00e9tition &quot;Cliquet pour toutes et tous !&quot; - svmep.ch\" \/>\n<meta property=\"og:description\" content=\"Remise au DEF de la p\u00e9tition qui demande l\u2019abolition de la cha\u00eene 144 et le cliquet pour toutes et tous les MEP !\" \/>\n<meta property=\"og:url\" content=\"https:\/\/sud.svmep.ch\/svmep\/remise-de-petition-toutes-145-cliquet-toutes\/\" \/>\n<meta property=\"og:site_name\" content=\"svmep.ch\" \/>\n<meta property=\"article:published_time\" content=\"2023-05-23T19:23:19+00:00\" \/>\n<meta property=\"article:modified_time\" content=\"2024-12-22T15:44:00+00:00\" \/>\n<meta property=\"og:image\" content=\"https:\/\/sud.svmep.ch\/svmep\/wp-content\/uploads\/2024\/11\/vis-tampon.png\" \/>\n\t<meta property=\"og:image:width\" content=\"495\" \/>\n\t<meta property=\"og:image:height\" content=\"495\" \/>\n\t<meta property=\"og:image:type\" content=\"image\/png\" \/>\n<meta name=\"author\" content=\"svmep-webmaster\" \/>\n<meta name=\"twitter:card\" content=\"summary_large_image\" \/>\n<script type=\"application\/ld+json\" class=\"yoast-schema-graph\">{\"@context\":\"https:\\\/\\\/schema.org\",\"@graph\":[{\"@type\":\"Article\",\"@id\":\"https:\\\/\\\/sud.svmep.ch\\\/svmep\\\/remise-de-petition-toutes-145-cliquet-toutes\\\/#article\",\"isPartOf\":{\"@id\":\"https:\\\/\\\/sud.svmep.ch\\\/svmep\\\/remise-de-petition-toutes-145-cliquet-toutes\\\/\"},\"author\":{\"name\":\"svmep-webmaster\",\"@id\":\"https:\\\/\\\/sud.svmep.ch\\\/svmep\\\/#\\\/schema\\\/person\\\/c89c46f48a039b5e5bc4a8eeeab1aece\"},\"headline\":\"Remise de la p\u00e9tition \u00ab\u00a0Cliquet pour toutes et tous !\u00a0\u00bb\",\"datePublished\":\"2023-05-23T19:23:19+00:00\",\"dateModified\":\"2024-12-22T15:44:00+00:00\",\"mainEntityOfPage\":{\"@id\":\"https:\\\/\\\/sud.svmep.ch\\\/svmep\\\/remise-de-petition-toutes-145-cliquet-toutes\\\/\"},\"wordCount\":165,\"publisher\":{\"@id\":\"https:\\\/\\\/sud.svmep.ch\\\/svmep\\\/#organization\"},\"image\":{\"@id\":\"https:\\\/\\\/sud.svmep.ch\\\/svmep\\\/remise-de-petition-toutes-145-cliquet-toutes\\\/#primaryimage\"},\"thumbnailUrl\":\"https:\\\/\\\/sud.svmep.ch\\\/svmep\\\/wp-content\\\/uploads\\\/2024\\\/11\\\/vis-tampon.png\",\"keywords\":[\"classification des MEP\",\"mobilisation\"],\"articleSection\":[\"Classification des MEP\"],\"inLanguage\":\"fr-FR\"},{\"@type\":\"WebPage\",\"@id\":\"https:\\\/\\\/sud.svmep.ch\\\/svmep\\\/remise-de-petition-toutes-145-cliquet-toutes\\\/\",\"url\":\"https:\\\/\\\/sud.svmep.ch\\\/svmep\\\/remise-de-petition-toutes-145-cliquet-toutes\\\/\",\"name\":\"Remise de la p\u00e9tition \\\"Cliquet pour toutes et tous !\\\" - svmep.ch\",\"isPartOf\":{\"@id\":\"https:\\\/\\\/sud.svmep.ch\\\/svmep\\\/#website\"},\"primaryImageOfPage\":{\"@id\":\"https:\\\/\\\/sud.svmep.ch\\\/svmep\\\/remise-de-petition-toutes-145-cliquet-toutes\\\/#primaryimage\"},\"image\":{\"@id\":\"https:\\\/\\\/sud.svmep.ch\\\/svmep\\\/remise-de-petition-toutes-145-cliquet-toutes\\\/#primaryimage\"},\"thumbnailUrl\":\"https:\\\/\\\/sud.svmep.ch\\\/svmep\\\/wp-content\\\/uploads\\\/2024\\\/11\\\/vis-tampon.png\",\"datePublished\":\"2023-05-23T19:23:19+00:00\",\"dateModified\":\"2024-12-22T15:44:00+00:00\",\"description\":\"Remise au DEF de la p\u00e9tition qui demande l\u2019abolition de la cha\u00eene 144 et le cliquet pour toutes et tous les MEP !\",\"breadcrumb\":{\"@id\":\"https:\\\/\\\/sud.svmep.ch\\\/svmep\\\/remise-de-petition-toutes-145-cliquet-toutes\\\/#breadcrumb\"},\"inLanguage\":\"fr-FR\",\"potentialAction\":[{\"@type\":\"ReadAction\",\"target\":[\"https:\\\/\\\/sud.svmep.ch\\\/svmep\\\/remise-de-petition-toutes-145-cliquet-toutes\\\/\"]}]},{\"@type\":\"ImageObject\",\"inLanguage\":\"fr-FR\",\"@id\":\"https:\\\/\\\/sud.svmep.ch\\\/svmep\\\/remise-de-petition-toutes-145-cliquet-toutes\\\/#primaryimage\",\"url\":\"https:\\\/\\\/sud.svmep.ch\\\/svmep\\\/wp-content\\\/uploads\\\/2024\\\/11\\\/vis-tampon.png\",\"contentUrl\":\"https:\\\/\\\/sud.svmep.ch\\\/svmep\\\/wp-content\\\/uploads\\\/2024\\\/11\\\/vis-tampon.png\",\"width\":495,\"height\":495},{\"@type\":\"BreadcrumbList\",\"@id\":\"https:\\\/\\\/sud.svmep.ch\\\/svmep\\\/remise-de-petition-toutes-145-cliquet-toutes\\\/#breadcrumb\",\"itemListElement\":[{\"@type\":\"ListItem\",\"position\":1,\"name\":\"Accueil\",\"item\":\"https:\\\/\\\/sud.svmep.ch\\\/svmep\\\/\"},{\"@type\":\"ListItem\",\"position\":2,\"name\":\"Classification des MEP\",\"item\":\"https:\\\/\\\/sud.svmep.ch\\\/svmep\\\/category\\\/classification-des-mep\\\/\"},{\"@type\":\"ListItem\",\"position\":3,\"name\":\"Remise de la p\u00e9tition \u00ab\u00a0Cliquet pour toutes et tous !\u00a0\u00bb\"}]},{\"@type\":\"WebSite\",\"@id\":\"https:\\\/\\\/sud.svmep.ch\\\/svmep\\\/#website\",\"url\":\"https:\\\/\\\/sud.svmep.ch\\\/svmep\\\/\",\"name\":\"Syndicat vaudois des ma\u00eetres.ses de l'enseignement professionnel\",\"description\":\"\",\"publisher\":{\"@id\":\"https:\\\/\\\/sud.svmep.ch\\\/svmep\\\/#organization\"},\"alternateName\":\"SVMEP\",\"potentialAction\":[{\"@type\":\"SearchAction\",\"target\":{\"@type\":\"EntryPoint\",\"urlTemplate\":\"https:\\\/\\\/sud.svmep.ch\\\/svmep\\\/?s={search_term_string}\"},\"query-input\":{\"@type\":\"PropertyValueSpecification\",\"valueRequired\":true,\"valueName\":\"search_term_string\"}}],\"inLanguage\":\"fr-FR\"},{\"@type\":\"Organization\",\"@id\":\"https:\\\/\\\/sud.svmep.ch\\\/svmep\\\/#organization\",\"name\":\"Syndicat vaudois des ma\u00eetres.ses de l'enseignement professionnel SVMEP\",\"alternateName\":\"SVMEP\",\"url\":\"https:\\\/\\\/sud.svmep.ch\\\/svmep\\\/\",\"logo\":{\"@type\":\"ImageObject\",\"inLanguage\":\"fr-FR\",\"@id\":\"https:\\\/\\\/sud.svmep.ch\\\/svmep\\\/#\\\/schema\\\/logo\\\/image\\\/\",\"url\":\"https:\\\/\\\/sud.svmep.ch\\\/svmep\\\/wp-content\\\/uploads\\\/2024\\\/09\\\/svmep150x260.jpg\",\"contentUrl\":\"https:\\\/\\\/sud.svmep.ch\\\/svmep\\\/wp-content\\\/uploads\\\/2024\\\/09\\\/svmep150x260.jpg\",\"width\":226,\"height\":127,\"caption\":\"Syndicat vaudois des ma\u00eetres.ses de l'enseignement professionnel SVMEP\"},\"image\":{\"@id\":\"https:\\\/\\\/sud.svmep.ch\\\/svmep\\\/#\\\/schema\\\/logo\\\/image\\\/\"}},{\"@type\":\"Person\",\"@id\":\"https:\\\/\\\/sud.svmep.ch\\\/svmep\\\/#\\\/schema\\\/person\\\/c89c46f48a039b5e5bc4a8eeeab1aece\",\"name\":\"svmep-webmaster\",\"image\":{\"@type\":\"ImageObject\",\"inLanguage\":\"fr-FR\",\"@id\":\"https:\\\/\\\/secure.gravatar.com\\\/avatar\\\/75b5925b5ca4f3df48f6bb05f81ad13dab8238efffb28bf26c5f1682dff96ea6?s=96&d=mm&r=g\",\"url\":\"https:\\\/\\\/secure.gravatar.com\\\/avatar\\\/75b5925b5ca4f3df48f6bb05f81ad13dab8238efffb28bf26c5f1682dff96ea6?s=96&d=mm&r=g\",\"contentUrl\":\"https:\\\/\\\/secure.gravatar.com\\\/avatar\\\/75b5925b5ca4f3df48f6bb05f81ad13dab8238efffb28bf26c5f1682dff96ea6?s=96&d=mm&r=g\",\"caption\":\"svmep-webmaster\"}}]}<\/script>\n<!-- \/ Yoast SEO plugin. -->","yoast_head_json":{"title":"Remise de la p\u00e9tition \"Cliquet pour toutes et tous !\" - svmep.ch","description":"Remise au DEF de la p\u00e9tition qui demande l\u2019abolition de la cha\u00eene 144 et le cliquet pour toutes et tous les MEP !","robots":{"index":"index","follow":"follow","max-snippet":"max-snippet:-1","max-image-preview":"max-image-preview:large","max-video-preview":"max-video-preview:-1"},"canonical":"https:\/\/sud.svmep.ch\/svmep\/remise-de-petition-toutes-145-cliquet-toutes\/","og_locale":"fr_FR","og_type":"article","og_title":"Remise de la p\u00e9tition \"Cliquet pour toutes et tous !\" - svmep.ch","og_description":"Remise au DEF de la p\u00e9tition qui demande l\u2019abolition de la cha\u00eene 144 et le cliquet pour toutes et tous les MEP !","og_url":"https:\/\/sud.svmep.ch\/svmep\/remise-de-petition-toutes-145-cliquet-toutes\/","og_site_name":"svmep.ch","article_published_time":"2023-05-23T19:23:19+00:00","article_modified_time":"2024-12-22T15:44:00+00:00","og_image":[{"width":495,"height":495,"url":"https:\/\/sud.svmep.ch\/svmep\/wp-content\/uploads\/2024\/11\/vis-tampon.png","type":"image\/png"}],"author":"svmep-webmaster","twitter_card":"summary_large_image","schema":{"@context":"https:\/\/schema.org","@graph":[{"@type":"Article","@id":"https:\/\/sud.svmep.ch\/svmep\/remise-de-petition-toutes-145-cliquet-toutes\/#article","isPartOf":{"@id":"https:\/\/sud.svmep.ch\/svmep\/remise-de-petition-toutes-145-cliquet-toutes\/"},"author":{"name":"svmep-webmaster","@id":"https:\/\/sud.svmep.ch\/svmep\/#\/schema\/person\/c89c46f48a039b5e5bc4a8eeeab1aece"},"headline":"Remise de la p\u00e9tition \u00ab\u00a0Cliquet pour toutes et tous !\u00a0\u00bb","datePublished":"2023-05-23T19:23:19+00:00","dateModified":"2024-12-22T15:44:00+00:00","mainEntityOfPage":{"@id":"https:\/\/sud.svmep.ch\/svmep\/remise-de-petition-toutes-145-cliquet-toutes\/"},"wordCount":165,"publisher":{"@id":"https:\/\/sud.svmep.ch\/svmep\/#organization"},"image":{"@id":"https:\/\/sud.svmep.ch\/svmep\/remise-de-petition-toutes-145-cliquet-toutes\/#primaryimage"},"thumbnailUrl":"https:\/\/sud.svmep.ch\/svmep\/wp-content\/uploads\/2024\/11\/vis-tampon.png","keywords":["classification des MEP","mobilisation"],"articleSection":["Classification des MEP"],"inLanguage":"fr-FR"},{"@type":"WebPage","@id":"https:\/\/sud.svmep.ch\/svmep\/remise-de-petition-toutes-145-cliquet-toutes\/","url":"https:\/\/sud.svmep.ch\/svmep\/remise-de-petition-toutes-145-cliquet-toutes\/","name":"Remise de la p\u00e9tition \"Cliquet pour toutes et tous !\" - svmep.ch","isPartOf":{"@id":"https:\/\/sud.svmep.ch\/svmep\/#website"},"primaryImageOfPage":{"@id":"https:\/\/sud.svmep.ch\/svmep\/remise-de-petition-toutes-145-cliquet-toutes\/#primaryimage"},"image":{"@id":"https:\/\/sud.svmep.ch\/svmep\/remise-de-petition-toutes-145-cliquet-toutes\/#primaryimage"},"thumbnailUrl":"https:\/\/sud.svmep.ch\/svmep\/wp-content\/uploads\/2024\/11\/vis-tampon.png","datePublished":"2023-05-23T19:23:19+00:00","dateModified":"2024-12-22T15:44:00+00:00","description":"Remise au DEF de la p\u00e9tition qui demande l\u2019abolition de la cha\u00eene 144 et le cliquet pour toutes et tous les MEP !","breadcrumb":{"@id":"https:\/\/sud.svmep.ch\/svmep\/remise-de-petition-toutes-145-cliquet-toutes\/#breadcrumb"},"inLanguage":"fr-FR","potentialAction":[{"@type":"ReadAction","target":["https:\/\/sud.svmep.ch\/svmep\/remise-de-petition-toutes-145-cliquet-toutes\/"]}]},{"@type":"ImageObject","inLanguage":"fr-FR","@id":"https:\/\/sud.svmep.ch\/svmep\/remise-de-petition-toutes-145-cliquet-toutes\/#primaryimage","url":"https:\/\/sud.svmep.ch\/svmep\/wp-content\/uploads\/2024\/11\/vis-tampon.png","contentUrl":"https:\/\/sud.svmep.ch\/svmep\/wp-content\/uploads\/2024\/11\/vis-tampon.png","width":495,"height":495},{"@type":"BreadcrumbList","@id":"https:\/\/sud.svmep.ch\/svmep\/remise-de-petition-toutes-145-cliquet-toutes\/#breadcrumb","itemListElement":[{"@type":"ListItem","position":1,"name":"Accueil","item":"https:\/\/sud.svmep.ch\/svmep\/"},{"@type":"ListItem","position":2,"name":"Classification des MEP","item":"https:\/\/sud.svmep.ch\/svmep\/category\/classification-des-mep\/"},{"@type":"ListItem","position":3,"name":"Remise de la p\u00e9tition \u00ab\u00a0Cliquet pour toutes et tous !\u00a0\u00bb"}]},{"@type":"WebSite","@id":"https:\/\/sud.svmep.ch\/svmep\/#website","url":"https:\/\/sud.svmep.ch\/svmep\/","name":"Syndicat vaudois des ma\u00eetres.ses de l'enseignement professionnel","description":"","publisher":{"@id":"https:\/\/sud.svmep.ch\/svmep\/#organization"},"alternateName":"SVMEP","potentialAction":[{"@type":"SearchAction","target":{"@type":"EntryPoint","urlTemplate":"https:\/\/sud.svmep.ch\/svmep\/?s={search_term_string}"},"query-input":{"@type":"PropertyValueSpecification","valueRequired":true,"valueName":"search_term_string"}}],"inLanguage":"fr-FR"},{"@type":"Organization","@id":"https:\/\/sud.svmep.ch\/svmep\/#organization","name":"Syndicat vaudois des ma\u00eetres.ses de l'enseignement professionnel SVMEP","alternateName":"SVMEP","url":"https:\/\/sud.svmep.ch\/svmep\/","logo":{"@type":"ImageObject","inLanguage":"fr-FR","@id":"https:\/\/sud.svmep.ch\/svmep\/#\/schema\/logo\/image\/","url":"https:\/\/sud.svmep.ch\/svmep\/wp-content\/uploads\/2024\/09\/svmep150x260.jpg","contentUrl":"https:\/\/sud.svmep.ch\/svmep\/wp-content\/uploads\/2024\/09\/svmep150x260.jpg","width":226,"height":127,"caption":"Syndicat vaudois des ma\u00eetres.ses de l'enseignement professionnel SVMEP"},"image":{"@id":"https:\/\/sud.svmep.ch\/svmep\/#\/schema\/logo\/image\/"}},{"@type":"Person","@id":"https:\/\/sud.svmep.ch\/svmep\/#\/schema\/person\/c89c46f48a039b5e5bc4a8eeeab1aece","name":"svmep-webmaster","image":{"@type":"ImageObject","inLanguage":"fr-FR","@id":"https:\/\/secure.gravatar.com\/avatar\/75b5925b5ca4f3df48f6bb05f81ad13dab8238efffb28bf26c5f1682dff96ea6?s=96&d=mm&r=g","url":"https:\/\/secure.gravatar.com\/avatar\/75b5925b5ca4f3df48f6bb05f81ad13dab8238efffb28bf26c5f1682dff96ea6?s=96&d=mm&r=g","contentUrl":"https:\/\/secure.gravatar.com\/avatar\/75b5925b5ca4f3df48f6bb05f81ad13dab8238efffb28bf26c5f1682dff96ea6?s=96&d=mm&r=g","caption":"svmep-webmaster"}}]}},"_links":{"self":[{"href":"https:\/\/sud.svmep.ch\/svmep\/wp-json\/wp\/v2\/posts\/857","targetHints":{"allow":["GET"]}}],"collection":[{"href":"https:\/\/sud.svmep.ch\/svmep\/wp-json\/wp\/v2\/posts"}],"about":[{"href":"https:\/\/sud.svmep.ch\/svmep\/wp-json\/wp\/v2\/types\/post"}],"author":[{"embeddable":true,"href":"https:\/\/sud.svmep.ch\/svmep\/wp-json\/wp\/v2\/users\/4"}],"replies":[{"embeddable":true,"href":"https:\/\/sud.svmep.ch\/svmep\/wp-json\/wp\/v2\/comments?post=857"}],"version-history":[{"count":0,"href":"https:\/\/sud.svmep.ch\/svmep\/wp-json\/wp\/v2\/posts\/857\/revisions"}],"wp:featuredmedia":[{"embeddable":true,"href":"https:\/\/sud.svmep.ch\/svmep\/wp-json\/wp\/v2\/media\/1768"}],"wp:attachment":[{"href":"https:\/\/sud.svmep.ch\/svmep\/wp-json\/wp\/v2\/media?parent=857"}],"wp:term":[{"taxonomy":"category","embeddable":true,"href":"https:\/\/sud.svmep.ch\/svmep\/wp-json\/wp\/v2\/categories?post=857"},{"taxonomy":"post_tag","embeddable":true,"href":"https:\/\/sud.svmep.ch\/svmep\/wp-json\/wp\/v2\/tags?post=857"}],"curies":[{"name":"wp","href":"https:\/\/api.w.org\/{rel}","templated":true}]}}