{"id":863,"date":"2023-12-13T23:52:11","date_gmt":"2023-12-13T22:52:11","guid":{"rendered":"http:\/\/sud.svmep.ch\/?p=863"},"modified":"2024-12-08T10:46:38","modified_gmt":"2024-12-08T09:46:38","slug":"eracom-ecole-huis-clos-climat-de-peur","status":"publish","type":"post","link":"https:\/\/sud.svmep.ch\/svmep\/eracom-ecole-huis-clos-climat-de-peur\/","title":{"rendered":"Eracom : \u00e9cole en huis clos, climat de peur et grave laisser-faire du D\u00e9partement"},"content":{"rendered":"<div class=\"wp-block-post-date\"><time datetime=\"2023-12-13T23:52:11+01:00\">13 d\u00e9cembre 2023<\/time><\/div>\n\n<h5>L\u2019\u00c9cole romande d\u2019arts et communication (Eracom), qui forme des apprenti.e.s dans plus de dix m\u00e9tiers de l\u2019industrie graphique et des arts appliqu\u00e9s, subit depuis plus de dix ans une instabilit\u00e9 pratiquement continue, sur fond de changements de directions. Ses enseignant.e.s en appellent depuis longtemps au r\u00e9tablissement d\u2019une s\u00e9curit\u00e9 p\u00e9renne, ne se laissant pas abattre, renouvelant de courage pour se faire entendre et mener \u00e0 bien leur mission, confiant en la raison sociale de leurs actions. Mais ils se heurtent \u00e0 l\u2019inaction, \u00e0 l\u2019indiff\u00e9rence, voire au m\u00e9pris de la direction de l\u2019\u00c9cole ainsi qu\u2019\u00e0 un laisser-faire du D\u00e9partement de l\u2019enseignement et de la formation professionnelle (DEF). On assiste \u00e0 un processus de d\u00e9gradation des conditions de travail, lequel comporte quatre volets, et que nous d\u00e9crivons dans cette Gazette : d\u00e9r\u00e9gulation, d\u00e9responsabilisation, d\u00e9stabilisation, d\u00e9consid\u00e9ration.<\/h5>\n<p>Lisez la suite dans la <em>Gazette du SVMEP<\/em> de d\u00e9cembre 2023, \u00e0 t\u00e9l\u00e9charger ci-dessous.<\/p>\n\n\n<div class=\"wp-block-media-text has-media-on-the-right is-stacked-on-mobile\" style=\"grid-template-columns:auto 15%\"><div class=\"wp-block-media-text__content\">\n<p class=\"has-text-align-right\"><strong>La presse en parle :<\/strong><br><a href=\"https:\/\/www.rts.ch\/info\/regions\/vaud\/14566407-des-enseignants-de-leracom-denoncent-un-climat-de-travail-toxique.html\" target=\"_blank\" rel=\"noreferrer noopener\"><em>Des enseignants de l&rsquo;Eracom d\u00e9noncent un climat de travail toxique<\/em><\/a>, RTS Info<br><em><a href=\"https:\/\/www.24heures.ch\/conflit-a-lausanne-environnement-toxique-et-climat-de-peur-a-leracom-818811176729\" target=\"_blank\" rel=\"noreferrer noopener\">\u00abEnvironnement toxique et climat de peur\u00bb \u00e0 l\u2019Eracom<\/a><\/em>, 24 Heures<br><em><a href=\"https:\/\/www.20min.ch\/fr\/story\/profs-de-leracom-demunis-le-syndicat-denonce-un-laisser-faire-977999079836\" target=\"_blank\" rel=\"noreferrer noopener\">\u00abLes t\u00e9moignages s\u2019accumulent. Ce climat toxique doit cesser\u00bb<\/a><\/em>, 20 minutes<br><em><a href=\"https:\/\/latele.ch\/emissions\/info-vaud\/info-vaud-s-2023-e-245?s=1\" target=\"_blank\" rel=\"noreferrer noopener\">Des probl\u00e8mes de gouvernance \u00e0 l&rsquo;Eracom<\/a><\/em>, La T\u00e9l\u00e9<\/p>\n<\/div><figure class=\"wp-block-media-text__media\"><img loading=\"lazy\" decoding=\"async\" width=\"150\" height=\"150\" src=\"https:\/\/sud.svmep.ch\/svmep\/wp-content\/uploads\/2024\/09\/microphone_small-150x150.png\" alt=\"\" class=\"wp-image-1146 size-thumbnail\"\/><\/figure><\/div>\n\n\n\n<div data-wp-interactive=\"core\/file\" class=\"wp-block-file\"><object data-wp-bind--hidden=\"!state.hasPdfPreview\" hidden class=\"wp-block-file__embed\" data=\"https:\/\/sud.svmep.ch\/svmep\/wp-content\/uploads\/2023\/12\/Gazette_Eracom_2-1.pdf\" type=\"application\/pdf\" style=\"width:100%;height:600px\" aria-label=\"Contenu embarqu\u00e9 Gazette Eracom.\"><\/object><a id=\"wp-block-file--media-b6d958c7-eb6e-4e8b-a5e0-1dc85df0838a\" href=\"https:\/\/sud.svmep.ch\/svmep\/wp-content\/uploads\/2023\/12\/Gazette_Eracom_2-1.pdf\" target=\"_blank\" rel=\"noreferrer noopener\">Gazette Eracom<\/a><a href=\"https:\/\/sud.svmep.ch\/svmep\/wp-content\/uploads\/2023\/12\/Gazette_Eracom_2-1.pdf\" class=\"wp-block-file__button wp-element-button\" download aria-describedby=\"wp-block-file--media-b6d958c7-eb6e-4e8b-a5e0-1dc85df0838a\">T\u00e9l\u00e9charger<\/a><\/div>\n","protected":false},"excerpt":{"rendered":"<p>13 d\u00e9cembre 2023 L\u2019\u00c9cole romande d\u2019arts et communication (Eracom), qui forme des apprenti.e.s dans plus de dix m\u00e9tiers de l\u2019industrie graphique et des arts appliqu\u00e9s, subit depuis plus de dix [&hellip;]<\/p>\n","protected":false},"author":4,"featured_media":354,"comment_status":"closed","ping_status":"closed","sticky":false,"template":"","format":"standard","meta":{"footnotes":""},"categories":[21,4],"tags":[45,34],"class_list":["post-863","post","type-post","status-publish","format-standard","has-post-thumbnail","hentry","category-ecole-en-situation-de-crise","category-gazette-svmep","tag-enseignement","tag-eracom"],"yoast_head":"<!-- This site is optimized with the Yoast SEO plugin v27.4 - https:\/\/yoast.com\/product\/yoast-seo-wordpress\/ -->\n<title>Eracom : \u00e9cole en huis clos, climat de peur et grave laisser-faire du D\u00e9partement - svmep.ch<\/title>\n<meta name=\"description\" content=\"Les enseignants de l\u2019\u00c9cole romande d\u2019arts et communication (Eracom) appellent au r\u00e9tablissement d\u2019une s\u00e9curit\u00e9 p\u00e9renne dans leur travail.\" \/>\n<meta name=\"robots\" content=\"index, follow, max-snippet:-1, max-image-preview:large, max-video-preview:-1\" \/>\n<link rel=\"canonical\" href=\"https:\/\/sud.svmep.ch\/svmep\/eracom-ecole-huis-clos-climat-de-peur\/\" \/>\n<meta property=\"og:locale\" content=\"fr_FR\" \/>\n<meta property=\"og:type\" content=\"article\" \/>\n<meta property=\"og:title\" content=\"Eracom : \u00e9cole en huis clos, climat de peur et grave laisser-faire du D\u00e9partement - svmep.ch\" \/>\n<meta property=\"og:description\" content=\"Les enseignants de l\u2019\u00c9cole romande d\u2019arts et communication (Eracom) appellent au r\u00e9tablissement d\u2019une s\u00e9curit\u00e9 p\u00e9renne dans leur travail.\" \/>\n<meta property=\"og:url\" content=\"https:\/\/sud.svmep.ch\/svmep\/eracom-ecole-huis-clos-climat-de-peur\/\" \/>\n<meta property=\"og:site_name\" content=\"svmep.ch\" \/>\n<meta property=\"article:published_time\" content=\"2023-12-13T22:52:11+00:00\" \/>\n<meta property=\"article:modified_time\" content=\"2024-12-08T09:46:38+00:00\" \/>\n<meta property=\"og:image\" content=\"https:\/\/sud.svmep.ch\/svmep\/wp-content\/uploads\/2005\/09\/jpg_logo2.jpg\" \/>\n\t<meta property=\"og:image:width\" content=\"100\" \/>\n\t<meta property=\"og:image:height\" content=\"100\" \/>\n\t<meta property=\"og:image:type\" content=\"image\/jpeg\" \/>\n<meta name=\"author\" content=\"svmep-webmaster\" \/>\n<meta name=\"twitter:card\" content=\"summary_large_image\" \/>\n<script type=\"application\/ld+json\" class=\"yoast-schema-graph\">{\"@context\":\"https:\\\/\\\/schema.org\",\"@graph\":[{\"@type\":\"Article\",\"@id\":\"https:\\\/\\\/sud.svmep.ch\\\/svmep\\\/eracom-ecole-huis-clos-climat-de-peur\\\/#article\",\"isPartOf\":{\"@id\":\"https:\\\/\\\/sud.svmep.ch\\\/svmep\\\/eracom-ecole-huis-clos-climat-de-peur\\\/\"},\"author\":{\"name\":\"svmep-webmaster\",\"@id\":\"https:\\\/\\\/sud.svmep.ch\\\/svmep\\\/#\\\/schema\\\/person\\\/c89c46f48a039b5e5bc4a8eeeab1aece\"},\"headline\":\"Eracom : \u00e9cole en huis clos, climat de peur et grave laisser-faire du D\u00e9partement\",\"datePublished\":\"2023-12-13T22:52:11+00:00\",\"dateModified\":\"2024-12-08T09:46:38+00:00\",\"mainEntityOfPage\":{\"@id\":\"https:\\\/\\\/sud.svmep.ch\\\/svmep\\\/eracom-ecole-huis-clos-climat-de-peur\\\/\"},\"wordCount\":235,\"publisher\":{\"@id\":\"https:\\\/\\\/sud.svmep.ch\\\/svmep\\\/#organization\"},\"image\":{\"@id\":\"https:\\\/\\\/sud.svmep.ch\\\/svmep\\\/eracom-ecole-huis-clos-climat-de-peur\\\/#primaryimage\"},\"thumbnailUrl\":\"https:\\\/\\\/sud.svmep.ch\\\/svmep\\\/wp-content\\\/uploads\\\/2005\\\/09\\\/jpg_logo2.jpg\",\"keywords\":[\"enseignement\",\"eracom\"],\"articleSection\":[\"\u00c9coles en situation de crise\",\"Gazette SVMEP\"],\"inLanguage\":\"fr-FR\"},{\"@type\":\"WebPage\",\"@id\":\"https:\\\/\\\/sud.svmep.ch\\\/svmep\\\/eracom-ecole-huis-clos-climat-de-peur\\\/\",\"url\":\"https:\\\/\\\/sud.svmep.ch\\\/svmep\\\/eracom-ecole-huis-clos-climat-de-peur\\\/\",\"name\":\"Eracom : \u00e9cole en huis clos, climat de peur et grave laisser-faire du D\u00e9partement - svmep.ch\",\"isPartOf\":{\"@id\":\"https:\\\/\\\/sud.svmep.ch\\\/svmep\\\/#website\"},\"primaryImageOfPage\":{\"@id\":\"https:\\\/\\\/sud.svmep.ch\\\/svmep\\\/eracom-ecole-huis-clos-climat-de-peur\\\/#primaryimage\"},\"image\":{\"@id\":\"https:\\\/\\\/sud.svmep.ch\\\/svmep\\\/eracom-ecole-huis-clos-climat-de-peur\\\/#primaryimage\"},\"thumbnailUrl\":\"https:\\\/\\\/sud.svmep.ch\\\/svmep\\\/wp-content\\\/uploads\\\/2005\\\/09\\\/jpg_logo2.jpg\",\"datePublished\":\"2023-12-13T22:52:11+00:00\",\"dateModified\":\"2024-12-08T09:46:38+00:00\",\"description\":\"Les enseignants de l\u2019\u00c9cole romande d\u2019arts et communication (Eracom) appellent au r\u00e9tablissement d\u2019une s\u00e9curit\u00e9 p\u00e9renne dans leur travail.\",\"breadcrumb\":{\"@id\":\"https:\\\/\\\/sud.svmep.ch\\\/svmep\\\/eracom-ecole-huis-clos-climat-de-peur\\\/#breadcrumb\"},\"inLanguage\":\"fr-FR\",\"potentialAction\":[{\"@type\":\"ReadAction\",\"target\":[\"https:\\\/\\\/sud.svmep.ch\\\/svmep\\\/eracom-ecole-huis-clos-climat-de-peur\\\/\"]}]},{\"@type\":\"ImageObject\",\"inLanguage\":\"fr-FR\",\"@id\":\"https:\\\/\\\/sud.svmep.ch\\\/svmep\\\/eracom-ecole-huis-clos-climat-de-peur\\\/#primaryimage\",\"url\":\"https:\\\/\\\/sud.svmep.ch\\\/svmep\\\/wp-content\\\/uploads\\\/2005\\\/09\\\/jpg_logo2.jpg\",\"contentUrl\":\"https:\\\/\\\/sud.svmep.ch\\\/svmep\\\/wp-content\\\/uploads\\\/2005\\\/09\\\/jpg_logo2.jpg\",\"width\":100,\"height\":100},{\"@type\":\"BreadcrumbList\",\"@id\":\"https:\\\/\\\/sud.svmep.ch\\\/svmep\\\/eracom-ecole-huis-clos-climat-de-peur\\\/#breadcrumb\",\"itemListElement\":[{\"@type\":\"ListItem\",\"position\":1,\"name\":\"Accueil\",\"item\":\"https:\\\/\\\/sud.svmep.ch\\\/svmep\\\/\"},{\"@type\":\"ListItem\",\"position\":2,\"name\":\"Gazette SVMEP\",\"item\":\"https:\\\/\\\/sud.svmep.ch\\\/svmep\\\/category\\\/gazette-svmep\\\/\"},{\"@type\":\"ListItem\",\"position\":3,\"name\":\"Eracom : \u00e9cole en huis clos, climat de peur et grave laisser-faire du D\u00e9partement\"}]},{\"@type\":\"WebSite\",\"@id\":\"https:\\\/\\\/sud.svmep.ch\\\/svmep\\\/#website\",\"url\":\"https:\\\/\\\/sud.svmep.ch\\\/svmep\\\/\",\"name\":\"Syndicat vaudois des ma\u00eetres.ses de l'enseignement professionnel\",\"description\":\"\",\"publisher\":{\"@id\":\"https:\\\/\\\/sud.svmep.ch\\\/svmep\\\/#organization\"},\"alternateName\":\"SVMEP\",\"potentialAction\":[{\"@type\":\"SearchAction\",\"target\":{\"@type\":\"EntryPoint\",\"urlTemplate\":\"https:\\\/\\\/sud.svmep.ch\\\/svmep\\\/?s={search_term_string}\"},\"query-input\":{\"@type\":\"PropertyValueSpecification\",\"valueRequired\":true,\"valueName\":\"search_term_string\"}}],\"inLanguage\":\"fr-FR\"},{\"@type\":\"Organization\",\"@id\":\"https:\\\/\\\/sud.svmep.ch\\\/svmep\\\/#organization\",\"name\":\"Syndicat vaudois des ma\u00eetres.ses de l'enseignement professionnel SVMEP\",\"alternateName\":\"SVMEP\",\"url\":\"https:\\\/\\\/sud.svmep.ch\\\/svmep\\\/\",\"logo\":{\"@type\":\"ImageObject\",\"inLanguage\":\"fr-FR\",\"@id\":\"https:\\\/\\\/sud.svmep.ch\\\/svmep\\\/#\\\/schema\\\/logo\\\/image\\\/\",\"url\":\"https:\\\/\\\/sud.svmep.ch\\\/svmep\\\/wp-content\\\/uploads\\\/2024\\\/09\\\/svmep150x260.jpg\",\"contentUrl\":\"https:\\\/\\\/sud.svmep.ch\\\/svmep\\\/wp-content\\\/uploads\\\/2024\\\/09\\\/svmep150x260.jpg\",\"width\":226,\"height\":127,\"caption\":\"Syndicat vaudois des ma\u00eetres.ses de l'enseignement professionnel SVMEP\"},\"image\":{\"@id\":\"https:\\\/\\\/sud.svmep.ch\\\/svmep\\\/#\\\/schema\\\/logo\\\/image\\\/\"}},{\"@type\":\"Person\",\"@id\":\"https:\\\/\\\/sud.svmep.ch\\\/svmep\\\/#\\\/schema\\\/person\\\/c89c46f48a039b5e5bc4a8eeeab1aece\",\"name\":\"svmep-webmaster\",\"image\":{\"@type\":\"ImageObject\",\"inLanguage\":\"fr-FR\",\"@id\":\"https:\\\/\\\/secure.gravatar.com\\\/avatar\\\/75b5925b5ca4f3df48f6bb05f81ad13dab8238efffb28bf26c5f1682dff96ea6?s=96&d=mm&r=g\",\"url\":\"https:\\\/\\\/secure.gravatar.com\\\/avatar\\\/75b5925b5ca4f3df48f6bb05f81ad13dab8238efffb28bf26c5f1682dff96ea6?s=96&d=mm&r=g\",\"contentUrl\":\"https:\\\/\\\/secure.gravatar.com\\\/avatar\\\/75b5925b5ca4f3df48f6bb05f81ad13dab8238efffb28bf26c5f1682dff96ea6?s=96&d=mm&r=g\",\"caption\":\"svmep-webmaster\"}}]}<\/script>\n<!-- \/ Yoast SEO plugin. -->","yoast_head_json":{"title":"Eracom : \u00e9cole en huis clos, climat de peur et grave laisser-faire du D\u00e9partement - svmep.ch","description":"Les enseignants de l\u2019\u00c9cole romande d\u2019arts et communication (Eracom) appellent au r\u00e9tablissement d\u2019une s\u00e9curit\u00e9 p\u00e9renne dans leur travail.","robots":{"index":"index","follow":"follow","max-snippet":"max-snippet:-1","max-image-preview":"max-image-preview:large","max-video-preview":"max-video-preview:-1"},"canonical":"https:\/\/sud.svmep.ch\/svmep\/eracom-ecole-huis-clos-climat-de-peur\/","og_locale":"fr_FR","og_type":"article","og_title":"Eracom : \u00e9cole en huis clos, climat de peur et grave laisser-faire du D\u00e9partement - svmep.ch","og_description":"Les enseignants de l\u2019\u00c9cole romande d\u2019arts et communication (Eracom) appellent au r\u00e9tablissement d\u2019une s\u00e9curit\u00e9 p\u00e9renne dans leur travail.","og_url":"https:\/\/sud.svmep.ch\/svmep\/eracom-ecole-huis-clos-climat-de-peur\/","og_site_name":"svmep.ch","article_published_time":"2023-12-13T22:52:11+00:00","article_modified_time":"2024-12-08T09:46:38+00:00","og_image":[{"width":100,"height":100,"url":"https:\/\/sud.svmep.ch\/svmep\/wp-content\/uploads\/2005\/09\/jpg_logo2.jpg","type":"image\/jpeg"}],"author":"svmep-webmaster","twitter_card":"summary_large_image","schema":{"@context":"https:\/\/schema.org","@graph":[{"@type":"Article","@id":"https:\/\/sud.svmep.ch\/svmep\/eracom-ecole-huis-clos-climat-de-peur\/#article","isPartOf":{"@id":"https:\/\/sud.svmep.ch\/svmep\/eracom-ecole-huis-clos-climat-de-peur\/"},"author":{"name":"svmep-webmaster","@id":"https:\/\/sud.svmep.ch\/svmep\/#\/schema\/person\/c89c46f48a039b5e5bc4a8eeeab1aece"},"headline":"Eracom : \u00e9cole en huis clos, climat de peur et grave laisser-faire du D\u00e9partement","datePublished":"2023-12-13T22:52:11+00:00","dateModified":"2024-12-08T09:46:38+00:00","mainEntityOfPage":{"@id":"https:\/\/sud.svmep.ch\/svmep\/eracom-ecole-huis-clos-climat-de-peur\/"},"wordCount":235,"publisher":{"@id":"https:\/\/sud.svmep.ch\/svmep\/#organization"},"image":{"@id":"https:\/\/sud.svmep.ch\/svmep\/eracom-ecole-huis-clos-climat-de-peur\/#primaryimage"},"thumbnailUrl":"https:\/\/sud.svmep.ch\/svmep\/wp-content\/uploads\/2005\/09\/jpg_logo2.jpg","keywords":["enseignement","eracom"],"articleSection":["\u00c9coles en situation de crise","Gazette SVMEP"],"inLanguage":"fr-FR"},{"@type":"WebPage","@id":"https:\/\/sud.svmep.ch\/svmep\/eracom-ecole-huis-clos-climat-de-peur\/","url":"https:\/\/sud.svmep.ch\/svmep\/eracom-ecole-huis-clos-climat-de-peur\/","name":"Eracom : \u00e9cole en huis clos, climat de peur et grave laisser-faire du D\u00e9partement - svmep.ch","isPartOf":{"@id":"https:\/\/sud.svmep.ch\/svmep\/#website"},"primaryImageOfPage":{"@id":"https:\/\/sud.svmep.ch\/svmep\/eracom-ecole-huis-clos-climat-de-peur\/#primaryimage"},"image":{"@id":"https:\/\/sud.svmep.ch\/svmep\/eracom-ecole-huis-clos-climat-de-peur\/#primaryimage"},"thumbnailUrl":"https:\/\/sud.svmep.ch\/svmep\/wp-content\/uploads\/2005\/09\/jpg_logo2.jpg","datePublished":"2023-12-13T22:52:11+00:00","dateModified":"2024-12-08T09:46:38+00:00","description":"Les enseignants de l\u2019\u00c9cole romande d\u2019arts et communication (Eracom) appellent au r\u00e9tablissement d\u2019une s\u00e9curit\u00e9 p\u00e9renne dans leur travail.","breadcrumb":{"@id":"https:\/\/sud.svmep.ch\/svmep\/eracom-ecole-huis-clos-climat-de-peur\/#breadcrumb"},"inLanguage":"fr-FR","potentialAction":[{"@type":"ReadAction","target":["https:\/\/sud.svmep.ch\/svmep\/eracom-ecole-huis-clos-climat-de-peur\/"]}]},{"@type":"ImageObject","inLanguage":"fr-FR","@id":"https:\/\/sud.svmep.ch\/svmep\/eracom-ecole-huis-clos-climat-de-peur\/#primaryimage","url":"https:\/\/sud.svmep.ch\/svmep\/wp-content\/uploads\/2005\/09\/jpg_logo2.jpg","contentUrl":"https:\/\/sud.svmep.ch\/svmep\/wp-content\/uploads\/2005\/09\/jpg_logo2.jpg","width":100,"height":100},{"@type":"BreadcrumbList","@id":"https:\/\/sud.svmep.ch\/svmep\/eracom-ecole-huis-clos-climat-de-peur\/#breadcrumb","itemListElement":[{"@type":"ListItem","position":1,"name":"Accueil","item":"https:\/\/sud.svmep.ch\/svmep\/"},{"@type":"ListItem","position":2,"name":"Gazette SVMEP","item":"https:\/\/sud.svmep.ch\/svmep\/category\/gazette-svmep\/"},{"@type":"ListItem","position":3,"name":"Eracom : \u00e9cole en huis clos, climat de peur et grave laisser-faire du D\u00e9partement"}]},{"@type":"WebSite","@id":"https:\/\/sud.svmep.ch\/svmep\/#website","url":"https:\/\/sud.svmep.ch\/svmep\/","name":"Syndicat vaudois des ma\u00eetres.ses de l'enseignement professionnel","description":"","publisher":{"@id":"https:\/\/sud.svmep.ch\/svmep\/#organization"},"alternateName":"SVMEP","potentialAction":[{"@type":"SearchAction","target":{"@type":"EntryPoint","urlTemplate":"https:\/\/sud.svmep.ch\/svmep\/?s={search_term_string}"},"query-input":{"@type":"PropertyValueSpecification","valueRequired":true,"valueName":"search_term_string"}}],"inLanguage":"fr-FR"},{"@type":"Organization","@id":"https:\/\/sud.svmep.ch\/svmep\/#organization","name":"Syndicat vaudois des ma\u00eetres.ses de l'enseignement professionnel SVMEP","alternateName":"SVMEP","url":"https:\/\/sud.svmep.ch\/svmep\/","logo":{"@type":"ImageObject","inLanguage":"fr-FR","@id":"https:\/\/sud.svmep.ch\/svmep\/#\/schema\/logo\/image\/","url":"https:\/\/sud.svmep.ch\/svmep\/wp-content\/uploads\/2024\/09\/svmep150x260.jpg","contentUrl":"https:\/\/sud.svmep.ch\/svmep\/wp-content\/uploads\/2024\/09\/svmep150x260.jpg","width":226,"height":127,"caption":"Syndicat vaudois des ma\u00eetres.ses de l'enseignement professionnel SVMEP"},"image":{"@id":"https:\/\/sud.svmep.ch\/svmep\/#\/schema\/logo\/image\/"}},{"@type":"Person","@id":"https:\/\/sud.svmep.ch\/svmep\/#\/schema\/person\/c89c46f48a039b5e5bc4a8eeeab1aece","name":"svmep-webmaster","image":{"@type":"ImageObject","inLanguage":"fr-FR","@id":"https:\/\/secure.gravatar.com\/avatar\/75b5925b5ca4f3df48f6bb05f81ad13dab8238efffb28bf26c5f1682dff96ea6?s=96&d=mm&r=g","url":"https:\/\/secure.gravatar.com\/avatar\/75b5925b5ca4f3df48f6bb05f81ad13dab8238efffb28bf26c5f1682dff96ea6?s=96&d=mm&r=g","contentUrl":"https:\/\/secure.gravatar.com\/avatar\/75b5925b5ca4f3df48f6bb05f81ad13dab8238efffb28bf26c5f1682dff96ea6?s=96&d=mm&r=g","caption":"svmep-webmaster"}}]}},"_links":{"self":[{"href":"https:\/\/sud.svmep.ch\/svmep\/wp-json\/wp\/v2\/posts\/863","targetHints":{"allow":["GET"]}}],"collection":[{"href":"https:\/\/sud.svmep.ch\/svmep\/wp-json\/wp\/v2\/posts"}],"about":[{"href":"https:\/\/sud.svmep.ch\/svmep\/wp-json\/wp\/v2\/types\/post"}],"author":[{"embeddable":true,"href":"https:\/\/sud.svmep.ch\/svmep\/wp-json\/wp\/v2\/users\/4"}],"replies":[{"embeddable":true,"href":"https:\/\/sud.svmep.ch\/svmep\/wp-json\/wp\/v2\/comments?post=863"}],"version-history":[{"count":0,"href":"https:\/\/sud.svmep.ch\/svmep\/wp-json\/wp\/v2\/posts\/863\/revisions"}],"wp:featuredmedia":[{"embeddable":true,"href":"https:\/\/sud.svmep.ch\/svmep\/wp-json\/wp\/v2\/media\/354"}],"wp:attachment":[{"href":"https:\/\/sud.svmep.ch\/svmep\/wp-json\/wp\/v2\/media?parent=863"}],"wp:term":[{"taxonomy":"category","embeddable":true,"href":"https:\/\/sud.svmep.ch\/svmep\/wp-json\/wp\/v2\/categories?post=863"},{"taxonomy":"post_tag","embeddable":true,"href":"https:\/\/sud.svmep.ch\/svmep\/wp-json\/wp\/v2\/tags?post=863"}],"curies":[{"name":"wp","href":"https:\/\/api.w.org\/{rel}","templated":true}]}}