{"id":913,"date":"2010-03-01T10:48:00","date_gmt":"2010-03-01T09:48:00","guid":{"rendered":"http:\/\/sud.svmep.ch\/?p=913"},"modified":"2024-10-14T14:37:39","modified_gmt":"2024-10-14T13:37:39","slug":"pre-position-sur-lenseignement-professionnel","status":"publish","type":"post","link":"https:\/\/sud.svmep.ch\/svmep\/pre-position-sur-lenseignement-professionnel\/","title":{"rendered":"Pr\u00e9-position sur l&rsquo;enseignement professionnel"},"content":{"rendered":"<div class=\"wp-block-post-date\"><time datetime=\"2010-03-01T10:48:00+01:00\">1 mars 2010<\/time><\/div>\n\n\n<h5>Le SVMEP publie une r\u00e9flexion de fond sur l&rsquo;enseignement professionnel, \u00e0 t\u00e9l\u00e9charger ci-dessous. Ce texte est un document en d\u00e9bat, que nous soumettons \u00e0 nos membres.<\/h5>\n\n\n\n<blockquote class=\"wp-block-quote is-layout-flow wp-block-quote-is-layout-flow\">\n<p>L&rsquo;enseignement professionnel continue d&rsquo;\u00eatre la voie majoritaire pour la scolarit\u00e9 post-obligatoire. Il faut donc souligner le caract\u00e8re tr\u00e8s particulier de l&rsquo;entr\u00e9e dans cet ordre d&rsquo;enseignement. En effet, pour suivre un enseignement public professionnel (apprentissage) il faut d&rsquo;abord trouver une entreprise formatrice. En d&rsquo;autres termes, c&rsquo;est le march\u00e9 du travail qui sanctionne souverainement la possibilit\u00e9 ou l&rsquo;impossibilit\u00e9 d&rsquo;acc\u00e9der \u00e0 un enseignement public. Pour les autres jeunes gens, qui suivent une formation gymnasiale ou dans une \u00e9cole de degr\u00e9 dipl\u00f4me, la question ne se pose pas ainsi. Il y a un droit d&rsquo;acc\u00e8s \u00e0 l&rsquo;enseignement.<\/p>\n<\/blockquote>\n\n\n\n<div data-wp-interactive=\"core\/file\" class=\"wp-block-file\"><object data-wp-bind--hidden=\"!state.hasPdfPreview\" hidden class=\"wp-block-file__embed\" data=\"https:\/\/sud.svmep.ch\/svmep\/wp-content\/uploads\/2024\/02\/2010-03_Enseignement_professionnel.pdf\" type=\"application\/pdf\" style=\"width:100%;height:600px\" aria-label=\"Contenu embarqu\u00e9 Pr\u00e9-position sur l&#039;enseignement professionnel.\"><\/object><a id=\"wp-block-file--media-2cde7334-54b5-44f7-a27a-555647403494\" href=\"https:\/\/sud.svmep.ch\/svmep\/wp-content\/uploads\/2024\/02\/2010-03_Enseignement_professionnel.pdf\" target=\"_blank\" rel=\"noreferrer noopener\">Pr\u00e9-position sur l&rsquo;enseignement professionnel<\/a><a href=\"https:\/\/sud.svmep.ch\/svmep\/wp-content\/uploads\/2024\/02\/2010-03_Enseignement_professionnel.pdf\" class=\"wp-block-file__button wp-element-button\" download aria-describedby=\"wp-block-file--media-2cde7334-54b5-44f7-a27a-555647403494\">T\u00e9l\u00e9charger<\/a><\/div>\n\n\n\t<div id=\"respond\" class=\"comment-respond wp-block-post-comments-form\">\n\t\t<h3 id=\"reply-title\" class=\"comment-reply-title\">Laisser un commentaire<\/h3><form action=\"https:\/\/sud.svmep.ch\/svmep\/wp-comments-post.php\" method=\"post\" id=\"commentform\" class=\"comment-form\"><p class=\"comment-form-comment\"><label class=\"hide\" for=\"comment\">Commentaire <span class=\"required\">*<\/span><\/label> <textarea tabindex=\"4\" id=\"comment\" name=\"comment\" cols=\"50\" rows=\"10\" maxlength=\"65525\" required=\"required\"><\/textarea><\/p><p class=\"comment-form-author\"><input id=\"author\" name=\"author\" type=\"text\" class=\"txt\" tabindex=\"1\" value=\"\" size=\"30\" aria-required='true' \/><label for=\"author\">Name <span class=\"required\">(required)<\/span><\/label> <\/p>\n<p class=\"comment-form-email\"><input id=\"email\" name=\"email\" type=\"text\" class=\"txt\" tabindex=\"2\" value=\"\" size=\"30\" aria-required='true' \/><label for=\"email\">Email (will not be published) <span class=\"required\">(required)<\/span><\/label> <\/p>\n<p class=\"comment-form-url\"><input id=\"url\" name=\"url\" type=\"text\" class=\"txt\" tabindex=\"3\" value=\"\" size=\"30\" \/><label for=\"url\">Website<\/label><\/p>\n<p class=\"form-submit\"><input name=\"submit\" type=\"submit\" id=\"submit\" class=\"submit\" value=\"Submit Comment\" \/> <input type='hidden' name='comment_post_ID' value='913' id='comment_post_ID' \/>\n<input type='hidden' name='comment_parent' id='comment_parent' value='0' \/>\n<\/p><\/form>\t<\/div><!-- #respond -->\n\t","protected":false},"excerpt":{"rendered":"<p>1 mars 2010 Le SVMEP publie une r\u00e9flexion de fond sur l&rsquo;enseignement professionnel, \u00e0 t\u00e9l\u00e9charger ci-dessous. Ce texte est un document en d\u00e9bat, que nous soumettons \u00e0 nos membres. L&rsquo;enseignement [&hellip;]<\/p>\n","protected":false},"author":4,"featured_media":354,"comment_status":"open","ping_status":"closed","sticky":false,"template":"","format":"standard","meta":{"footnotes":""},"categories":[4,40],"tags":[29,45],"class_list":["post-913","post","type-post","status-publish","format-standard","has-post-thumbnail","hentry","category-gazette-svmep","category-positions-sur-lecole-publique-et-la-formation-professionnelle","tag-apprenti-e-s","tag-enseignement"],"yoast_head":"<!-- This site is optimized with the Yoast SEO plugin v27.4 - https:\/\/yoast.com\/product\/yoast-seo-wordpress\/ -->\n<title>Pr\u00e9-position sur l&#039;enseignement professionnel - svmep.ch<\/title>\n<meta name=\"robots\" content=\"index, follow, max-snippet:-1, max-image-preview:large, max-video-preview:-1\" \/>\n<link rel=\"canonical\" href=\"https:\/\/sud.svmep.ch\/svmep\/pre-position-sur-lenseignement-professionnel\/\" \/>\n<meta property=\"og:locale\" content=\"fr_FR\" \/>\n<meta property=\"og:type\" content=\"article\" \/>\n<meta property=\"og:title\" content=\"Pr\u00e9-position sur l&#039;enseignement professionnel - svmep.ch\" \/>\n<meta property=\"og:description\" content=\"1 mars 2010 Le SVMEP publie une r\u00e9flexion de fond sur l&rsquo;enseignement professionnel, \u00e0 t\u00e9l\u00e9charger ci-dessous. Ce texte est un document en d\u00e9bat, que nous soumettons \u00e0 nos membres. L&rsquo;enseignement [&hellip;]\" \/>\n<meta property=\"og:url\" content=\"https:\/\/sud.svmep.ch\/svmep\/pre-position-sur-lenseignement-professionnel\/\" \/>\n<meta property=\"og:site_name\" content=\"svmep.ch\" \/>\n<meta property=\"article:published_time\" content=\"2010-03-01T09:48:00+00:00\" \/>\n<meta property=\"article:modified_time\" content=\"2024-10-14T13:37:39+00:00\" \/>\n<meta property=\"og:image\" content=\"https:\/\/sud.svmep.ch\/svmep\/wp-content\/uploads\/2005\/09\/jpg_logo2.jpg\" \/>\n\t<meta property=\"og:image:width\" content=\"100\" \/>\n\t<meta property=\"og:image:height\" content=\"100\" \/>\n\t<meta property=\"og:image:type\" content=\"image\/jpeg\" \/>\n<meta name=\"author\" content=\"svmep-webmaster\" \/>\n<meta name=\"twitter:card\" content=\"summary_large_image\" \/>\n<script type=\"application\/ld+json\" class=\"yoast-schema-graph\">{\"@context\":\"https:\\\/\\\/schema.org\",\"@graph\":[{\"@type\":\"Article\",\"@id\":\"https:\\\/\\\/sud.svmep.ch\\\/svmep\\\/pre-position-sur-lenseignement-professionnel\\\/#article\",\"isPartOf\":{\"@id\":\"https:\\\/\\\/sud.svmep.ch\\\/svmep\\\/pre-position-sur-lenseignement-professionnel\\\/\"},\"author\":{\"name\":\"svmep-webmaster\",\"@id\":\"https:\\\/\\\/sud.svmep.ch\\\/svmep\\\/#\\\/schema\\\/person\\\/c89c46f48a039b5e5bc4a8eeeab1aece\"},\"headline\":\"Pr\u00e9-position sur l&rsquo;enseignement professionnel\",\"datePublished\":\"2010-03-01T09:48:00+00:00\",\"dateModified\":\"2024-10-14T13:37:39+00:00\",\"mainEntityOfPage\":{\"@id\":\"https:\\\/\\\/sud.svmep.ch\\\/svmep\\\/pre-position-sur-lenseignement-professionnel\\\/\"},\"wordCount\":139,\"commentCount\":0,\"publisher\":{\"@id\":\"https:\\\/\\\/sud.svmep.ch\\\/svmep\\\/#organization\"},\"image\":{\"@id\":\"https:\\\/\\\/sud.svmep.ch\\\/svmep\\\/pre-position-sur-lenseignement-professionnel\\\/#primaryimage\"},\"thumbnailUrl\":\"https:\\\/\\\/sud.svmep.ch\\\/svmep\\\/wp-content\\\/uploads\\\/2005\\\/09\\\/jpg_logo2.jpg\",\"keywords\":[\"apprenti.e.s\",\"enseignement\"],\"articleSection\":[\"Gazette SVMEP\",\"Positions sur l'\u00e9cole publique et la formation professionnelle\"],\"inLanguage\":\"fr-FR\",\"potentialAction\":[{\"@type\":\"CommentAction\",\"name\":\"Comment\",\"target\":[\"https:\\\/\\\/sud.svmep.ch\\\/svmep\\\/pre-position-sur-lenseignement-professionnel\\\/#respond\"]}]},{\"@type\":\"WebPage\",\"@id\":\"https:\\\/\\\/sud.svmep.ch\\\/svmep\\\/pre-position-sur-lenseignement-professionnel\\\/\",\"url\":\"https:\\\/\\\/sud.svmep.ch\\\/svmep\\\/pre-position-sur-lenseignement-professionnel\\\/\",\"name\":\"Pr\u00e9-position sur l'enseignement professionnel - svmep.ch\",\"isPartOf\":{\"@id\":\"https:\\\/\\\/sud.svmep.ch\\\/svmep\\\/#website\"},\"primaryImageOfPage\":{\"@id\":\"https:\\\/\\\/sud.svmep.ch\\\/svmep\\\/pre-position-sur-lenseignement-professionnel\\\/#primaryimage\"},\"image\":{\"@id\":\"https:\\\/\\\/sud.svmep.ch\\\/svmep\\\/pre-position-sur-lenseignement-professionnel\\\/#primaryimage\"},\"thumbnailUrl\":\"https:\\\/\\\/sud.svmep.ch\\\/svmep\\\/wp-content\\\/uploads\\\/2005\\\/09\\\/jpg_logo2.jpg\",\"datePublished\":\"2010-03-01T09:48:00+00:00\",\"dateModified\":\"2024-10-14T13:37:39+00:00\",\"breadcrumb\":{\"@id\":\"https:\\\/\\\/sud.svmep.ch\\\/svmep\\\/pre-position-sur-lenseignement-professionnel\\\/#breadcrumb\"},\"inLanguage\":\"fr-FR\",\"potentialAction\":[{\"@type\":\"ReadAction\",\"target\":[\"https:\\\/\\\/sud.svmep.ch\\\/svmep\\\/pre-position-sur-lenseignement-professionnel\\\/\"]}]},{\"@type\":\"ImageObject\",\"inLanguage\":\"fr-FR\",\"@id\":\"https:\\\/\\\/sud.svmep.ch\\\/svmep\\\/pre-position-sur-lenseignement-professionnel\\\/#primaryimage\",\"url\":\"https:\\\/\\\/sud.svmep.ch\\\/svmep\\\/wp-content\\\/uploads\\\/2005\\\/09\\\/jpg_logo2.jpg\",\"contentUrl\":\"https:\\\/\\\/sud.svmep.ch\\\/svmep\\\/wp-content\\\/uploads\\\/2005\\\/09\\\/jpg_logo2.jpg\",\"width\":100,\"height\":100},{\"@type\":\"BreadcrumbList\",\"@id\":\"https:\\\/\\\/sud.svmep.ch\\\/svmep\\\/pre-position-sur-lenseignement-professionnel\\\/#breadcrumb\",\"itemListElement\":[{\"@type\":\"ListItem\",\"position\":1,\"name\":\"Accueil\",\"item\":\"https:\\\/\\\/sud.svmep.ch\\\/svmep\\\/\"},{\"@type\":\"ListItem\",\"position\":2,\"name\":\"Gazette SVMEP\",\"item\":\"https:\\\/\\\/sud.svmep.ch\\\/svmep\\\/category\\\/gazette-svmep\\\/\"},{\"@type\":\"ListItem\",\"position\":3,\"name\":\"Pr\u00e9-position sur l&rsquo;enseignement professionnel\"}]},{\"@type\":\"WebSite\",\"@id\":\"https:\\\/\\\/sud.svmep.ch\\\/svmep\\\/#website\",\"url\":\"https:\\\/\\\/sud.svmep.ch\\\/svmep\\\/\",\"name\":\"Syndicat vaudois des ma\u00eetres.ses de l'enseignement professionnel\",\"description\":\"\",\"publisher\":{\"@id\":\"https:\\\/\\\/sud.svmep.ch\\\/svmep\\\/#organization\"},\"alternateName\":\"SVMEP\",\"potentialAction\":[{\"@type\":\"SearchAction\",\"target\":{\"@type\":\"EntryPoint\",\"urlTemplate\":\"https:\\\/\\\/sud.svmep.ch\\\/svmep\\\/?s={search_term_string}\"},\"query-input\":{\"@type\":\"PropertyValueSpecification\",\"valueRequired\":true,\"valueName\":\"search_term_string\"}}],\"inLanguage\":\"fr-FR\"},{\"@type\":\"Organization\",\"@id\":\"https:\\\/\\\/sud.svmep.ch\\\/svmep\\\/#organization\",\"name\":\"Syndicat vaudois des ma\u00eetres.ses de l'enseignement professionnel SVMEP\",\"alternateName\":\"SVMEP\",\"url\":\"https:\\\/\\\/sud.svmep.ch\\\/svmep\\\/\",\"logo\":{\"@type\":\"ImageObject\",\"inLanguage\":\"fr-FR\",\"@id\":\"https:\\\/\\\/sud.svmep.ch\\\/svmep\\\/#\\\/schema\\\/logo\\\/image\\\/\",\"url\":\"https:\\\/\\\/sud.svmep.ch\\\/svmep\\\/wp-content\\\/uploads\\\/2024\\\/09\\\/svmep150x260.jpg\",\"contentUrl\":\"https:\\\/\\\/sud.svmep.ch\\\/svmep\\\/wp-content\\\/uploads\\\/2024\\\/09\\\/svmep150x260.jpg\",\"width\":226,\"height\":127,\"caption\":\"Syndicat vaudois des ma\u00eetres.ses de l'enseignement professionnel SVMEP\"},\"image\":{\"@id\":\"https:\\\/\\\/sud.svmep.ch\\\/svmep\\\/#\\\/schema\\\/logo\\\/image\\\/\"}},{\"@type\":\"Person\",\"@id\":\"https:\\\/\\\/sud.svmep.ch\\\/svmep\\\/#\\\/schema\\\/person\\\/c89c46f48a039b5e5bc4a8eeeab1aece\",\"name\":\"svmep-webmaster\",\"image\":{\"@type\":\"ImageObject\",\"inLanguage\":\"fr-FR\",\"@id\":\"https:\\\/\\\/secure.gravatar.com\\\/avatar\\\/75b5925b5ca4f3df48f6bb05f81ad13dab8238efffb28bf26c5f1682dff96ea6?s=96&d=mm&r=g\",\"url\":\"https:\\\/\\\/secure.gravatar.com\\\/avatar\\\/75b5925b5ca4f3df48f6bb05f81ad13dab8238efffb28bf26c5f1682dff96ea6?s=96&d=mm&r=g\",\"contentUrl\":\"https:\\\/\\\/secure.gravatar.com\\\/avatar\\\/75b5925b5ca4f3df48f6bb05f81ad13dab8238efffb28bf26c5f1682dff96ea6?s=96&d=mm&r=g\",\"caption\":\"svmep-webmaster\"}}]}<\/script>\n<!-- \/ Yoast SEO plugin. -->","yoast_head_json":{"title":"Pr\u00e9-position sur l'enseignement professionnel - svmep.ch","robots":{"index":"index","follow":"follow","max-snippet":"max-snippet:-1","max-image-preview":"max-image-preview:large","max-video-preview":"max-video-preview:-1"},"canonical":"https:\/\/sud.svmep.ch\/svmep\/pre-position-sur-lenseignement-professionnel\/","og_locale":"fr_FR","og_type":"article","og_title":"Pr\u00e9-position sur l'enseignement professionnel - svmep.ch","og_description":"1 mars 2010 Le SVMEP publie une r\u00e9flexion de fond sur l&rsquo;enseignement professionnel, \u00e0 t\u00e9l\u00e9charger ci-dessous. Ce texte est un document en d\u00e9bat, que nous soumettons \u00e0 nos membres. L&rsquo;enseignement [&hellip;]","og_url":"https:\/\/sud.svmep.ch\/svmep\/pre-position-sur-lenseignement-professionnel\/","og_site_name":"svmep.ch","article_published_time":"2010-03-01T09:48:00+00:00","article_modified_time":"2024-10-14T13:37:39+00:00","og_image":[{"width":100,"height":100,"url":"https:\/\/sud.svmep.ch\/svmep\/wp-content\/uploads\/2005\/09\/jpg_logo2.jpg","type":"image\/jpeg"}],"author":"svmep-webmaster","twitter_card":"summary_large_image","schema":{"@context":"https:\/\/schema.org","@graph":[{"@type":"Article","@id":"https:\/\/sud.svmep.ch\/svmep\/pre-position-sur-lenseignement-professionnel\/#article","isPartOf":{"@id":"https:\/\/sud.svmep.ch\/svmep\/pre-position-sur-lenseignement-professionnel\/"},"author":{"name":"svmep-webmaster","@id":"https:\/\/sud.svmep.ch\/svmep\/#\/schema\/person\/c89c46f48a039b5e5bc4a8eeeab1aece"},"headline":"Pr\u00e9-position sur l&rsquo;enseignement professionnel","datePublished":"2010-03-01T09:48:00+00:00","dateModified":"2024-10-14T13:37:39+00:00","mainEntityOfPage":{"@id":"https:\/\/sud.svmep.ch\/svmep\/pre-position-sur-lenseignement-professionnel\/"},"wordCount":139,"commentCount":0,"publisher":{"@id":"https:\/\/sud.svmep.ch\/svmep\/#organization"},"image":{"@id":"https:\/\/sud.svmep.ch\/svmep\/pre-position-sur-lenseignement-professionnel\/#primaryimage"},"thumbnailUrl":"https:\/\/sud.svmep.ch\/svmep\/wp-content\/uploads\/2005\/09\/jpg_logo2.jpg","keywords":["apprenti.e.s","enseignement"],"articleSection":["Gazette SVMEP","Positions sur l'\u00e9cole publique et la formation professionnelle"],"inLanguage":"fr-FR","potentialAction":[{"@type":"CommentAction","name":"Comment","target":["https:\/\/sud.svmep.ch\/svmep\/pre-position-sur-lenseignement-professionnel\/#respond"]}]},{"@type":"WebPage","@id":"https:\/\/sud.svmep.ch\/svmep\/pre-position-sur-lenseignement-professionnel\/","url":"https:\/\/sud.svmep.ch\/svmep\/pre-position-sur-lenseignement-professionnel\/","name":"Pr\u00e9-position sur l'enseignement professionnel - svmep.ch","isPartOf":{"@id":"https:\/\/sud.svmep.ch\/svmep\/#website"},"primaryImageOfPage":{"@id":"https:\/\/sud.svmep.ch\/svmep\/pre-position-sur-lenseignement-professionnel\/#primaryimage"},"image":{"@id":"https:\/\/sud.svmep.ch\/svmep\/pre-position-sur-lenseignement-professionnel\/#primaryimage"},"thumbnailUrl":"https:\/\/sud.svmep.ch\/svmep\/wp-content\/uploads\/2005\/09\/jpg_logo2.jpg","datePublished":"2010-03-01T09:48:00+00:00","dateModified":"2024-10-14T13:37:39+00:00","breadcrumb":{"@id":"https:\/\/sud.svmep.ch\/svmep\/pre-position-sur-lenseignement-professionnel\/#breadcrumb"},"inLanguage":"fr-FR","potentialAction":[{"@type":"ReadAction","target":["https:\/\/sud.svmep.ch\/svmep\/pre-position-sur-lenseignement-professionnel\/"]}]},{"@type":"ImageObject","inLanguage":"fr-FR","@id":"https:\/\/sud.svmep.ch\/svmep\/pre-position-sur-lenseignement-professionnel\/#primaryimage","url":"https:\/\/sud.svmep.ch\/svmep\/wp-content\/uploads\/2005\/09\/jpg_logo2.jpg","contentUrl":"https:\/\/sud.svmep.ch\/svmep\/wp-content\/uploads\/2005\/09\/jpg_logo2.jpg","width":100,"height":100},{"@type":"BreadcrumbList","@id":"https:\/\/sud.svmep.ch\/svmep\/pre-position-sur-lenseignement-professionnel\/#breadcrumb","itemListElement":[{"@type":"ListItem","position":1,"name":"Accueil","item":"https:\/\/sud.svmep.ch\/svmep\/"},{"@type":"ListItem","position":2,"name":"Gazette SVMEP","item":"https:\/\/sud.svmep.ch\/svmep\/category\/gazette-svmep\/"},{"@type":"ListItem","position":3,"name":"Pr\u00e9-position sur l&rsquo;enseignement professionnel"}]},{"@type":"WebSite","@id":"https:\/\/sud.svmep.ch\/svmep\/#website","url":"https:\/\/sud.svmep.ch\/svmep\/","name":"Syndicat vaudois des ma\u00eetres.ses de l'enseignement professionnel","description":"","publisher":{"@id":"https:\/\/sud.svmep.ch\/svmep\/#organization"},"alternateName":"SVMEP","potentialAction":[{"@type":"SearchAction","target":{"@type":"EntryPoint","urlTemplate":"https:\/\/sud.svmep.ch\/svmep\/?s={search_term_string}"},"query-input":{"@type":"PropertyValueSpecification","valueRequired":true,"valueName":"search_term_string"}}],"inLanguage":"fr-FR"},{"@type":"Organization","@id":"https:\/\/sud.svmep.ch\/svmep\/#organization","name":"Syndicat vaudois des ma\u00eetres.ses de l'enseignement professionnel SVMEP","alternateName":"SVMEP","url":"https:\/\/sud.svmep.ch\/svmep\/","logo":{"@type":"ImageObject","inLanguage":"fr-FR","@id":"https:\/\/sud.svmep.ch\/svmep\/#\/schema\/logo\/image\/","url":"https:\/\/sud.svmep.ch\/svmep\/wp-content\/uploads\/2024\/09\/svmep150x260.jpg","contentUrl":"https:\/\/sud.svmep.ch\/svmep\/wp-content\/uploads\/2024\/09\/svmep150x260.jpg","width":226,"height":127,"caption":"Syndicat vaudois des ma\u00eetres.ses de l'enseignement professionnel SVMEP"},"image":{"@id":"https:\/\/sud.svmep.ch\/svmep\/#\/schema\/logo\/image\/"}},{"@type":"Person","@id":"https:\/\/sud.svmep.ch\/svmep\/#\/schema\/person\/c89c46f48a039b5e5bc4a8eeeab1aece","name":"svmep-webmaster","image":{"@type":"ImageObject","inLanguage":"fr-FR","@id":"https:\/\/secure.gravatar.com\/avatar\/75b5925b5ca4f3df48f6bb05f81ad13dab8238efffb28bf26c5f1682dff96ea6?s=96&d=mm&r=g","url":"https:\/\/secure.gravatar.com\/avatar\/75b5925b5ca4f3df48f6bb05f81ad13dab8238efffb28bf26c5f1682dff96ea6?s=96&d=mm&r=g","contentUrl":"https:\/\/secure.gravatar.com\/avatar\/75b5925b5ca4f3df48f6bb05f81ad13dab8238efffb28bf26c5f1682dff96ea6?s=96&d=mm&r=g","caption":"svmep-webmaster"}}]}},"_links":{"self":[{"href":"https:\/\/sud.svmep.ch\/svmep\/wp-json\/wp\/v2\/posts\/913","targetHints":{"allow":["GET"]}}],"collection":[{"href":"https:\/\/sud.svmep.ch\/svmep\/wp-json\/wp\/v2\/posts"}],"about":[{"href":"https:\/\/sud.svmep.ch\/svmep\/wp-json\/wp\/v2\/types\/post"}],"author":[{"embeddable":true,"href":"https:\/\/sud.svmep.ch\/svmep\/wp-json\/wp\/v2\/users\/4"}],"replies":[{"embeddable":true,"href":"https:\/\/sud.svmep.ch\/svmep\/wp-json\/wp\/v2\/comments?post=913"}],"version-history":[{"count":0,"href":"https:\/\/sud.svmep.ch\/svmep\/wp-json\/wp\/v2\/posts\/913\/revisions"}],"wp:featuredmedia":[{"embeddable":true,"href":"https:\/\/sud.svmep.ch\/svmep\/wp-json\/wp\/v2\/media\/354"}],"wp:attachment":[{"href":"https:\/\/sud.svmep.ch\/svmep\/wp-json\/wp\/v2\/media?parent=913"}],"wp:term":[{"taxonomy":"category","embeddable":true,"href":"https:\/\/sud.svmep.ch\/svmep\/wp-json\/wp\/v2\/categories?post=913"},{"taxonomy":"post_tag","embeddable":true,"href":"https:\/\/sud.svmep.ch\/svmep\/wp-json\/wp\/v2\/tags?post=913"}],"curies":[{"name":"wp","href":"https:\/\/api.w.org\/{rel}","templated":true}]}}