{"id":924,"date":"2018-09-26T11:22:00","date_gmt":"2018-09-26T10:22:00","guid":{"rendered":"http:\/\/sud.svmep.ch\/?p=924"},"modified":"2026-02-19T10:43:27","modified_gmt":"2026-02-19T09:43:27","slug":"liberer-et-instruire-lecole-publique-pour-tou-te-s-jusqua-18-ans","status":"publish","type":"post","link":"https:\/\/sud.svmep.ch\/svmep\/liberer-et-instruire-lecole-publique-pour-tou-te-s-jusqua-18-ans\/","title":{"rendered":"Lib\u00e9rer et instruire : l&rsquo;\u00e9cole publique pour tou.te.s jusqu&rsquo;\u00e0 18 ans"},"content":{"rendered":"<div class=\"wp-block-post-date\"><time datetime=\"2018-09-26T11:22:00+02:00\">26 septembre 2018<\/time><\/div>\n\n\n<p style=\"font-style:normal;font-weight:600\">D\u00e9claration de SUD-\u00c9ducation et SUD-\u00c9tudiant.e.s et pr\u00e9caires<\/p>\n\n\n\n<figure class=\"wp-block-pullquote\" style=\"font-style:italic;font-weight:300\"><blockquote><p>Les \u00e9coles doivent devenir des lieux, non pas de s\u00e9paration des savoirs et des apprentissages, mais de mise en commun de ceux-ci, des lieux de l\u2019intelligence abstraite comme de l\u2019intelligence pratique, des lieux de collaboration entre personnes autour des savoirs.<\/p><\/blockquote><\/figure>\n\n\n\n<p class=\"has-small-font-size\" style=\"font-style:normal;font-weight:600\">Lire le texte dans le document ci-dessous<\/p>\n\n\n\n<div data-wp-interactive=\"core\/file\" class=\"wp-block-file\"><object data-wp-bind--hidden=\"!state.hasPdfPreview\" hidden class=\"wp-block-file__embed\" data=\"https:\/\/sud.svmep.ch\/svmep\/wp-content\/uploads\/2024\/02\/2018-09-26_SUD-Education_Liberer_et_instruire.pdf\" type=\"application\/pdf\" style=\"width:100%;height:600px\" aria-label=\"Contenu embarqu\u00e9 \u00abLib\u00e9rer et instruire\u00bb.\"><\/object><a id=\"wp-block-file--media-70e07502-3e16-4a90-acd4-e67953762cad\" href=\"https:\/\/sud.svmep.ch\/svmep\/wp-content\/uploads\/2024\/02\/2018-09-26_SUD-Education_Liberer_et_instruire.pdf\" target=\"_blank\" rel=\"noreferrer noopener\">\u00abLib\u00e9rer et instruire\u00bb<\/a><a href=\"https:\/\/sud.svmep.ch\/svmep\/wp-content\/uploads\/2024\/02\/2018-09-26_SUD-Education_Liberer_et_instruire.pdf\" class=\"wp-block-file__button wp-element-button\" download aria-describedby=\"wp-block-file--media-70e07502-3e16-4a90-acd4-e67953762cad\">T\u00e9l\u00e9charger<\/a><\/div>\n","protected":false},"excerpt":{"rendered":"<p>26 septembre 2018 D\u00e9claration de SUD-\u00c9ducation et SUD-\u00c9tudiant.e.s et pr\u00e9caires Les \u00e9coles doivent devenir des lieux, non pas de s\u00e9paration des savoirs et des apprentissages, mais de mise en commun [&hellip;]<\/p>\n","protected":false},"author":4,"featured_media":1542,"comment_status":"closed","ping_status":"closed","sticky":false,"template":"","format":"standard","meta":{"footnotes":""},"categories":[40,5],"tags":[29,45],"class_list":["post-924","post","type-post","status-publish","format-standard","has-post-thumbnail","hentry","category-positions-sur-lecole-publique-et-la-formation-professionnelle","category-sud-education","tag-apprenti-e-s","tag-enseignement"],"yoast_head":"<!-- This site is optimized with the Yoast SEO plugin v27.4 - https:\/\/yoast.com\/product\/yoast-seo-wordpress\/ -->\n<title>Lib\u00e9rer et instruire : l&#039;\u00e9cole publique pour tou.te.s jusqu&#039;\u00e0 18 ans - svmep.ch<\/title>\n<meta name=\"description\" content=\"D\u00e9claration de SUD-\u00c9ducation et SUD-\u00c9tudiant.e.s et pr\u00e9caires intitul\u00e9e \u00abLib\u00e9rer et instruire, l&#039;\u00e9cole publique pour tou.te.s jusqu&#039;\u00e0 18 ans\u00bb\" \/>\n<meta name=\"robots\" content=\"index, follow, max-snippet:-1, max-image-preview:large, max-video-preview:-1\" \/>\n<link rel=\"canonical\" href=\"https:\/\/sud.svmep.ch\/svmep\/liberer-et-instruire-lecole-publique-pour-tou-te-s-jusqua-18-ans\/\" \/>\n<meta property=\"og:locale\" content=\"fr_FR\" \/>\n<meta property=\"og:type\" content=\"article\" \/>\n<meta property=\"og:title\" content=\"Lib\u00e9rer et instruire : l&#039;\u00e9cole publique pour tou.te.s jusqu&#039;\u00e0 18 ans - svmep.ch\" \/>\n<meta property=\"og:description\" content=\"D\u00e9claration de SUD-\u00c9ducation et SUD-\u00c9tudiant.e.s et pr\u00e9caires intitul\u00e9e \u00abLib\u00e9rer et instruire, l&#039;\u00e9cole publique pour tou.te.s jusqu&#039;\u00e0 18 ans\u00bb\" \/>\n<meta property=\"og:url\" content=\"https:\/\/sud.svmep.ch\/svmep\/liberer-et-instruire-lecole-publique-pour-tou-te-s-jusqua-18-ans\/\" \/>\n<meta property=\"og:site_name\" content=\"svmep.ch\" \/>\n<meta property=\"article:published_time\" content=\"2018-09-26T10:22:00+00:00\" \/>\n<meta property=\"article:modified_time\" content=\"2026-02-19T09:43:27+00:00\" \/>\n<meta property=\"og:image\" content=\"https:\/\/sud.svmep.ch\/svmep\/wp-content\/uploads\/2024\/11\/logo_SUD-educ-copie.png\" \/>\n\t<meta property=\"og:image:width\" content=\"212\" \/>\n\t<meta property=\"og:image:height\" content=\"211\" \/>\n\t<meta property=\"og:image:type\" content=\"image\/png\" \/>\n<meta name=\"author\" content=\"svmep-webmaster\" \/>\n<meta name=\"twitter:card\" content=\"summary_large_image\" \/>\n<script type=\"application\/ld+json\" class=\"yoast-schema-graph\">{\"@context\":\"https:\\\/\\\/schema.org\",\"@graph\":[{\"@type\":\"Article\",\"@id\":\"https:\\\/\\\/sud.svmep.ch\\\/svmep\\\/liberer-et-instruire-lecole-publique-pour-tou-te-s-jusqua-18-ans\\\/#article\",\"isPartOf\":{\"@id\":\"https:\\\/\\\/sud.svmep.ch\\\/svmep\\\/liberer-et-instruire-lecole-publique-pour-tou-te-s-jusqua-18-ans\\\/\"},\"author\":{\"name\":\"svmep-webmaster\",\"@id\":\"https:\\\/\\\/sud.svmep.ch\\\/svmep\\\/#\\\/schema\\\/person\\\/c89c46f48a039b5e5bc4a8eeeab1aece\"},\"headline\":\"Lib\u00e9rer et instruire : l&rsquo;\u00e9cole publique pour tou.te.s jusqu&rsquo;\u00e0 18 ans\",\"datePublished\":\"2018-09-26T10:22:00+00:00\",\"dateModified\":\"2026-02-19T09:43:27+00:00\",\"mainEntityOfPage\":{\"@id\":\"https:\\\/\\\/sud.svmep.ch\\\/svmep\\\/liberer-et-instruire-lecole-publique-pour-tou-te-s-jusqua-18-ans\\\/\"},\"wordCount\":83,\"publisher\":{\"@id\":\"https:\\\/\\\/sud.svmep.ch\\\/svmep\\\/#organization\"},\"image\":{\"@id\":\"https:\\\/\\\/sud.svmep.ch\\\/svmep\\\/liberer-et-instruire-lecole-publique-pour-tou-te-s-jusqua-18-ans\\\/#primaryimage\"},\"thumbnailUrl\":\"https:\\\/\\\/sud.svmep.ch\\\/svmep\\\/wp-content\\\/uploads\\\/2024\\\/11\\\/logo_SUD-educ-copie.png\",\"keywords\":[\"apprenti.e.s\",\"enseignement\"],\"articleSection\":[\"Positions sur l'\u00e9cole publique et la formation professionnelle\",\"SUD-\u00c9ducation\"],\"inLanguage\":\"fr-FR\"},{\"@type\":\"WebPage\",\"@id\":\"https:\\\/\\\/sud.svmep.ch\\\/svmep\\\/liberer-et-instruire-lecole-publique-pour-tou-te-s-jusqua-18-ans\\\/\",\"url\":\"https:\\\/\\\/sud.svmep.ch\\\/svmep\\\/liberer-et-instruire-lecole-publique-pour-tou-te-s-jusqua-18-ans\\\/\",\"name\":\"Lib\u00e9rer et instruire : l'\u00e9cole publique pour tou.te.s jusqu'\u00e0 18 ans - svmep.ch\",\"isPartOf\":{\"@id\":\"https:\\\/\\\/sud.svmep.ch\\\/svmep\\\/#website\"},\"primaryImageOfPage\":{\"@id\":\"https:\\\/\\\/sud.svmep.ch\\\/svmep\\\/liberer-et-instruire-lecole-publique-pour-tou-te-s-jusqua-18-ans\\\/#primaryimage\"},\"image\":{\"@id\":\"https:\\\/\\\/sud.svmep.ch\\\/svmep\\\/liberer-et-instruire-lecole-publique-pour-tou-te-s-jusqua-18-ans\\\/#primaryimage\"},\"thumbnailUrl\":\"https:\\\/\\\/sud.svmep.ch\\\/svmep\\\/wp-content\\\/uploads\\\/2024\\\/11\\\/logo_SUD-educ-copie.png\",\"datePublished\":\"2018-09-26T10:22:00+00:00\",\"dateModified\":\"2026-02-19T09:43:27+00:00\",\"description\":\"D\u00e9claration de SUD-\u00c9ducation et SUD-\u00c9tudiant.e.s et pr\u00e9caires intitul\u00e9e \u00abLib\u00e9rer et instruire, l'\u00e9cole publique pour tou.te.s jusqu'\u00e0 18 ans\u00bb\",\"breadcrumb\":{\"@id\":\"https:\\\/\\\/sud.svmep.ch\\\/svmep\\\/liberer-et-instruire-lecole-publique-pour-tou-te-s-jusqua-18-ans\\\/#breadcrumb\"},\"inLanguage\":\"fr-FR\",\"potentialAction\":[{\"@type\":\"ReadAction\",\"target\":[\"https:\\\/\\\/sud.svmep.ch\\\/svmep\\\/liberer-et-instruire-lecole-publique-pour-tou-te-s-jusqua-18-ans\\\/\"]}]},{\"@type\":\"ImageObject\",\"inLanguage\":\"fr-FR\",\"@id\":\"https:\\\/\\\/sud.svmep.ch\\\/svmep\\\/liberer-et-instruire-lecole-publique-pour-tou-te-s-jusqua-18-ans\\\/#primaryimage\",\"url\":\"https:\\\/\\\/sud.svmep.ch\\\/svmep\\\/wp-content\\\/uploads\\\/2024\\\/11\\\/logo_SUD-educ-copie.png\",\"contentUrl\":\"https:\\\/\\\/sud.svmep.ch\\\/svmep\\\/wp-content\\\/uploads\\\/2024\\\/11\\\/logo_SUD-educ-copie.png\",\"width\":212,\"height\":211},{\"@type\":\"BreadcrumbList\",\"@id\":\"https:\\\/\\\/sud.svmep.ch\\\/svmep\\\/liberer-et-instruire-lecole-publique-pour-tou-te-s-jusqua-18-ans\\\/#breadcrumb\",\"itemListElement\":[{\"@type\":\"ListItem\",\"position\":1,\"name\":\"Accueil\",\"item\":\"https:\\\/\\\/sud.svmep.ch\\\/svmep\\\/\"},{\"@type\":\"ListItem\",\"position\":2,\"name\":\"Positions sur l'\u00e9cole publique et la formation professionnelle\",\"item\":\"https:\\\/\\\/sud.svmep.ch\\\/svmep\\\/category\\\/positions-sur-lecole-publique-et-la-formation-professionnelle\\\/\"},{\"@type\":\"ListItem\",\"position\":3,\"name\":\"Lib\u00e9rer et instruire : l&rsquo;\u00e9cole publique pour tou.te.s jusqu&rsquo;\u00e0 18 ans\"}]},{\"@type\":\"WebSite\",\"@id\":\"https:\\\/\\\/sud.svmep.ch\\\/svmep\\\/#website\",\"url\":\"https:\\\/\\\/sud.svmep.ch\\\/svmep\\\/\",\"name\":\"Syndicat vaudois des ma\u00eetres.ses de l'enseignement professionnel\",\"description\":\"\",\"publisher\":{\"@id\":\"https:\\\/\\\/sud.svmep.ch\\\/svmep\\\/#organization\"},\"alternateName\":\"SVMEP\",\"potentialAction\":[{\"@type\":\"SearchAction\",\"target\":{\"@type\":\"EntryPoint\",\"urlTemplate\":\"https:\\\/\\\/sud.svmep.ch\\\/svmep\\\/?s={search_term_string}\"},\"query-input\":{\"@type\":\"PropertyValueSpecification\",\"valueRequired\":true,\"valueName\":\"search_term_string\"}}],\"inLanguage\":\"fr-FR\"},{\"@type\":\"Organization\",\"@id\":\"https:\\\/\\\/sud.svmep.ch\\\/svmep\\\/#organization\",\"name\":\"Syndicat vaudois des ma\u00eetres.ses de l'enseignement professionnel SVMEP\",\"alternateName\":\"SVMEP\",\"url\":\"https:\\\/\\\/sud.svmep.ch\\\/svmep\\\/\",\"logo\":{\"@type\":\"ImageObject\",\"inLanguage\":\"fr-FR\",\"@id\":\"https:\\\/\\\/sud.svmep.ch\\\/svmep\\\/#\\\/schema\\\/logo\\\/image\\\/\",\"url\":\"https:\\\/\\\/sud.svmep.ch\\\/svmep\\\/wp-content\\\/uploads\\\/2024\\\/09\\\/svmep150x260.jpg\",\"contentUrl\":\"https:\\\/\\\/sud.svmep.ch\\\/svmep\\\/wp-content\\\/uploads\\\/2024\\\/09\\\/svmep150x260.jpg\",\"width\":226,\"height\":127,\"caption\":\"Syndicat vaudois des ma\u00eetres.ses de l'enseignement professionnel SVMEP\"},\"image\":{\"@id\":\"https:\\\/\\\/sud.svmep.ch\\\/svmep\\\/#\\\/schema\\\/logo\\\/image\\\/\"}},{\"@type\":\"Person\",\"@id\":\"https:\\\/\\\/sud.svmep.ch\\\/svmep\\\/#\\\/schema\\\/person\\\/c89c46f48a039b5e5bc4a8eeeab1aece\",\"name\":\"svmep-webmaster\",\"image\":{\"@type\":\"ImageObject\",\"inLanguage\":\"fr-FR\",\"@id\":\"https:\\\/\\\/secure.gravatar.com\\\/avatar\\\/75b5925b5ca4f3df48f6bb05f81ad13dab8238efffb28bf26c5f1682dff96ea6?s=96&d=mm&r=g\",\"url\":\"https:\\\/\\\/secure.gravatar.com\\\/avatar\\\/75b5925b5ca4f3df48f6bb05f81ad13dab8238efffb28bf26c5f1682dff96ea6?s=96&d=mm&r=g\",\"contentUrl\":\"https:\\\/\\\/secure.gravatar.com\\\/avatar\\\/75b5925b5ca4f3df48f6bb05f81ad13dab8238efffb28bf26c5f1682dff96ea6?s=96&d=mm&r=g\",\"caption\":\"svmep-webmaster\"}}]}<\/script>\n<!-- \/ Yoast SEO plugin. -->","yoast_head_json":{"title":"Lib\u00e9rer et instruire : l'\u00e9cole publique pour tou.te.s jusqu'\u00e0 18 ans - svmep.ch","description":"D\u00e9claration de SUD-\u00c9ducation et SUD-\u00c9tudiant.e.s et pr\u00e9caires intitul\u00e9e \u00abLib\u00e9rer et instruire, l'\u00e9cole publique pour tou.te.s jusqu'\u00e0 18 ans\u00bb","robots":{"index":"index","follow":"follow","max-snippet":"max-snippet:-1","max-image-preview":"max-image-preview:large","max-video-preview":"max-video-preview:-1"},"canonical":"https:\/\/sud.svmep.ch\/svmep\/liberer-et-instruire-lecole-publique-pour-tou-te-s-jusqua-18-ans\/","og_locale":"fr_FR","og_type":"article","og_title":"Lib\u00e9rer et instruire : l'\u00e9cole publique pour tou.te.s jusqu'\u00e0 18 ans - svmep.ch","og_description":"D\u00e9claration de SUD-\u00c9ducation et SUD-\u00c9tudiant.e.s et pr\u00e9caires intitul\u00e9e \u00abLib\u00e9rer et instruire, l'\u00e9cole publique pour tou.te.s jusqu'\u00e0 18 ans\u00bb","og_url":"https:\/\/sud.svmep.ch\/svmep\/liberer-et-instruire-lecole-publique-pour-tou-te-s-jusqua-18-ans\/","og_site_name":"svmep.ch","article_published_time":"2018-09-26T10:22:00+00:00","article_modified_time":"2026-02-19T09:43:27+00:00","og_image":[{"width":212,"height":211,"url":"https:\/\/sud.svmep.ch\/svmep\/wp-content\/uploads\/2024\/11\/logo_SUD-educ-copie.png","type":"image\/png"}],"author":"svmep-webmaster","twitter_card":"summary_large_image","schema":{"@context":"https:\/\/schema.org","@graph":[{"@type":"Article","@id":"https:\/\/sud.svmep.ch\/svmep\/liberer-et-instruire-lecole-publique-pour-tou-te-s-jusqua-18-ans\/#article","isPartOf":{"@id":"https:\/\/sud.svmep.ch\/svmep\/liberer-et-instruire-lecole-publique-pour-tou-te-s-jusqua-18-ans\/"},"author":{"name":"svmep-webmaster","@id":"https:\/\/sud.svmep.ch\/svmep\/#\/schema\/person\/c89c46f48a039b5e5bc4a8eeeab1aece"},"headline":"Lib\u00e9rer et instruire : l&rsquo;\u00e9cole publique pour tou.te.s jusqu&rsquo;\u00e0 18 ans","datePublished":"2018-09-26T10:22:00+00:00","dateModified":"2026-02-19T09:43:27+00:00","mainEntityOfPage":{"@id":"https:\/\/sud.svmep.ch\/svmep\/liberer-et-instruire-lecole-publique-pour-tou-te-s-jusqua-18-ans\/"},"wordCount":83,"publisher":{"@id":"https:\/\/sud.svmep.ch\/svmep\/#organization"},"image":{"@id":"https:\/\/sud.svmep.ch\/svmep\/liberer-et-instruire-lecole-publique-pour-tou-te-s-jusqua-18-ans\/#primaryimage"},"thumbnailUrl":"https:\/\/sud.svmep.ch\/svmep\/wp-content\/uploads\/2024\/11\/logo_SUD-educ-copie.png","keywords":["apprenti.e.s","enseignement"],"articleSection":["Positions sur l'\u00e9cole publique et la formation professionnelle","SUD-\u00c9ducation"],"inLanguage":"fr-FR"},{"@type":"WebPage","@id":"https:\/\/sud.svmep.ch\/svmep\/liberer-et-instruire-lecole-publique-pour-tou-te-s-jusqua-18-ans\/","url":"https:\/\/sud.svmep.ch\/svmep\/liberer-et-instruire-lecole-publique-pour-tou-te-s-jusqua-18-ans\/","name":"Lib\u00e9rer et instruire : l'\u00e9cole publique pour tou.te.s jusqu'\u00e0 18 ans - svmep.ch","isPartOf":{"@id":"https:\/\/sud.svmep.ch\/svmep\/#website"},"primaryImageOfPage":{"@id":"https:\/\/sud.svmep.ch\/svmep\/liberer-et-instruire-lecole-publique-pour-tou-te-s-jusqua-18-ans\/#primaryimage"},"image":{"@id":"https:\/\/sud.svmep.ch\/svmep\/liberer-et-instruire-lecole-publique-pour-tou-te-s-jusqua-18-ans\/#primaryimage"},"thumbnailUrl":"https:\/\/sud.svmep.ch\/svmep\/wp-content\/uploads\/2024\/11\/logo_SUD-educ-copie.png","datePublished":"2018-09-26T10:22:00+00:00","dateModified":"2026-02-19T09:43:27+00:00","description":"D\u00e9claration de SUD-\u00c9ducation et SUD-\u00c9tudiant.e.s et pr\u00e9caires intitul\u00e9e \u00abLib\u00e9rer et instruire, l'\u00e9cole publique pour tou.te.s jusqu'\u00e0 18 ans\u00bb","breadcrumb":{"@id":"https:\/\/sud.svmep.ch\/svmep\/liberer-et-instruire-lecole-publique-pour-tou-te-s-jusqua-18-ans\/#breadcrumb"},"inLanguage":"fr-FR","potentialAction":[{"@type":"ReadAction","target":["https:\/\/sud.svmep.ch\/svmep\/liberer-et-instruire-lecole-publique-pour-tou-te-s-jusqua-18-ans\/"]}]},{"@type":"ImageObject","inLanguage":"fr-FR","@id":"https:\/\/sud.svmep.ch\/svmep\/liberer-et-instruire-lecole-publique-pour-tou-te-s-jusqua-18-ans\/#primaryimage","url":"https:\/\/sud.svmep.ch\/svmep\/wp-content\/uploads\/2024\/11\/logo_SUD-educ-copie.png","contentUrl":"https:\/\/sud.svmep.ch\/svmep\/wp-content\/uploads\/2024\/11\/logo_SUD-educ-copie.png","width":212,"height":211},{"@type":"BreadcrumbList","@id":"https:\/\/sud.svmep.ch\/svmep\/liberer-et-instruire-lecole-publique-pour-tou-te-s-jusqua-18-ans\/#breadcrumb","itemListElement":[{"@type":"ListItem","position":1,"name":"Accueil","item":"https:\/\/sud.svmep.ch\/svmep\/"},{"@type":"ListItem","position":2,"name":"Positions sur l'\u00e9cole publique et la formation professionnelle","item":"https:\/\/sud.svmep.ch\/svmep\/category\/positions-sur-lecole-publique-et-la-formation-professionnelle\/"},{"@type":"ListItem","position":3,"name":"Lib\u00e9rer et instruire : l&rsquo;\u00e9cole publique pour tou.te.s jusqu&rsquo;\u00e0 18 ans"}]},{"@type":"WebSite","@id":"https:\/\/sud.svmep.ch\/svmep\/#website","url":"https:\/\/sud.svmep.ch\/svmep\/","name":"Syndicat vaudois des ma\u00eetres.ses de l'enseignement professionnel","description":"","publisher":{"@id":"https:\/\/sud.svmep.ch\/svmep\/#organization"},"alternateName":"SVMEP","potentialAction":[{"@type":"SearchAction","target":{"@type":"EntryPoint","urlTemplate":"https:\/\/sud.svmep.ch\/svmep\/?s={search_term_string}"},"query-input":{"@type":"PropertyValueSpecification","valueRequired":true,"valueName":"search_term_string"}}],"inLanguage":"fr-FR"},{"@type":"Organization","@id":"https:\/\/sud.svmep.ch\/svmep\/#organization","name":"Syndicat vaudois des ma\u00eetres.ses de l'enseignement professionnel SVMEP","alternateName":"SVMEP","url":"https:\/\/sud.svmep.ch\/svmep\/","logo":{"@type":"ImageObject","inLanguage":"fr-FR","@id":"https:\/\/sud.svmep.ch\/svmep\/#\/schema\/logo\/image\/","url":"https:\/\/sud.svmep.ch\/svmep\/wp-content\/uploads\/2024\/09\/svmep150x260.jpg","contentUrl":"https:\/\/sud.svmep.ch\/svmep\/wp-content\/uploads\/2024\/09\/svmep150x260.jpg","width":226,"height":127,"caption":"Syndicat vaudois des ma\u00eetres.ses de l'enseignement professionnel SVMEP"},"image":{"@id":"https:\/\/sud.svmep.ch\/svmep\/#\/schema\/logo\/image\/"}},{"@type":"Person","@id":"https:\/\/sud.svmep.ch\/svmep\/#\/schema\/person\/c89c46f48a039b5e5bc4a8eeeab1aece","name":"svmep-webmaster","image":{"@type":"ImageObject","inLanguage":"fr-FR","@id":"https:\/\/secure.gravatar.com\/avatar\/75b5925b5ca4f3df48f6bb05f81ad13dab8238efffb28bf26c5f1682dff96ea6?s=96&d=mm&r=g","url":"https:\/\/secure.gravatar.com\/avatar\/75b5925b5ca4f3df48f6bb05f81ad13dab8238efffb28bf26c5f1682dff96ea6?s=96&d=mm&r=g","contentUrl":"https:\/\/secure.gravatar.com\/avatar\/75b5925b5ca4f3df48f6bb05f81ad13dab8238efffb28bf26c5f1682dff96ea6?s=96&d=mm&r=g","caption":"svmep-webmaster"}}]}},"_links":{"self":[{"href":"https:\/\/sud.svmep.ch\/svmep\/wp-json\/wp\/v2\/posts\/924","targetHints":{"allow":["GET"]}}],"collection":[{"href":"https:\/\/sud.svmep.ch\/svmep\/wp-json\/wp\/v2\/posts"}],"about":[{"href":"https:\/\/sud.svmep.ch\/svmep\/wp-json\/wp\/v2\/types\/post"}],"author":[{"embeddable":true,"href":"https:\/\/sud.svmep.ch\/svmep\/wp-json\/wp\/v2\/users\/4"}],"replies":[{"embeddable":true,"href":"https:\/\/sud.svmep.ch\/svmep\/wp-json\/wp\/v2\/comments?post=924"}],"version-history":[{"count":0,"href":"https:\/\/sud.svmep.ch\/svmep\/wp-json\/wp\/v2\/posts\/924\/revisions"}],"wp:featuredmedia":[{"embeddable":true,"href":"https:\/\/sud.svmep.ch\/svmep\/wp-json\/wp\/v2\/media\/1542"}],"wp:attachment":[{"href":"https:\/\/sud.svmep.ch\/svmep\/wp-json\/wp\/v2\/media?parent=924"}],"wp:term":[{"taxonomy":"category","embeddable":true,"href":"https:\/\/sud.svmep.ch\/svmep\/wp-json\/wp\/v2\/categories?post=924"},{"taxonomy":"post_tag","embeddable":true,"href":"https:\/\/sud.svmep.ch\/svmep\/wp-json\/wp\/v2\/tags?post=924"}],"curies":[{"name":"wp","href":"https:\/\/api.w.org\/{rel}","templated":true}]}}