{"id":927,"date":"2023-09-08T11:37:00","date_gmt":"2023-09-08T10:37:00","guid":{"rendered":"http:\/\/sud.svmep.ch\/?p=927"},"modified":"2025-02-18T10:42:47","modified_gmt":"2025-02-18T09:42:47","slug":"lettre-ouverte-a-frederic-borloz","status":"publish","type":"post","link":"https:\/\/sud.svmep.ch\/svmep\/lettre-ouverte-a-frederic-borloz\/","title":{"rendered":"Interdiction des d\u00e9bats contradictoires \u00e0 l&rsquo;\u00e9cole : lettre ouverte au Chef du DEF"},"content":{"rendered":"<div class=\"wp-block-post-date\"><time datetime=\"2023-09-08T11:37:00+02:00\">8 septembre 2023<\/time><\/div>\n\n\n<p class=\"has-small-font-size\" style=\"font-style:normal;font-weight:600\">Par la Coordination SUD-\u00c9ducation<\/p>\n\n\n\n<figure class=\"wp-block-pullquote has-medium-font-size\" style=\"font-style:italic;font-weight:300\"><blockquote><p>Monsieur le Conseiller d\u2019\u00c9tat,<br>En cette rentr\u00e9e scolaire et politique, votre D\u00e9partement se d\u00e9marque par la crainte d\u2019une possible d\u00e9rive propagandiste lors de d\u00e9bats contradictoires, pourtant soigneusement cadr\u00e9s par des professionnel\u00b7les de l\u2019\u00e9ducation.&nbsp;<br>Cette position constitue une rupture avec une pratique bien r\u00f4d\u00e9e depuis des ann\u00e9es dans le canton de Vaud \u2013 et assez largement r\u00e9pandue et encourag\u00e9e dans le pays. Les \u00e9l\u00e8ves ont en effet le droit de recevoir une formation rigoureuse sur la vie politique et d\u2019acc\u00e9der au d\u00e9bat. Les enseignant.e.s ont le devoir de les accompagner et de les former \u00e0 ce travail.<\/p><\/blockquote><\/figure>\n\n\n\n<p class=\"has-small-font-size\" style=\"font-style:normal;font-weight:600\">Lire le texte int\u00e9gral dans le fichier ci-dessous<\/p>\n\n\n\n<div data-wp-interactive=\"core\/file\" class=\"wp-block-file\"><object data-wp-bind--hidden=\"!state.hasPdfPreview\" hidden class=\"wp-block-file__embed\" data=\"https:\/\/sud.svmep.ch\/svmep\/wp-content\/uploads\/2024\/02\/2023-09-08_Lettre_ouverte_DEF.pdf\" type=\"application\/pdf\" style=\"width:100%;height:600px\" aria-label=\"Contenu embarqu\u00e9 Cette propagande que nous ne saurions voir.\"><\/object><a id=\"wp-block-file--media-3ec6e938-a1fa-46aa-a460-bbcacd502c95\" href=\"https:\/\/sud.svmep.ch\/svmep\/wp-content\/uploads\/2024\/02\/2023-09-08_Lettre_ouverte_DEF.pdf\">Cette propagande que nous ne saurions voir<\/a><a href=\"https:\/\/sud.svmep.ch\/svmep\/wp-content\/uploads\/2024\/02\/2023-09-08_Lettre_ouverte_DEF.pdf\" class=\"wp-block-file__button wp-element-button\" download aria-describedby=\"wp-block-file--media-3ec6e938-a1fa-46aa-a460-bbcacd502c95\">T\u00e9l\u00e9charger<\/a><\/div>\n","protected":false},"excerpt":{"rendered":"<p>8 septembre 2023 Par la Coordination SUD-\u00c9ducation Monsieur le Conseiller d\u2019\u00c9tat,En cette rentr\u00e9e scolaire et politique, votre D\u00e9partement se d\u00e9marque par la crainte d\u2019une possible d\u00e9rive propagandiste lors de d\u00e9bats [&hellip;]<\/p>\n","protected":false},"author":4,"featured_media":1542,"comment_status":"closed","ping_status":"closed","sticky":false,"template":"","format":"standard","meta":{"footnotes":""},"categories":[40,5],"tags":[45],"class_list":["post-927","post","type-post","status-publish","format-standard","has-post-thumbnail","hentry","category-positions-sur-lecole-publique-et-la-formation-professionnelle","category-sud-education","tag-enseignement"],"yoast_head":"<!-- This site is optimized with the Yoast SEO plugin v27.4 - https:\/\/yoast.com\/product\/yoast-seo-wordpress\/ -->\n<title>Interdiction des d\u00e9bats contradictoires \u00e0 l&#039;\u00e9cole : lettre ouverte au Chef du DEF - svmep.ch<\/title>\n<meta name=\"description\" content=\"Lettre ouverte au Conseiller d&#039;\u00c9tat Fr\u00e9d\u00e9ric Borloz, chef du DEF, \u00e0 propos de l&#039;interdiction des d\u00e9bats contradictoires \u00e0 l&#039;\u00e9cole.\" \/>\n<meta name=\"robots\" content=\"index, follow, max-snippet:-1, max-image-preview:large, max-video-preview:-1\" \/>\n<link rel=\"canonical\" href=\"https:\/\/sud.svmep.ch\/svmep\/lettre-ouverte-a-frederic-borloz\/\" \/>\n<meta property=\"og:locale\" content=\"fr_FR\" \/>\n<meta property=\"og:type\" content=\"article\" \/>\n<meta property=\"og:title\" content=\"Interdiction des d\u00e9bats contradictoires \u00e0 l&#039;\u00e9cole : lettre ouverte au Chef du DEF - svmep.ch\" \/>\n<meta property=\"og:description\" content=\"Lettre ouverte au Conseiller d&#039;\u00c9tat Fr\u00e9d\u00e9ric Borloz, chef du DEF, \u00e0 propos de l&#039;interdiction des d\u00e9bats contradictoires \u00e0 l&#039;\u00e9cole.\" \/>\n<meta property=\"og:url\" content=\"https:\/\/sud.svmep.ch\/svmep\/lettre-ouverte-a-frederic-borloz\/\" \/>\n<meta property=\"og:site_name\" content=\"svmep.ch\" \/>\n<meta property=\"article:published_time\" content=\"2023-09-08T10:37:00+00:00\" \/>\n<meta property=\"article:modified_time\" content=\"2025-02-18T09:42:47+00:00\" \/>\n<meta property=\"og:image\" content=\"https:\/\/sud.svmep.ch\/svmep\/wp-content\/uploads\/2024\/11\/logo_SUD-educ-copie.png\" \/>\n\t<meta property=\"og:image:width\" content=\"212\" \/>\n\t<meta property=\"og:image:height\" content=\"211\" \/>\n\t<meta property=\"og:image:type\" content=\"image\/png\" \/>\n<meta name=\"author\" content=\"svmep-webmaster\" \/>\n<meta name=\"twitter:card\" content=\"summary_large_image\" \/>\n<script type=\"application\/ld+json\" class=\"yoast-schema-graph\">{\"@context\":\"https:\\\/\\\/schema.org\",\"@graph\":[{\"@type\":\"Article\",\"@id\":\"https:\\\/\\\/sud.svmep.ch\\\/svmep\\\/lettre-ouverte-a-frederic-borloz\\\/#article\",\"isPartOf\":{\"@id\":\"https:\\\/\\\/sud.svmep.ch\\\/svmep\\\/lettre-ouverte-a-frederic-borloz\\\/\"},\"author\":{\"name\":\"svmep-webmaster\",\"@id\":\"https:\\\/\\\/sud.svmep.ch\\\/svmep\\\/#\\\/schema\\\/person\\\/c89c46f48a039b5e5bc4a8eeeab1aece\"},\"headline\":\"Interdiction des d\u00e9bats contradictoires \u00e0 l&rsquo;\u00e9cole : lettre ouverte au Chef du DEF\",\"datePublished\":\"2023-09-08T10:37:00+00:00\",\"dateModified\":\"2025-02-18T09:42:47+00:00\",\"mainEntityOfPage\":{\"@id\":\"https:\\\/\\\/sud.svmep.ch\\\/svmep\\\/lettre-ouverte-a-frederic-borloz\\\/\"},\"wordCount\":153,\"publisher\":{\"@id\":\"https:\\\/\\\/sud.svmep.ch\\\/svmep\\\/#organization\"},\"image\":{\"@id\":\"https:\\\/\\\/sud.svmep.ch\\\/svmep\\\/lettre-ouverte-a-frederic-borloz\\\/#primaryimage\"},\"thumbnailUrl\":\"https:\\\/\\\/sud.svmep.ch\\\/svmep\\\/wp-content\\\/uploads\\\/2024\\\/11\\\/logo_SUD-educ-copie.png\",\"keywords\":[\"enseignement\"],\"articleSection\":[\"Positions sur l'\u00e9cole publique et la formation professionnelle\",\"SUD-\u00c9ducation\"],\"inLanguage\":\"fr-FR\"},{\"@type\":\"WebPage\",\"@id\":\"https:\\\/\\\/sud.svmep.ch\\\/svmep\\\/lettre-ouverte-a-frederic-borloz\\\/\",\"url\":\"https:\\\/\\\/sud.svmep.ch\\\/svmep\\\/lettre-ouverte-a-frederic-borloz\\\/\",\"name\":\"Interdiction des d\u00e9bats contradictoires \u00e0 l'\u00e9cole : lettre ouverte au Chef du DEF - svmep.ch\",\"isPartOf\":{\"@id\":\"https:\\\/\\\/sud.svmep.ch\\\/svmep\\\/#website\"},\"primaryImageOfPage\":{\"@id\":\"https:\\\/\\\/sud.svmep.ch\\\/svmep\\\/lettre-ouverte-a-frederic-borloz\\\/#primaryimage\"},\"image\":{\"@id\":\"https:\\\/\\\/sud.svmep.ch\\\/svmep\\\/lettre-ouverte-a-frederic-borloz\\\/#primaryimage\"},\"thumbnailUrl\":\"https:\\\/\\\/sud.svmep.ch\\\/svmep\\\/wp-content\\\/uploads\\\/2024\\\/11\\\/logo_SUD-educ-copie.png\",\"datePublished\":\"2023-09-08T10:37:00+00:00\",\"dateModified\":\"2025-02-18T09:42:47+00:00\",\"description\":\"Lettre ouverte au Conseiller d'\u00c9tat Fr\u00e9d\u00e9ric Borloz, chef du DEF, \u00e0 propos de l'interdiction des d\u00e9bats contradictoires \u00e0 l'\u00e9cole.\",\"breadcrumb\":{\"@id\":\"https:\\\/\\\/sud.svmep.ch\\\/svmep\\\/lettre-ouverte-a-frederic-borloz\\\/#breadcrumb\"},\"inLanguage\":\"fr-FR\",\"potentialAction\":[{\"@type\":\"ReadAction\",\"target\":[\"https:\\\/\\\/sud.svmep.ch\\\/svmep\\\/lettre-ouverte-a-frederic-borloz\\\/\"]}]},{\"@type\":\"ImageObject\",\"inLanguage\":\"fr-FR\",\"@id\":\"https:\\\/\\\/sud.svmep.ch\\\/svmep\\\/lettre-ouverte-a-frederic-borloz\\\/#primaryimage\",\"url\":\"https:\\\/\\\/sud.svmep.ch\\\/svmep\\\/wp-content\\\/uploads\\\/2024\\\/11\\\/logo_SUD-educ-copie.png\",\"contentUrl\":\"https:\\\/\\\/sud.svmep.ch\\\/svmep\\\/wp-content\\\/uploads\\\/2024\\\/11\\\/logo_SUD-educ-copie.png\",\"width\":212,\"height\":211},{\"@type\":\"BreadcrumbList\",\"@id\":\"https:\\\/\\\/sud.svmep.ch\\\/svmep\\\/lettre-ouverte-a-frederic-borloz\\\/#breadcrumb\",\"itemListElement\":[{\"@type\":\"ListItem\",\"position\":1,\"name\":\"Accueil\",\"item\":\"https:\\\/\\\/sud.svmep.ch\\\/svmep\\\/\"},{\"@type\":\"ListItem\",\"position\":2,\"name\":\"Positions sur l'\u00e9cole publique et la formation professionnelle\",\"item\":\"https:\\\/\\\/sud.svmep.ch\\\/svmep\\\/category\\\/positions-sur-lecole-publique-et-la-formation-professionnelle\\\/\"},{\"@type\":\"ListItem\",\"position\":3,\"name\":\"Interdiction des d\u00e9bats contradictoires \u00e0 l&rsquo;\u00e9cole : lettre ouverte au Chef du DEF\"}]},{\"@type\":\"WebSite\",\"@id\":\"https:\\\/\\\/sud.svmep.ch\\\/svmep\\\/#website\",\"url\":\"https:\\\/\\\/sud.svmep.ch\\\/svmep\\\/\",\"name\":\"Syndicat vaudois des ma\u00eetres.ses de l'enseignement professionnel\",\"description\":\"\",\"publisher\":{\"@id\":\"https:\\\/\\\/sud.svmep.ch\\\/svmep\\\/#organization\"},\"alternateName\":\"SVMEP\",\"potentialAction\":[{\"@type\":\"SearchAction\",\"target\":{\"@type\":\"EntryPoint\",\"urlTemplate\":\"https:\\\/\\\/sud.svmep.ch\\\/svmep\\\/?s={search_term_string}\"},\"query-input\":{\"@type\":\"PropertyValueSpecification\",\"valueRequired\":true,\"valueName\":\"search_term_string\"}}],\"inLanguage\":\"fr-FR\"},{\"@type\":\"Organization\",\"@id\":\"https:\\\/\\\/sud.svmep.ch\\\/svmep\\\/#organization\",\"name\":\"Syndicat vaudois des ma\u00eetres.ses de l'enseignement professionnel SVMEP\",\"alternateName\":\"SVMEP\",\"url\":\"https:\\\/\\\/sud.svmep.ch\\\/svmep\\\/\",\"logo\":{\"@type\":\"ImageObject\",\"inLanguage\":\"fr-FR\",\"@id\":\"https:\\\/\\\/sud.svmep.ch\\\/svmep\\\/#\\\/schema\\\/logo\\\/image\\\/\",\"url\":\"https:\\\/\\\/sud.svmep.ch\\\/svmep\\\/wp-content\\\/uploads\\\/2024\\\/09\\\/svmep150x260.jpg\",\"contentUrl\":\"https:\\\/\\\/sud.svmep.ch\\\/svmep\\\/wp-content\\\/uploads\\\/2024\\\/09\\\/svmep150x260.jpg\",\"width\":226,\"height\":127,\"caption\":\"Syndicat vaudois des ma\u00eetres.ses de l'enseignement professionnel SVMEP\"},\"image\":{\"@id\":\"https:\\\/\\\/sud.svmep.ch\\\/svmep\\\/#\\\/schema\\\/logo\\\/image\\\/\"}},{\"@type\":\"Person\",\"@id\":\"https:\\\/\\\/sud.svmep.ch\\\/svmep\\\/#\\\/schema\\\/person\\\/c89c46f48a039b5e5bc4a8eeeab1aece\",\"name\":\"svmep-webmaster\",\"image\":{\"@type\":\"ImageObject\",\"inLanguage\":\"fr-FR\",\"@id\":\"https:\\\/\\\/secure.gravatar.com\\\/avatar\\\/75b5925b5ca4f3df48f6bb05f81ad13dab8238efffb28bf26c5f1682dff96ea6?s=96&d=mm&r=g\",\"url\":\"https:\\\/\\\/secure.gravatar.com\\\/avatar\\\/75b5925b5ca4f3df48f6bb05f81ad13dab8238efffb28bf26c5f1682dff96ea6?s=96&d=mm&r=g\",\"contentUrl\":\"https:\\\/\\\/secure.gravatar.com\\\/avatar\\\/75b5925b5ca4f3df48f6bb05f81ad13dab8238efffb28bf26c5f1682dff96ea6?s=96&d=mm&r=g\",\"caption\":\"svmep-webmaster\"}}]}<\/script>\n<!-- \/ Yoast SEO plugin. -->","yoast_head_json":{"title":"Interdiction des d\u00e9bats contradictoires \u00e0 l'\u00e9cole : lettre ouverte au Chef du DEF - svmep.ch","description":"Lettre ouverte au Conseiller d'\u00c9tat Fr\u00e9d\u00e9ric Borloz, chef du DEF, \u00e0 propos de l'interdiction des d\u00e9bats contradictoires \u00e0 l'\u00e9cole.","robots":{"index":"index","follow":"follow","max-snippet":"max-snippet:-1","max-image-preview":"max-image-preview:large","max-video-preview":"max-video-preview:-1"},"canonical":"https:\/\/sud.svmep.ch\/svmep\/lettre-ouverte-a-frederic-borloz\/","og_locale":"fr_FR","og_type":"article","og_title":"Interdiction des d\u00e9bats contradictoires \u00e0 l'\u00e9cole : lettre ouverte au Chef du DEF - svmep.ch","og_description":"Lettre ouverte au Conseiller d'\u00c9tat Fr\u00e9d\u00e9ric Borloz, chef du DEF, \u00e0 propos de l'interdiction des d\u00e9bats contradictoires \u00e0 l'\u00e9cole.","og_url":"https:\/\/sud.svmep.ch\/svmep\/lettre-ouverte-a-frederic-borloz\/","og_site_name":"svmep.ch","article_published_time":"2023-09-08T10:37:00+00:00","article_modified_time":"2025-02-18T09:42:47+00:00","og_image":[{"width":212,"height":211,"url":"https:\/\/sud.svmep.ch\/svmep\/wp-content\/uploads\/2024\/11\/logo_SUD-educ-copie.png","type":"image\/png"}],"author":"svmep-webmaster","twitter_card":"summary_large_image","schema":{"@context":"https:\/\/schema.org","@graph":[{"@type":"Article","@id":"https:\/\/sud.svmep.ch\/svmep\/lettre-ouverte-a-frederic-borloz\/#article","isPartOf":{"@id":"https:\/\/sud.svmep.ch\/svmep\/lettre-ouverte-a-frederic-borloz\/"},"author":{"name":"svmep-webmaster","@id":"https:\/\/sud.svmep.ch\/svmep\/#\/schema\/person\/c89c46f48a039b5e5bc4a8eeeab1aece"},"headline":"Interdiction des d\u00e9bats contradictoires \u00e0 l&rsquo;\u00e9cole : lettre ouverte au Chef du DEF","datePublished":"2023-09-08T10:37:00+00:00","dateModified":"2025-02-18T09:42:47+00:00","mainEntityOfPage":{"@id":"https:\/\/sud.svmep.ch\/svmep\/lettre-ouverte-a-frederic-borloz\/"},"wordCount":153,"publisher":{"@id":"https:\/\/sud.svmep.ch\/svmep\/#organization"},"image":{"@id":"https:\/\/sud.svmep.ch\/svmep\/lettre-ouverte-a-frederic-borloz\/#primaryimage"},"thumbnailUrl":"https:\/\/sud.svmep.ch\/svmep\/wp-content\/uploads\/2024\/11\/logo_SUD-educ-copie.png","keywords":["enseignement"],"articleSection":["Positions sur l'\u00e9cole publique et la formation professionnelle","SUD-\u00c9ducation"],"inLanguage":"fr-FR"},{"@type":"WebPage","@id":"https:\/\/sud.svmep.ch\/svmep\/lettre-ouverte-a-frederic-borloz\/","url":"https:\/\/sud.svmep.ch\/svmep\/lettre-ouverte-a-frederic-borloz\/","name":"Interdiction des d\u00e9bats contradictoires \u00e0 l'\u00e9cole : lettre ouverte au Chef du DEF - svmep.ch","isPartOf":{"@id":"https:\/\/sud.svmep.ch\/svmep\/#website"},"primaryImageOfPage":{"@id":"https:\/\/sud.svmep.ch\/svmep\/lettre-ouverte-a-frederic-borloz\/#primaryimage"},"image":{"@id":"https:\/\/sud.svmep.ch\/svmep\/lettre-ouverte-a-frederic-borloz\/#primaryimage"},"thumbnailUrl":"https:\/\/sud.svmep.ch\/svmep\/wp-content\/uploads\/2024\/11\/logo_SUD-educ-copie.png","datePublished":"2023-09-08T10:37:00+00:00","dateModified":"2025-02-18T09:42:47+00:00","description":"Lettre ouverte au Conseiller d'\u00c9tat Fr\u00e9d\u00e9ric Borloz, chef du DEF, \u00e0 propos de l'interdiction des d\u00e9bats contradictoires \u00e0 l'\u00e9cole.","breadcrumb":{"@id":"https:\/\/sud.svmep.ch\/svmep\/lettre-ouverte-a-frederic-borloz\/#breadcrumb"},"inLanguage":"fr-FR","potentialAction":[{"@type":"ReadAction","target":["https:\/\/sud.svmep.ch\/svmep\/lettre-ouverte-a-frederic-borloz\/"]}]},{"@type":"ImageObject","inLanguage":"fr-FR","@id":"https:\/\/sud.svmep.ch\/svmep\/lettre-ouverte-a-frederic-borloz\/#primaryimage","url":"https:\/\/sud.svmep.ch\/svmep\/wp-content\/uploads\/2024\/11\/logo_SUD-educ-copie.png","contentUrl":"https:\/\/sud.svmep.ch\/svmep\/wp-content\/uploads\/2024\/11\/logo_SUD-educ-copie.png","width":212,"height":211},{"@type":"BreadcrumbList","@id":"https:\/\/sud.svmep.ch\/svmep\/lettre-ouverte-a-frederic-borloz\/#breadcrumb","itemListElement":[{"@type":"ListItem","position":1,"name":"Accueil","item":"https:\/\/sud.svmep.ch\/svmep\/"},{"@type":"ListItem","position":2,"name":"Positions sur l'\u00e9cole publique et la formation professionnelle","item":"https:\/\/sud.svmep.ch\/svmep\/category\/positions-sur-lecole-publique-et-la-formation-professionnelle\/"},{"@type":"ListItem","position":3,"name":"Interdiction des d\u00e9bats contradictoires \u00e0 l&rsquo;\u00e9cole : lettre ouverte au Chef du DEF"}]},{"@type":"WebSite","@id":"https:\/\/sud.svmep.ch\/svmep\/#website","url":"https:\/\/sud.svmep.ch\/svmep\/","name":"Syndicat vaudois des ma\u00eetres.ses de l'enseignement professionnel","description":"","publisher":{"@id":"https:\/\/sud.svmep.ch\/svmep\/#organization"},"alternateName":"SVMEP","potentialAction":[{"@type":"SearchAction","target":{"@type":"EntryPoint","urlTemplate":"https:\/\/sud.svmep.ch\/svmep\/?s={search_term_string}"},"query-input":{"@type":"PropertyValueSpecification","valueRequired":true,"valueName":"search_term_string"}}],"inLanguage":"fr-FR"},{"@type":"Organization","@id":"https:\/\/sud.svmep.ch\/svmep\/#organization","name":"Syndicat vaudois des ma\u00eetres.ses de l'enseignement professionnel SVMEP","alternateName":"SVMEP","url":"https:\/\/sud.svmep.ch\/svmep\/","logo":{"@type":"ImageObject","inLanguage":"fr-FR","@id":"https:\/\/sud.svmep.ch\/svmep\/#\/schema\/logo\/image\/","url":"https:\/\/sud.svmep.ch\/svmep\/wp-content\/uploads\/2024\/09\/svmep150x260.jpg","contentUrl":"https:\/\/sud.svmep.ch\/svmep\/wp-content\/uploads\/2024\/09\/svmep150x260.jpg","width":226,"height":127,"caption":"Syndicat vaudois des ma\u00eetres.ses de l'enseignement professionnel SVMEP"},"image":{"@id":"https:\/\/sud.svmep.ch\/svmep\/#\/schema\/logo\/image\/"}},{"@type":"Person","@id":"https:\/\/sud.svmep.ch\/svmep\/#\/schema\/person\/c89c46f48a039b5e5bc4a8eeeab1aece","name":"svmep-webmaster","image":{"@type":"ImageObject","inLanguage":"fr-FR","@id":"https:\/\/secure.gravatar.com\/avatar\/75b5925b5ca4f3df48f6bb05f81ad13dab8238efffb28bf26c5f1682dff96ea6?s=96&d=mm&r=g","url":"https:\/\/secure.gravatar.com\/avatar\/75b5925b5ca4f3df48f6bb05f81ad13dab8238efffb28bf26c5f1682dff96ea6?s=96&d=mm&r=g","contentUrl":"https:\/\/secure.gravatar.com\/avatar\/75b5925b5ca4f3df48f6bb05f81ad13dab8238efffb28bf26c5f1682dff96ea6?s=96&d=mm&r=g","caption":"svmep-webmaster"}}]}},"_links":{"self":[{"href":"https:\/\/sud.svmep.ch\/svmep\/wp-json\/wp\/v2\/posts\/927","targetHints":{"allow":["GET"]}}],"collection":[{"href":"https:\/\/sud.svmep.ch\/svmep\/wp-json\/wp\/v2\/posts"}],"about":[{"href":"https:\/\/sud.svmep.ch\/svmep\/wp-json\/wp\/v2\/types\/post"}],"author":[{"embeddable":true,"href":"https:\/\/sud.svmep.ch\/svmep\/wp-json\/wp\/v2\/users\/4"}],"replies":[{"embeddable":true,"href":"https:\/\/sud.svmep.ch\/svmep\/wp-json\/wp\/v2\/comments?post=927"}],"version-history":[{"count":0,"href":"https:\/\/sud.svmep.ch\/svmep\/wp-json\/wp\/v2\/posts\/927\/revisions"}],"wp:featuredmedia":[{"embeddable":true,"href":"https:\/\/sud.svmep.ch\/svmep\/wp-json\/wp\/v2\/media\/1542"}],"wp:attachment":[{"href":"https:\/\/sud.svmep.ch\/svmep\/wp-json\/wp\/v2\/media?parent=927"}],"wp:term":[{"taxonomy":"category","embeddable":true,"href":"https:\/\/sud.svmep.ch\/svmep\/wp-json\/wp\/v2\/categories?post=927"},{"taxonomy":"post_tag","embeddable":true,"href":"https:\/\/sud.svmep.ch\/svmep\/wp-json\/wp\/v2\/tags?post=927"}],"curies":[{"name":"wp","href":"https:\/\/api.w.org\/{rel}","templated":true}]}}