{"id":994,"date":"2024-02-09T20:51:11","date_gmt":"2024-02-09T19:51:11","guid":{"rendered":"http:\/\/sud.svmep.ch\/?p=994"},"modified":"2025-09-21T17:14:36","modified_gmt":"2025-09-21T16:14:36","slug":"respect-du-droit-a-la-sante-et-a-la-personnalite-des-enseignant-e-s-quel-soutien-de-la-hierarchie","status":"publish","type":"post","link":"https:\/\/sud.svmep.ch\/svmep\/respect-du-droit-a-la-sante-et-a-la-personnalite-des-enseignant-e-s-quel-soutien-de-la-hierarchie\/","title":{"rendered":"Respect du droit \u00e0 la sant\u00e9 et \u00e0 la personnalit\u00e9 des enseignant.e.s : quel soutien de la hi\u00e9rarchie ?"},"content":{"rendered":"<div class=\"wp-block-post-date\"><time datetime=\"2024-02-09T20:51:11+01:00\">9 f\u00e9vrier 2024<\/time><\/div>\n\n\n<p><strong>Nous avons assist\u00e9 ce mercredi 7 f\u00e9vrier 2024, au Tribunal de prud\u2019hommes de l\u2019Administration cantonale (TRIPAC), \u00e0 la fin de l&rsquo;instruction et aux plaidoiries d&rsquo;une affaire dont le jugement, attendu pour ce mois-ci, nous concernera toutes et tous.<\/strong><\/p>\n<p>En effet, une coll\u00e8gue du secondaire obligatoire a d\u00e9nonc\u00e9 \u00e0 la justice l&rsquo;inaction de sa hi\u00e9rarchie et du D\u00e9partement suite \u00e0 un tag obsc\u00e8ne et sexiste qui l&rsquo;injuriait sur plusieurs m\u00e8tres \u00e0 proximit\u00e9 de l&rsquo;\u00e9cole o\u00f9 elle enseignait alors. Cette coll\u00e8gue a le soutien plein et entier de SUD et du SVMEP.<\/p>\n<ul>\n<li>Plus d&rsquo;<a href=\"https:\/\/sud-vd.ch\/agressions-contre-les-enseignant%c2%b7es-quels-devoirs-pour-lemployeur\/\" target=\"_blank\" rel=\"noreferrer noopener\">informations sur le site de SUD<\/a><\/li>\n<li>R\u00e9sum\u00e9 de l&rsquo;audience dans l&rsquo;article de <em>24Heures<\/em>\u00a0intitul\u00e9 :\u00a0<a href=\"https:\/\/www.24heures.ch\/proces-injuriee-une-prof-denonce-lapathie-de-lecole-150006487392\" target=\"_blank\" rel=\"noreferrer noopener\">Trait\u00e9e de \u00abpute\u00bb, une professeure d\u00e9nonce l&rsquo;apathie de l&rsquo;\u00e9cole<\/a><\/li>\n<\/ul>\n\n\n\n<p class=\"has-text-align-right\"><strong>Mise \u00e0 jour <\/strong>(1er mars 2024) : Victoire ! <strong>Le TRIPAC a largement donn\u00e9 raison \u00e0 notre coll\u00e8gue.<\/strong><br>Pour les approfondissements, lisez le <a href=\"https:\/\/sud-vd.ch\/sud\/wp-content\/uploads\/SUD-20240301-enseignante-agressee.pdf\" target=\"_blank\" rel=\"noreferrer noopener\">communiqu\u00e9 publi\u00e9 par la F\u00e9d\u00e9ration SUD<\/a><br>et <a href=\"https:\/\/www.rts.ch\/info\/regions\/vaud\/2024\/article\/l-etat-de-vaud-aurait-du-mieux-soutenir-une-enseignante-visee-par-des-tags-insultants-28421716.html\" target=\"_blank\" rel=\"noreferrer noopener\">l&rsquo;article que la RTS<\/a> \u00e0 consacr\u00e9 \u00e0 ce jugement.<\/p>\n","protected":false},"excerpt":{"rendered":"<p>9 f\u00e9vrier 2024 Nous avons assist\u00e9 ce mercredi 7 f\u00e9vrier 2024, au Tribunal de prud\u2019hommes de l\u2019Administration cantonale (TRIPAC), \u00e0 la fin de l&rsquo;instruction et aux plaidoiries d&rsquo;une affaire dont [&hellip;]<\/p>\n","protected":false},"author":4,"featured_media":1542,"comment_status":"closed","ping_status":"closed","sticky":false,"template":"","format":"standard","meta":{"footnotes":""},"categories":[5],"tags":[45,26],"class_list":["post-994","post","type-post","status-publish","format-standard","has-post-thumbnail","hentry","category-sud-education","tag-enseignement","tag-lois-et-reglements"],"yoast_head":"<!-- This site is optimized with the Yoast SEO plugin v27.4 - https:\/\/yoast.com\/product\/yoast-seo-wordpress\/ -->\n<title>Respect du droit \u00e0 la sant\u00e9 et \u00e0 la personnalit\u00e9 des enseignant.e.s : quel soutien de la hi\u00e9rarchie ? - svmep.ch<\/title>\n<meta name=\"description\" content=\"Jugement du TRIPAC, o\u00f9 une enseignante a d\u00e9nonc\u00e9 l&#039;inaction de sa hi\u00e9rarchie suite \u00e0 un tag obsc\u00e8ne et sexiste.\" \/>\n<meta name=\"robots\" content=\"index, follow, max-snippet:-1, max-image-preview:large, max-video-preview:-1\" \/>\n<link rel=\"canonical\" href=\"https:\/\/sud.svmep.ch\/svmep\/respect-du-droit-a-la-sante-et-a-la-personnalite-des-enseignant-e-s-quel-soutien-de-la-hierarchie\/\" \/>\n<meta property=\"og:locale\" content=\"fr_FR\" \/>\n<meta property=\"og:type\" content=\"article\" \/>\n<meta property=\"og:title\" content=\"Respect du droit \u00e0 la sant\u00e9 et \u00e0 la personnalit\u00e9 des enseignant.e.s : quel soutien de la hi\u00e9rarchie ? - svmep.ch\" \/>\n<meta property=\"og:description\" content=\"Jugement du TRIPAC, o\u00f9 une enseignante a d\u00e9nonc\u00e9 l&#039;inaction de sa hi\u00e9rarchie suite \u00e0 un tag obsc\u00e8ne et sexiste.\" \/>\n<meta property=\"og:url\" content=\"https:\/\/sud.svmep.ch\/svmep\/respect-du-droit-a-la-sante-et-a-la-personnalite-des-enseignant-e-s-quel-soutien-de-la-hierarchie\/\" \/>\n<meta property=\"og:site_name\" content=\"svmep.ch\" \/>\n<meta property=\"article:published_time\" content=\"2024-02-09T19:51:11+00:00\" \/>\n<meta property=\"article:modified_time\" content=\"2025-09-21T16:14:36+00:00\" \/>\n<meta property=\"og:image\" content=\"https:\/\/sud.svmep.ch\/svmep\/wp-content\/uploads\/2024\/11\/logo_SUD-educ-copie.png\" \/>\n\t<meta property=\"og:image:width\" content=\"212\" \/>\n\t<meta property=\"og:image:height\" content=\"211\" \/>\n\t<meta property=\"og:image:type\" content=\"image\/png\" \/>\n<meta name=\"author\" content=\"svmep-webmaster\" \/>\n<meta name=\"twitter:card\" content=\"summary_large_image\" \/>\n<script type=\"application\/ld+json\" class=\"yoast-schema-graph\">{\"@context\":\"https:\\\/\\\/schema.org\",\"@graph\":[{\"@type\":\"Article\",\"@id\":\"https:\\\/\\\/sud.svmep.ch\\\/svmep\\\/respect-du-droit-a-la-sante-et-a-la-personnalite-des-enseignant-e-s-quel-soutien-de-la-hierarchie\\\/#article\",\"isPartOf\":{\"@id\":\"https:\\\/\\\/sud.svmep.ch\\\/svmep\\\/respect-du-droit-a-la-sante-et-a-la-personnalite-des-enseignant-e-s-quel-soutien-de-la-hierarchie\\\/\"},\"author\":{\"name\":\"svmep-webmaster\",\"@id\":\"https:\\\/\\\/sud.svmep.ch\\\/svmep\\\/#\\\/schema\\\/person\\\/c89c46f48a039b5e5bc4a8eeeab1aece\"},\"headline\":\"Respect du droit \u00e0 la sant\u00e9 et \u00e0 la personnalit\u00e9 des enseignant.e.s : quel soutien de la hi\u00e9rarchie ?\",\"datePublished\":\"2024-02-09T19:51:11+00:00\",\"dateModified\":\"2025-09-21T16:14:36+00:00\",\"mainEntityOfPage\":{\"@id\":\"https:\\\/\\\/sud.svmep.ch\\\/svmep\\\/respect-du-droit-a-la-sante-et-a-la-personnalite-des-enseignant-e-s-quel-soutien-de-la-hierarchie\\\/\"},\"wordCount\":176,\"publisher\":{\"@id\":\"https:\\\/\\\/sud.svmep.ch\\\/svmep\\\/#organization\"},\"image\":{\"@id\":\"https:\\\/\\\/sud.svmep.ch\\\/svmep\\\/respect-du-droit-a-la-sante-et-a-la-personnalite-des-enseignant-e-s-quel-soutien-de-la-hierarchie\\\/#primaryimage\"},\"thumbnailUrl\":\"https:\\\/\\\/sud.svmep.ch\\\/svmep\\\/wp-content\\\/uploads\\\/2024\\\/11\\\/logo_SUD-educ-copie.png\",\"keywords\":[\"enseignement\",\"lois et r\u00e8glements\"],\"articleSection\":[\"SUD-\u00c9ducation\"],\"inLanguage\":\"fr-FR\"},{\"@type\":\"WebPage\",\"@id\":\"https:\\\/\\\/sud.svmep.ch\\\/svmep\\\/respect-du-droit-a-la-sante-et-a-la-personnalite-des-enseignant-e-s-quel-soutien-de-la-hierarchie\\\/\",\"url\":\"https:\\\/\\\/sud.svmep.ch\\\/svmep\\\/respect-du-droit-a-la-sante-et-a-la-personnalite-des-enseignant-e-s-quel-soutien-de-la-hierarchie\\\/\",\"name\":\"Respect du droit \u00e0 la sant\u00e9 et \u00e0 la personnalit\u00e9 des enseignant.e.s : quel soutien de la hi\u00e9rarchie ? - svmep.ch\",\"isPartOf\":{\"@id\":\"https:\\\/\\\/sud.svmep.ch\\\/svmep\\\/#website\"},\"primaryImageOfPage\":{\"@id\":\"https:\\\/\\\/sud.svmep.ch\\\/svmep\\\/respect-du-droit-a-la-sante-et-a-la-personnalite-des-enseignant-e-s-quel-soutien-de-la-hierarchie\\\/#primaryimage\"},\"image\":{\"@id\":\"https:\\\/\\\/sud.svmep.ch\\\/svmep\\\/respect-du-droit-a-la-sante-et-a-la-personnalite-des-enseignant-e-s-quel-soutien-de-la-hierarchie\\\/#primaryimage\"},\"thumbnailUrl\":\"https:\\\/\\\/sud.svmep.ch\\\/svmep\\\/wp-content\\\/uploads\\\/2024\\\/11\\\/logo_SUD-educ-copie.png\",\"datePublished\":\"2024-02-09T19:51:11+00:00\",\"dateModified\":\"2025-09-21T16:14:36+00:00\",\"description\":\"Jugement du TRIPAC, o\u00f9 une enseignante a d\u00e9nonc\u00e9 l'inaction de sa hi\u00e9rarchie suite \u00e0 un tag obsc\u00e8ne et sexiste.\",\"breadcrumb\":{\"@id\":\"https:\\\/\\\/sud.svmep.ch\\\/svmep\\\/respect-du-droit-a-la-sante-et-a-la-personnalite-des-enseignant-e-s-quel-soutien-de-la-hierarchie\\\/#breadcrumb\"},\"inLanguage\":\"fr-FR\",\"potentialAction\":[{\"@type\":\"ReadAction\",\"target\":[\"https:\\\/\\\/sud.svmep.ch\\\/svmep\\\/respect-du-droit-a-la-sante-et-a-la-personnalite-des-enseignant-e-s-quel-soutien-de-la-hierarchie\\\/\"]}]},{\"@type\":\"ImageObject\",\"inLanguage\":\"fr-FR\",\"@id\":\"https:\\\/\\\/sud.svmep.ch\\\/svmep\\\/respect-du-droit-a-la-sante-et-a-la-personnalite-des-enseignant-e-s-quel-soutien-de-la-hierarchie\\\/#primaryimage\",\"url\":\"https:\\\/\\\/sud.svmep.ch\\\/svmep\\\/wp-content\\\/uploads\\\/2024\\\/11\\\/logo_SUD-educ-copie.png\",\"contentUrl\":\"https:\\\/\\\/sud.svmep.ch\\\/svmep\\\/wp-content\\\/uploads\\\/2024\\\/11\\\/logo_SUD-educ-copie.png\",\"width\":212,\"height\":211},{\"@type\":\"BreadcrumbList\",\"@id\":\"https:\\\/\\\/sud.svmep.ch\\\/svmep\\\/respect-du-droit-a-la-sante-et-a-la-personnalite-des-enseignant-e-s-quel-soutien-de-la-hierarchie\\\/#breadcrumb\",\"itemListElement\":[{\"@type\":\"ListItem\",\"position\":1,\"name\":\"Accueil\",\"item\":\"https:\\\/\\\/sud.svmep.ch\\\/svmep\\\/\"},{\"@type\":\"ListItem\",\"position\":2,\"name\":\"SUD-\u00c9ducation\",\"item\":\"https:\\\/\\\/sud.svmep.ch\\\/svmep\\\/category\\\/sud-education\\\/\"},{\"@type\":\"ListItem\",\"position\":3,\"name\":\"Respect du droit \u00e0 la sant\u00e9 et \u00e0 la personnalit\u00e9 des enseignant.e.s : quel soutien de la hi\u00e9rarchie ?\"}]},{\"@type\":\"WebSite\",\"@id\":\"https:\\\/\\\/sud.svmep.ch\\\/svmep\\\/#website\",\"url\":\"https:\\\/\\\/sud.svmep.ch\\\/svmep\\\/\",\"name\":\"Syndicat vaudois des ma\u00eetres.ses de l'enseignement professionnel\",\"description\":\"\",\"publisher\":{\"@id\":\"https:\\\/\\\/sud.svmep.ch\\\/svmep\\\/#organization\"},\"alternateName\":\"SVMEP\",\"potentialAction\":[{\"@type\":\"SearchAction\",\"target\":{\"@type\":\"EntryPoint\",\"urlTemplate\":\"https:\\\/\\\/sud.svmep.ch\\\/svmep\\\/?s={search_term_string}\"},\"query-input\":{\"@type\":\"PropertyValueSpecification\",\"valueRequired\":true,\"valueName\":\"search_term_string\"}}],\"inLanguage\":\"fr-FR\"},{\"@type\":\"Organization\",\"@id\":\"https:\\\/\\\/sud.svmep.ch\\\/svmep\\\/#organization\",\"name\":\"Syndicat vaudois des ma\u00eetres.ses de l'enseignement professionnel SVMEP\",\"alternateName\":\"SVMEP\",\"url\":\"https:\\\/\\\/sud.svmep.ch\\\/svmep\\\/\",\"logo\":{\"@type\":\"ImageObject\",\"inLanguage\":\"fr-FR\",\"@id\":\"https:\\\/\\\/sud.svmep.ch\\\/svmep\\\/#\\\/schema\\\/logo\\\/image\\\/\",\"url\":\"https:\\\/\\\/sud.svmep.ch\\\/svmep\\\/wp-content\\\/uploads\\\/2024\\\/09\\\/svmep150x260.jpg\",\"contentUrl\":\"https:\\\/\\\/sud.svmep.ch\\\/svmep\\\/wp-content\\\/uploads\\\/2024\\\/09\\\/svmep150x260.jpg\",\"width\":226,\"height\":127,\"caption\":\"Syndicat vaudois des ma\u00eetres.ses de l'enseignement professionnel SVMEP\"},\"image\":{\"@id\":\"https:\\\/\\\/sud.svmep.ch\\\/svmep\\\/#\\\/schema\\\/logo\\\/image\\\/\"}},{\"@type\":\"Person\",\"@id\":\"https:\\\/\\\/sud.svmep.ch\\\/svmep\\\/#\\\/schema\\\/person\\\/c89c46f48a039b5e5bc4a8eeeab1aece\",\"name\":\"svmep-webmaster\",\"image\":{\"@type\":\"ImageObject\",\"inLanguage\":\"fr-FR\",\"@id\":\"https:\\\/\\\/secure.gravatar.com\\\/avatar\\\/75b5925b5ca4f3df48f6bb05f81ad13dab8238efffb28bf26c5f1682dff96ea6?s=96&d=mm&r=g\",\"url\":\"https:\\\/\\\/secure.gravatar.com\\\/avatar\\\/75b5925b5ca4f3df48f6bb05f81ad13dab8238efffb28bf26c5f1682dff96ea6?s=96&d=mm&r=g\",\"contentUrl\":\"https:\\\/\\\/secure.gravatar.com\\\/avatar\\\/75b5925b5ca4f3df48f6bb05f81ad13dab8238efffb28bf26c5f1682dff96ea6?s=96&d=mm&r=g\",\"caption\":\"svmep-webmaster\"}}]}<\/script>\n<!-- \/ Yoast SEO plugin. -->","yoast_head_json":{"title":"Respect du droit \u00e0 la sant\u00e9 et \u00e0 la personnalit\u00e9 des enseignant.e.s : quel soutien de la hi\u00e9rarchie ? - svmep.ch","description":"Jugement du TRIPAC, o\u00f9 une enseignante a d\u00e9nonc\u00e9 l'inaction de sa hi\u00e9rarchie suite \u00e0 un tag obsc\u00e8ne et sexiste.","robots":{"index":"index","follow":"follow","max-snippet":"max-snippet:-1","max-image-preview":"max-image-preview:large","max-video-preview":"max-video-preview:-1"},"canonical":"https:\/\/sud.svmep.ch\/svmep\/respect-du-droit-a-la-sante-et-a-la-personnalite-des-enseignant-e-s-quel-soutien-de-la-hierarchie\/","og_locale":"fr_FR","og_type":"article","og_title":"Respect du droit \u00e0 la sant\u00e9 et \u00e0 la personnalit\u00e9 des enseignant.e.s : quel soutien de la hi\u00e9rarchie ? - svmep.ch","og_description":"Jugement du TRIPAC, o\u00f9 une enseignante a d\u00e9nonc\u00e9 l'inaction de sa hi\u00e9rarchie suite \u00e0 un tag obsc\u00e8ne et sexiste.","og_url":"https:\/\/sud.svmep.ch\/svmep\/respect-du-droit-a-la-sante-et-a-la-personnalite-des-enseignant-e-s-quel-soutien-de-la-hierarchie\/","og_site_name":"svmep.ch","article_published_time":"2024-02-09T19:51:11+00:00","article_modified_time":"2025-09-21T16:14:36+00:00","og_image":[{"width":212,"height":211,"url":"https:\/\/sud.svmep.ch\/svmep\/wp-content\/uploads\/2024\/11\/logo_SUD-educ-copie.png","type":"image\/png"}],"author":"svmep-webmaster","twitter_card":"summary_large_image","schema":{"@context":"https:\/\/schema.org","@graph":[{"@type":"Article","@id":"https:\/\/sud.svmep.ch\/svmep\/respect-du-droit-a-la-sante-et-a-la-personnalite-des-enseignant-e-s-quel-soutien-de-la-hierarchie\/#article","isPartOf":{"@id":"https:\/\/sud.svmep.ch\/svmep\/respect-du-droit-a-la-sante-et-a-la-personnalite-des-enseignant-e-s-quel-soutien-de-la-hierarchie\/"},"author":{"name":"svmep-webmaster","@id":"https:\/\/sud.svmep.ch\/svmep\/#\/schema\/person\/c89c46f48a039b5e5bc4a8eeeab1aece"},"headline":"Respect du droit \u00e0 la sant\u00e9 et \u00e0 la personnalit\u00e9 des enseignant.e.s : quel soutien de la hi\u00e9rarchie ?","datePublished":"2024-02-09T19:51:11+00:00","dateModified":"2025-09-21T16:14:36+00:00","mainEntityOfPage":{"@id":"https:\/\/sud.svmep.ch\/svmep\/respect-du-droit-a-la-sante-et-a-la-personnalite-des-enseignant-e-s-quel-soutien-de-la-hierarchie\/"},"wordCount":176,"publisher":{"@id":"https:\/\/sud.svmep.ch\/svmep\/#organization"},"image":{"@id":"https:\/\/sud.svmep.ch\/svmep\/respect-du-droit-a-la-sante-et-a-la-personnalite-des-enseignant-e-s-quel-soutien-de-la-hierarchie\/#primaryimage"},"thumbnailUrl":"https:\/\/sud.svmep.ch\/svmep\/wp-content\/uploads\/2024\/11\/logo_SUD-educ-copie.png","keywords":["enseignement","lois et r\u00e8glements"],"articleSection":["SUD-\u00c9ducation"],"inLanguage":"fr-FR"},{"@type":"WebPage","@id":"https:\/\/sud.svmep.ch\/svmep\/respect-du-droit-a-la-sante-et-a-la-personnalite-des-enseignant-e-s-quel-soutien-de-la-hierarchie\/","url":"https:\/\/sud.svmep.ch\/svmep\/respect-du-droit-a-la-sante-et-a-la-personnalite-des-enseignant-e-s-quel-soutien-de-la-hierarchie\/","name":"Respect du droit \u00e0 la sant\u00e9 et \u00e0 la personnalit\u00e9 des enseignant.e.s : quel soutien de la hi\u00e9rarchie ? - svmep.ch","isPartOf":{"@id":"https:\/\/sud.svmep.ch\/svmep\/#website"},"primaryImageOfPage":{"@id":"https:\/\/sud.svmep.ch\/svmep\/respect-du-droit-a-la-sante-et-a-la-personnalite-des-enseignant-e-s-quel-soutien-de-la-hierarchie\/#primaryimage"},"image":{"@id":"https:\/\/sud.svmep.ch\/svmep\/respect-du-droit-a-la-sante-et-a-la-personnalite-des-enseignant-e-s-quel-soutien-de-la-hierarchie\/#primaryimage"},"thumbnailUrl":"https:\/\/sud.svmep.ch\/svmep\/wp-content\/uploads\/2024\/11\/logo_SUD-educ-copie.png","datePublished":"2024-02-09T19:51:11+00:00","dateModified":"2025-09-21T16:14:36+00:00","description":"Jugement du TRIPAC, o\u00f9 une enseignante a d\u00e9nonc\u00e9 l'inaction de sa hi\u00e9rarchie suite \u00e0 un tag obsc\u00e8ne et sexiste.","breadcrumb":{"@id":"https:\/\/sud.svmep.ch\/svmep\/respect-du-droit-a-la-sante-et-a-la-personnalite-des-enseignant-e-s-quel-soutien-de-la-hierarchie\/#breadcrumb"},"inLanguage":"fr-FR","potentialAction":[{"@type":"ReadAction","target":["https:\/\/sud.svmep.ch\/svmep\/respect-du-droit-a-la-sante-et-a-la-personnalite-des-enseignant-e-s-quel-soutien-de-la-hierarchie\/"]}]},{"@type":"ImageObject","inLanguage":"fr-FR","@id":"https:\/\/sud.svmep.ch\/svmep\/respect-du-droit-a-la-sante-et-a-la-personnalite-des-enseignant-e-s-quel-soutien-de-la-hierarchie\/#primaryimage","url":"https:\/\/sud.svmep.ch\/svmep\/wp-content\/uploads\/2024\/11\/logo_SUD-educ-copie.png","contentUrl":"https:\/\/sud.svmep.ch\/svmep\/wp-content\/uploads\/2024\/11\/logo_SUD-educ-copie.png","width":212,"height":211},{"@type":"BreadcrumbList","@id":"https:\/\/sud.svmep.ch\/svmep\/respect-du-droit-a-la-sante-et-a-la-personnalite-des-enseignant-e-s-quel-soutien-de-la-hierarchie\/#breadcrumb","itemListElement":[{"@type":"ListItem","position":1,"name":"Accueil","item":"https:\/\/sud.svmep.ch\/svmep\/"},{"@type":"ListItem","position":2,"name":"SUD-\u00c9ducation","item":"https:\/\/sud.svmep.ch\/svmep\/category\/sud-education\/"},{"@type":"ListItem","position":3,"name":"Respect du droit \u00e0 la sant\u00e9 et \u00e0 la personnalit\u00e9 des enseignant.e.s : quel soutien de la hi\u00e9rarchie ?"}]},{"@type":"WebSite","@id":"https:\/\/sud.svmep.ch\/svmep\/#website","url":"https:\/\/sud.svmep.ch\/svmep\/","name":"Syndicat vaudois des ma\u00eetres.ses de l'enseignement professionnel","description":"","publisher":{"@id":"https:\/\/sud.svmep.ch\/svmep\/#organization"},"alternateName":"SVMEP","potentialAction":[{"@type":"SearchAction","target":{"@type":"EntryPoint","urlTemplate":"https:\/\/sud.svmep.ch\/svmep\/?s={search_term_string}"},"query-input":{"@type":"PropertyValueSpecification","valueRequired":true,"valueName":"search_term_string"}}],"inLanguage":"fr-FR"},{"@type":"Organization","@id":"https:\/\/sud.svmep.ch\/svmep\/#organization","name":"Syndicat vaudois des ma\u00eetres.ses de l'enseignement professionnel SVMEP","alternateName":"SVMEP","url":"https:\/\/sud.svmep.ch\/svmep\/","logo":{"@type":"ImageObject","inLanguage":"fr-FR","@id":"https:\/\/sud.svmep.ch\/svmep\/#\/schema\/logo\/image\/","url":"https:\/\/sud.svmep.ch\/svmep\/wp-content\/uploads\/2024\/09\/svmep150x260.jpg","contentUrl":"https:\/\/sud.svmep.ch\/svmep\/wp-content\/uploads\/2024\/09\/svmep150x260.jpg","width":226,"height":127,"caption":"Syndicat vaudois des ma\u00eetres.ses de l'enseignement professionnel SVMEP"},"image":{"@id":"https:\/\/sud.svmep.ch\/svmep\/#\/schema\/logo\/image\/"}},{"@type":"Person","@id":"https:\/\/sud.svmep.ch\/svmep\/#\/schema\/person\/c89c46f48a039b5e5bc4a8eeeab1aece","name":"svmep-webmaster","image":{"@type":"ImageObject","inLanguage":"fr-FR","@id":"https:\/\/secure.gravatar.com\/avatar\/75b5925b5ca4f3df48f6bb05f81ad13dab8238efffb28bf26c5f1682dff96ea6?s=96&d=mm&r=g","url":"https:\/\/secure.gravatar.com\/avatar\/75b5925b5ca4f3df48f6bb05f81ad13dab8238efffb28bf26c5f1682dff96ea6?s=96&d=mm&r=g","contentUrl":"https:\/\/secure.gravatar.com\/avatar\/75b5925b5ca4f3df48f6bb05f81ad13dab8238efffb28bf26c5f1682dff96ea6?s=96&d=mm&r=g","caption":"svmep-webmaster"}}]}},"_links":{"self":[{"href":"https:\/\/sud.svmep.ch\/svmep\/wp-json\/wp\/v2\/posts\/994","targetHints":{"allow":["GET"]}}],"collection":[{"href":"https:\/\/sud.svmep.ch\/svmep\/wp-json\/wp\/v2\/posts"}],"about":[{"href":"https:\/\/sud.svmep.ch\/svmep\/wp-json\/wp\/v2\/types\/post"}],"author":[{"embeddable":true,"href":"https:\/\/sud.svmep.ch\/svmep\/wp-json\/wp\/v2\/users\/4"}],"replies":[{"embeddable":true,"href":"https:\/\/sud.svmep.ch\/svmep\/wp-json\/wp\/v2\/comments?post=994"}],"version-history":[{"count":0,"href":"https:\/\/sud.svmep.ch\/svmep\/wp-json\/wp\/v2\/posts\/994\/revisions"}],"wp:featuredmedia":[{"embeddable":true,"href":"https:\/\/sud.svmep.ch\/svmep\/wp-json\/wp\/v2\/media\/1542"}],"wp:attachment":[{"href":"https:\/\/sud.svmep.ch\/svmep\/wp-json\/wp\/v2\/media?parent=994"}],"wp:term":[{"taxonomy":"category","embeddable":true,"href":"https:\/\/sud.svmep.ch\/svmep\/wp-json\/wp\/v2\/categories?post=994"},{"taxonomy":"post_tag","embeddable":true,"href":"https:\/\/sud.svmep.ch\/svmep\/wp-json\/wp\/v2\/tags?post=994"}],"curies":[{"name":"wp","href":"https:\/\/api.w.org\/{rel}","templated":true}]}}