{"id":998,"date":"2024-03-07T15:34:00","date_gmt":"2024-03-07T14:34:00","guid":{"rendered":"http:\/\/sud.svmep.ch\/?p=998"},"modified":"2024-12-10T19:00:14","modified_gmt":"2024-12-10T18:00:14","slug":"lepcl-une-ecole-a-la-derive","status":"publish","type":"post","link":"https:\/\/sud.svmep.ch\/svmep\/lepcl-une-ecole-a-la-derive\/","title":{"rendered":"L&rsquo;EPCL, une \u00e9cole \u00e0 la d\u00e9rive"},"content":{"rendered":"<div class=\"wp-block-post-date\"><time datetime=\"2024-03-07T15:34:00+01:00\">7 mars 2024<\/time><\/div>\n\n\n<p style=\"font-style:normal;font-weight:600\">Les nombreux t\u00e9moignages d\u2019enseignant.e.s ainsi que la multiplication des arr\u00eats de travail ont alert\u00e9 notre syndicat sur une augmentation sensible des facteurs de risques psycho-sociaux pour le personnel de l\u2019\u00c9cole professionnelle commerciale de Lausanne (EPCL). Alors qu\u2019une rencontre a eu lieu \u00e0 ce sujet en juin 2023 entre le SVMEP, accompagn\u00e9 d\u2019une d\u00e9l\u00e9gation d\u2019enseignantes, et la Direction g\u00e9n\u00e9rale de l\u2019enseignement postobligatoire (DGEP), l\u2019employeur public n\u2019a depuis lors entrepris aucune action concr\u00e8te afin de prot\u00e9ger l\u2019int\u00e9grit\u00e9 personnelle et la sant\u00e9 de ses employ\u00e9.e.s.<\/p>\n\n\n\n<p style=\"font-style:normal;font-weight:300\">Nous publions \u00e0 ce sujet un num\u00e9ro sp\u00e9cial de notre <em>Gazette<\/em>, <strong>\u00e0 t\u00e9l\u00e9charger ci-dessous<\/strong>, qui expose les nombreux dysfonctionnements constat\u00e9s et en analyse les tenants et aboutissants. La dynamique de la gouvernance de l\u2019EPCL y est restitu\u00e9e en trois mouvements, qui sont les composants g\u00e9n\u00e9riques d\u2019un <strong>processus de pr\u00e9carisation du corps enseignant<\/strong>&nbsp;: un manque d\u2019acc\u00e8s aux moyens, une compensation par la contrainte, une distanciation face au cadre l\u00e9gal et r\u00e9glementaire.<\/p>\n\n\n\n<p style=\"font-style:normal;font-weight:300\">Au vu de la situation, en partie cons\u00e9quente \u00e0 une approche n\u00e9gligente de la DGEP, nous demandons que des <strong>mesures provisionnelles de protection<\/strong> soient instaur\u00e9es urgemment, en application du droit du travail f\u00e9d\u00e9ral et de la Loi sur le personnel de l\u2019\u00c9tat de Vaud. Si nos demandes ne sont pas prises en consid\u00e9ration et concr\u00e9tis\u00e9es dans les plus brefs d\u00e9lais, <strong>nous nous gardons le droit d\u2019agir pour d\u00e9fendre les droits et la sant\u00e9 des enseignant.e.s de l\u2019EPCL<\/strong>.<\/p>\n\n\n\n<p class=\"has-text-align-right\"><strong>La presse en parle :<a href=\"http:\/\/sud.svmep.ch\/svmep\/wp-content\/uploads\/2024\/09\/microphone_small.png\"><img loading=\"lazy\" decoding=\"async\" class=\"alignright  wp-image-1146\" src=\"http:\/\/sud.svmep.ch\/svmep\/wp-content\/uploads\/2024\/09\/microphone_small-150x150.png\" alt=\"\" width=\"50\" height=\"50\" \/><\/a><\/strong><br \/><em><a href=\"https:\/\/www.24heures.ch\/formation-professionnelle-lepcl-serait-aussi-en-crise-995142751835\" target=\"_blank\" rel=\"noreferrer noopener\">Apr\u00e8s la crise \u00e0 l&rsquo;\u00c9racom, l&rsquo;EPCL serait aussi \u00ab\u00e0 la d\u00e9rive\u00bb<\/a><\/em>, 24 heures<br \/><em><a href=\"https:\/\/www.24heures.ch\/vaud-pas-de-probleme-systemique-dans-ses-ecoles-pros-dit-letat-707260118971\" target=\"_blank\" rel=\"noreferrer noopener\">L&rsquo;\u00c9tat r\u00e9fute un probl\u00e8me \u00absyst\u00e9mique\u00bb dans ses \u00e9coles pros<\/a><\/em>, 24 heures<\/p>\n\n\n\n<div data-wp-interactive=\"core\/file\" class=\"wp-block-file\"><object data-wp-bind--hidden=\"!state.hasPdfPreview\" hidden class=\"wp-block-file__embed\" data=\"https:\/\/sud.svmep.ch\/svmep\/wp-content\/uploads\/2024\/03\/Gazette_EPCL.pdf\" type=\"application\/pdf\" style=\"width:100%;height:600px\" aria-label=\"Contenu embarqu\u00e9 Gazette EPCL.\"><\/object><a id=\"wp-block-file--media-07804d44-dffd-4976-94b0-7f96716bf287\" href=\"https:\/\/sud.svmep.ch\/svmep\/wp-content\/uploads\/2024\/03\/Gazette_EPCL.pdf\" target=\"_blank\" rel=\"noreferrer noopener\">Gazette EPCL<\/a><a href=\"https:\/\/sud.svmep.ch\/svmep\/wp-content\/uploads\/2024\/03\/Gazette_EPCL.pdf\" class=\"wp-block-file__button wp-element-button\" download aria-describedby=\"wp-block-file--media-07804d44-dffd-4976-94b0-7f96716bf287\">T\u00e9l\u00e9charger<\/a><\/div>\n","protected":false},"excerpt":{"rendered":"<p>7 mars 2024 Les nombreux t\u00e9moignages d\u2019enseignant.e.s ainsi que la multiplication des arr\u00eats de travail ont alert\u00e9 notre syndicat sur une augmentation sensible des facteurs de risques psycho-sociaux pour le [&hellip;]<\/p>\n","protected":false},"author":4,"featured_media":354,"comment_status":"closed","ping_status":"closed","sticky":false,"template":"","format":"standard","meta":{"footnotes":""},"categories":[21,4],"tags":[45,35],"class_list":["post-998","post","type-post","status-publish","format-standard","has-post-thumbnail","hentry","category-ecole-en-situation-de-crise","category-gazette-svmep","tag-enseignement","tag-epcl"],"yoast_head":"<!-- This site is optimized with the Yoast SEO plugin v27.4 - https:\/\/yoast.com\/product\/yoast-seo-wordpress\/ -->\n<title>L&#039;EPCL, une \u00e9cole \u00e0 la d\u00e9rive - svmep.ch<\/title>\n<meta name=\"robots\" content=\"index, follow, max-snippet:-1, max-image-preview:large, max-video-preview:-1\" \/>\n<link rel=\"canonical\" href=\"https:\/\/sud.svmep.ch\/svmep\/lepcl-une-ecole-a-la-derive\/\" \/>\n<meta property=\"og:locale\" content=\"fr_FR\" \/>\n<meta property=\"og:type\" content=\"article\" \/>\n<meta property=\"og:title\" content=\"L&#039;EPCL, une \u00e9cole \u00e0 la d\u00e9rive - svmep.ch\" \/>\n<meta property=\"og:description\" content=\"7 mars 2024 Les nombreux t\u00e9moignages d\u2019enseignant.e.s ainsi que la multiplication des arr\u00eats de travail ont alert\u00e9 notre syndicat sur une augmentation sensible des facteurs de risques psycho-sociaux pour le [&hellip;]\" \/>\n<meta property=\"og:url\" content=\"https:\/\/sud.svmep.ch\/svmep\/lepcl-une-ecole-a-la-derive\/\" \/>\n<meta property=\"og:site_name\" content=\"svmep.ch\" \/>\n<meta property=\"article:published_time\" content=\"2024-03-07T14:34:00+00:00\" \/>\n<meta property=\"article:modified_time\" content=\"2024-12-10T18:00:14+00:00\" \/>\n<meta property=\"og:image\" content=\"https:\/\/sud.svmep.ch\/svmep\/wp-content\/uploads\/2005\/09\/jpg_logo2.jpg\" \/>\n\t<meta property=\"og:image:width\" content=\"100\" \/>\n\t<meta property=\"og:image:height\" content=\"100\" \/>\n\t<meta property=\"og:image:type\" content=\"image\/jpeg\" \/>\n<meta name=\"author\" content=\"svmep-webmaster\" \/>\n<meta name=\"twitter:card\" content=\"summary_large_image\" \/>\n<script type=\"application\/ld+json\" class=\"yoast-schema-graph\">{\"@context\":\"https:\\\/\\\/schema.org\",\"@graph\":[{\"@type\":\"Article\",\"@id\":\"https:\\\/\\\/sud.svmep.ch\\\/svmep\\\/lepcl-une-ecole-a-la-derive\\\/#article\",\"isPartOf\":{\"@id\":\"https:\\\/\\\/sud.svmep.ch\\\/svmep\\\/lepcl-une-ecole-a-la-derive\\\/\"},\"author\":{\"name\":\"svmep-webmaster\",\"@id\":\"https:\\\/\\\/sud.svmep.ch\\\/svmep\\\/#\\\/schema\\\/person\\\/c89c46f48a039b5e5bc4a8eeeab1aece\"},\"headline\":\"L&rsquo;EPCL, une \u00e9cole \u00e0 la d\u00e9rive\",\"datePublished\":\"2024-03-07T14:34:00+00:00\",\"dateModified\":\"2024-12-10T18:00:14+00:00\",\"mainEntityOfPage\":{\"@id\":\"https:\\\/\\\/sud.svmep.ch\\\/svmep\\\/lepcl-une-ecole-a-la-derive\\\/\"},\"wordCount\":319,\"publisher\":{\"@id\":\"https:\\\/\\\/sud.svmep.ch\\\/svmep\\\/#organization\"},\"image\":{\"@id\":\"https:\\\/\\\/sud.svmep.ch\\\/svmep\\\/lepcl-une-ecole-a-la-derive\\\/#primaryimage\"},\"thumbnailUrl\":\"https:\\\/\\\/sud.svmep.ch\\\/svmep\\\/wp-content\\\/uploads\\\/2005\\\/09\\\/jpg_logo2.jpg\",\"keywords\":[\"enseignement\",\"epcl\"],\"articleSection\":[\"\u00c9coles en situation de crise\",\"Gazette SVMEP\"],\"inLanguage\":\"fr-FR\"},{\"@type\":\"WebPage\",\"@id\":\"https:\\\/\\\/sud.svmep.ch\\\/svmep\\\/lepcl-une-ecole-a-la-derive\\\/\",\"url\":\"https:\\\/\\\/sud.svmep.ch\\\/svmep\\\/lepcl-une-ecole-a-la-derive\\\/\",\"name\":\"L'EPCL, une \u00e9cole \u00e0 la d\u00e9rive - svmep.ch\",\"isPartOf\":{\"@id\":\"https:\\\/\\\/sud.svmep.ch\\\/svmep\\\/#website\"},\"primaryImageOfPage\":{\"@id\":\"https:\\\/\\\/sud.svmep.ch\\\/svmep\\\/lepcl-une-ecole-a-la-derive\\\/#primaryimage\"},\"image\":{\"@id\":\"https:\\\/\\\/sud.svmep.ch\\\/svmep\\\/lepcl-une-ecole-a-la-derive\\\/#primaryimage\"},\"thumbnailUrl\":\"https:\\\/\\\/sud.svmep.ch\\\/svmep\\\/wp-content\\\/uploads\\\/2005\\\/09\\\/jpg_logo2.jpg\",\"datePublished\":\"2024-03-07T14:34:00+00:00\",\"dateModified\":\"2024-12-10T18:00:14+00:00\",\"breadcrumb\":{\"@id\":\"https:\\\/\\\/sud.svmep.ch\\\/svmep\\\/lepcl-une-ecole-a-la-derive\\\/#breadcrumb\"},\"inLanguage\":\"fr-FR\",\"potentialAction\":[{\"@type\":\"ReadAction\",\"target\":[\"https:\\\/\\\/sud.svmep.ch\\\/svmep\\\/lepcl-une-ecole-a-la-derive\\\/\"]}]},{\"@type\":\"ImageObject\",\"inLanguage\":\"fr-FR\",\"@id\":\"https:\\\/\\\/sud.svmep.ch\\\/svmep\\\/lepcl-une-ecole-a-la-derive\\\/#primaryimage\",\"url\":\"https:\\\/\\\/sud.svmep.ch\\\/svmep\\\/wp-content\\\/uploads\\\/2005\\\/09\\\/jpg_logo2.jpg\",\"contentUrl\":\"https:\\\/\\\/sud.svmep.ch\\\/svmep\\\/wp-content\\\/uploads\\\/2005\\\/09\\\/jpg_logo2.jpg\",\"width\":100,\"height\":100},{\"@type\":\"BreadcrumbList\",\"@id\":\"https:\\\/\\\/sud.svmep.ch\\\/svmep\\\/lepcl-une-ecole-a-la-derive\\\/#breadcrumb\",\"itemListElement\":[{\"@type\":\"ListItem\",\"position\":1,\"name\":\"Accueil\",\"item\":\"https:\\\/\\\/sud.svmep.ch\\\/svmep\\\/\"},{\"@type\":\"ListItem\",\"position\":2,\"name\":\"Gazette SVMEP\",\"item\":\"https:\\\/\\\/sud.svmep.ch\\\/svmep\\\/category\\\/gazette-svmep\\\/\"},{\"@type\":\"ListItem\",\"position\":3,\"name\":\"L&rsquo;EPCL, une \u00e9cole \u00e0 la d\u00e9rive\"}]},{\"@type\":\"WebSite\",\"@id\":\"https:\\\/\\\/sud.svmep.ch\\\/svmep\\\/#website\",\"url\":\"https:\\\/\\\/sud.svmep.ch\\\/svmep\\\/\",\"name\":\"Syndicat vaudois des ma\u00eetres.ses de l'enseignement professionnel\",\"description\":\"\",\"publisher\":{\"@id\":\"https:\\\/\\\/sud.svmep.ch\\\/svmep\\\/#organization\"},\"alternateName\":\"SVMEP\",\"potentialAction\":[{\"@type\":\"SearchAction\",\"target\":{\"@type\":\"EntryPoint\",\"urlTemplate\":\"https:\\\/\\\/sud.svmep.ch\\\/svmep\\\/?s={search_term_string}\"},\"query-input\":{\"@type\":\"PropertyValueSpecification\",\"valueRequired\":true,\"valueName\":\"search_term_string\"}}],\"inLanguage\":\"fr-FR\"},{\"@type\":\"Organization\",\"@id\":\"https:\\\/\\\/sud.svmep.ch\\\/svmep\\\/#organization\",\"name\":\"Syndicat vaudois des ma\u00eetres.ses de l'enseignement professionnel SVMEP\",\"alternateName\":\"SVMEP\",\"url\":\"https:\\\/\\\/sud.svmep.ch\\\/svmep\\\/\",\"logo\":{\"@type\":\"ImageObject\",\"inLanguage\":\"fr-FR\",\"@id\":\"https:\\\/\\\/sud.svmep.ch\\\/svmep\\\/#\\\/schema\\\/logo\\\/image\\\/\",\"url\":\"https:\\\/\\\/sud.svmep.ch\\\/svmep\\\/wp-content\\\/uploads\\\/2024\\\/09\\\/svmep150x260.jpg\",\"contentUrl\":\"https:\\\/\\\/sud.svmep.ch\\\/svmep\\\/wp-content\\\/uploads\\\/2024\\\/09\\\/svmep150x260.jpg\",\"width\":226,\"height\":127,\"caption\":\"Syndicat vaudois des ma\u00eetres.ses de l'enseignement professionnel SVMEP\"},\"image\":{\"@id\":\"https:\\\/\\\/sud.svmep.ch\\\/svmep\\\/#\\\/schema\\\/logo\\\/image\\\/\"}},{\"@type\":\"Person\",\"@id\":\"https:\\\/\\\/sud.svmep.ch\\\/svmep\\\/#\\\/schema\\\/person\\\/c89c46f48a039b5e5bc4a8eeeab1aece\",\"name\":\"svmep-webmaster\",\"image\":{\"@type\":\"ImageObject\",\"inLanguage\":\"fr-FR\",\"@id\":\"https:\\\/\\\/secure.gravatar.com\\\/avatar\\\/75b5925b5ca4f3df48f6bb05f81ad13dab8238efffb28bf26c5f1682dff96ea6?s=96&d=mm&r=g\",\"url\":\"https:\\\/\\\/secure.gravatar.com\\\/avatar\\\/75b5925b5ca4f3df48f6bb05f81ad13dab8238efffb28bf26c5f1682dff96ea6?s=96&d=mm&r=g\",\"contentUrl\":\"https:\\\/\\\/secure.gravatar.com\\\/avatar\\\/75b5925b5ca4f3df48f6bb05f81ad13dab8238efffb28bf26c5f1682dff96ea6?s=96&d=mm&r=g\",\"caption\":\"svmep-webmaster\"}}]}<\/script>\n<!-- \/ Yoast SEO plugin. -->","yoast_head_json":{"title":"L'EPCL, une \u00e9cole \u00e0 la d\u00e9rive - svmep.ch","robots":{"index":"index","follow":"follow","max-snippet":"max-snippet:-1","max-image-preview":"max-image-preview:large","max-video-preview":"max-video-preview:-1"},"canonical":"https:\/\/sud.svmep.ch\/svmep\/lepcl-une-ecole-a-la-derive\/","og_locale":"fr_FR","og_type":"article","og_title":"L'EPCL, une \u00e9cole \u00e0 la d\u00e9rive - svmep.ch","og_description":"7 mars 2024 Les nombreux t\u00e9moignages d\u2019enseignant.e.s ainsi que la multiplication des arr\u00eats de travail ont alert\u00e9 notre syndicat sur une augmentation sensible des facteurs de risques psycho-sociaux pour le [&hellip;]","og_url":"https:\/\/sud.svmep.ch\/svmep\/lepcl-une-ecole-a-la-derive\/","og_site_name":"svmep.ch","article_published_time":"2024-03-07T14:34:00+00:00","article_modified_time":"2024-12-10T18:00:14+00:00","og_image":[{"width":100,"height":100,"url":"https:\/\/sud.svmep.ch\/svmep\/wp-content\/uploads\/2005\/09\/jpg_logo2.jpg","type":"image\/jpeg"}],"author":"svmep-webmaster","twitter_card":"summary_large_image","schema":{"@context":"https:\/\/schema.org","@graph":[{"@type":"Article","@id":"https:\/\/sud.svmep.ch\/svmep\/lepcl-une-ecole-a-la-derive\/#article","isPartOf":{"@id":"https:\/\/sud.svmep.ch\/svmep\/lepcl-une-ecole-a-la-derive\/"},"author":{"name":"svmep-webmaster","@id":"https:\/\/sud.svmep.ch\/svmep\/#\/schema\/person\/c89c46f48a039b5e5bc4a8eeeab1aece"},"headline":"L&rsquo;EPCL, une \u00e9cole \u00e0 la d\u00e9rive","datePublished":"2024-03-07T14:34:00+00:00","dateModified":"2024-12-10T18:00:14+00:00","mainEntityOfPage":{"@id":"https:\/\/sud.svmep.ch\/svmep\/lepcl-une-ecole-a-la-derive\/"},"wordCount":319,"publisher":{"@id":"https:\/\/sud.svmep.ch\/svmep\/#organization"},"image":{"@id":"https:\/\/sud.svmep.ch\/svmep\/lepcl-une-ecole-a-la-derive\/#primaryimage"},"thumbnailUrl":"https:\/\/sud.svmep.ch\/svmep\/wp-content\/uploads\/2005\/09\/jpg_logo2.jpg","keywords":["enseignement","epcl"],"articleSection":["\u00c9coles en situation de crise","Gazette SVMEP"],"inLanguage":"fr-FR"},{"@type":"WebPage","@id":"https:\/\/sud.svmep.ch\/svmep\/lepcl-une-ecole-a-la-derive\/","url":"https:\/\/sud.svmep.ch\/svmep\/lepcl-une-ecole-a-la-derive\/","name":"L'EPCL, une \u00e9cole \u00e0 la d\u00e9rive - svmep.ch","isPartOf":{"@id":"https:\/\/sud.svmep.ch\/svmep\/#website"},"primaryImageOfPage":{"@id":"https:\/\/sud.svmep.ch\/svmep\/lepcl-une-ecole-a-la-derive\/#primaryimage"},"image":{"@id":"https:\/\/sud.svmep.ch\/svmep\/lepcl-une-ecole-a-la-derive\/#primaryimage"},"thumbnailUrl":"https:\/\/sud.svmep.ch\/svmep\/wp-content\/uploads\/2005\/09\/jpg_logo2.jpg","datePublished":"2024-03-07T14:34:00+00:00","dateModified":"2024-12-10T18:00:14+00:00","breadcrumb":{"@id":"https:\/\/sud.svmep.ch\/svmep\/lepcl-une-ecole-a-la-derive\/#breadcrumb"},"inLanguage":"fr-FR","potentialAction":[{"@type":"ReadAction","target":["https:\/\/sud.svmep.ch\/svmep\/lepcl-une-ecole-a-la-derive\/"]}]},{"@type":"ImageObject","inLanguage":"fr-FR","@id":"https:\/\/sud.svmep.ch\/svmep\/lepcl-une-ecole-a-la-derive\/#primaryimage","url":"https:\/\/sud.svmep.ch\/svmep\/wp-content\/uploads\/2005\/09\/jpg_logo2.jpg","contentUrl":"https:\/\/sud.svmep.ch\/svmep\/wp-content\/uploads\/2005\/09\/jpg_logo2.jpg","width":100,"height":100},{"@type":"BreadcrumbList","@id":"https:\/\/sud.svmep.ch\/svmep\/lepcl-une-ecole-a-la-derive\/#breadcrumb","itemListElement":[{"@type":"ListItem","position":1,"name":"Accueil","item":"https:\/\/sud.svmep.ch\/svmep\/"},{"@type":"ListItem","position":2,"name":"Gazette SVMEP","item":"https:\/\/sud.svmep.ch\/svmep\/category\/gazette-svmep\/"},{"@type":"ListItem","position":3,"name":"L&rsquo;EPCL, une \u00e9cole \u00e0 la d\u00e9rive"}]},{"@type":"WebSite","@id":"https:\/\/sud.svmep.ch\/svmep\/#website","url":"https:\/\/sud.svmep.ch\/svmep\/","name":"Syndicat vaudois des ma\u00eetres.ses de l'enseignement professionnel","description":"","publisher":{"@id":"https:\/\/sud.svmep.ch\/svmep\/#organization"},"alternateName":"SVMEP","potentialAction":[{"@type":"SearchAction","target":{"@type":"EntryPoint","urlTemplate":"https:\/\/sud.svmep.ch\/svmep\/?s={search_term_string}"},"query-input":{"@type":"PropertyValueSpecification","valueRequired":true,"valueName":"search_term_string"}}],"inLanguage":"fr-FR"},{"@type":"Organization","@id":"https:\/\/sud.svmep.ch\/svmep\/#organization","name":"Syndicat vaudois des ma\u00eetres.ses de l'enseignement professionnel SVMEP","alternateName":"SVMEP","url":"https:\/\/sud.svmep.ch\/svmep\/","logo":{"@type":"ImageObject","inLanguage":"fr-FR","@id":"https:\/\/sud.svmep.ch\/svmep\/#\/schema\/logo\/image\/","url":"https:\/\/sud.svmep.ch\/svmep\/wp-content\/uploads\/2024\/09\/svmep150x260.jpg","contentUrl":"https:\/\/sud.svmep.ch\/svmep\/wp-content\/uploads\/2024\/09\/svmep150x260.jpg","width":226,"height":127,"caption":"Syndicat vaudois des ma\u00eetres.ses de l'enseignement professionnel SVMEP"},"image":{"@id":"https:\/\/sud.svmep.ch\/svmep\/#\/schema\/logo\/image\/"}},{"@type":"Person","@id":"https:\/\/sud.svmep.ch\/svmep\/#\/schema\/person\/c89c46f48a039b5e5bc4a8eeeab1aece","name":"svmep-webmaster","image":{"@type":"ImageObject","inLanguage":"fr-FR","@id":"https:\/\/secure.gravatar.com\/avatar\/75b5925b5ca4f3df48f6bb05f81ad13dab8238efffb28bf26c5f1682dff96ea6?s=96&d=mm&r=g","url":"https:\/\/secure.gravatar.com\/avatar\/75b5925b5ca4f3df48f6bb05f81ad13dab8238efffb28bf26c5f1682dff96ea6?s=96&d=mm&r=g","contentUrl":"https:\/\/secure.gravatar.com\/avatar\/75b5925b5ca4f3df48f6bb05f81ad13dab8238efffb28bf26c5f1682dff96ea6?s=96&d=mm&r=g","caption":"svmep-webmaster"}}]}},"_links":{"self":[{"href":"https:\/\/sud.svmep.ch\/svmep\/wp-json\/wp\/v2\/posts\/998","targetHints":{"allow":["GET"]}}],"collection":[{"href":"https:\/\/sud.svmep.ch\/svmep\/wp-json\/wp\/v2\/posts"}],"about":[{"href":"https:\/\/sud.svmep.ch\/svmep\/wp-json\/wp\/v2\/types\/post"}],"author":[{"embeddable":true,"href":"https:\/\/sud.svmep.ch\/svmep\/wp-json\/wp\/v2\/users\/4"}],"replies":[{"embeddable":true,"href":"https:\/\/sud.svmep.ch\/svmep\/wp-json\/wp\/v2\/comments?post=998"}],"version-history":[{"count":0,"href":"https:\/\/sud.svmep.ch\/svmep\/wp-json\/wp\/v2\/posts\/998\/revisions"}],"wp:featuredmedia":[{"embeddable":true,"href":"https:\/\/sud.svmep.ch\/svmep\/wp-json\/wp\/v2\/media\/354"}],"wp:attachment":[{"href":"https:\/\/sud.svmep.ch\/svmep\/wp-json\/wp\/v2\/media?parent=998"}],"wp:term":[{"taxonomy":"category","embeddable":true,"href":"https:\/\/sud.svmep.ch\/svmep\/wp-json\/wp\/v2\/categories?post=998"},{"taxonomy":"post_tag","embeddable":true,"href":"https:\/\/sud.svmep.ch\/svmep\/wp-json\/wp\/v2\/tags?post=998"}],"curies":[{"name":"wp","href":"https:\/\/api.w.org\/{rel}","templated":true}]}}